{"id":8889,"date":"2017-02-02T15:01:56","date_gmt":"2017-02-02T15:01:56","guid":{"rendered":"https:\/\/networks.imdea.org\/jose-maria-lasalle-secretario-de-estado-para-la-sociedad-de-la-informacion-y-la-agenda-digital-visita-5tonic\/"},"modified":"2020-10-21T13:13:14","modified_gmt":"2020-10-21T11:13:14","slug":"jose-maria-lasalle-secretario-de-estado-para-la-sociedad-de-la-informacion-y-la-agenda-digital-visita-5tonic","status":"publish","type":"post","link":"https:\/\/networks.imdea.org\/es\/jose-maria-lasalle-secretario-de-estado-para-la-sociedad-de-la-informacion-y-la-agenda-digital-visita-5tonic\/","title":{"rendered":"Jos\u00e9 Mar\u00eda Lasalle, secretario de Estado para la Sociedad de la Informaci\u00f3n y la Agenda Digital, visita 5TONIC"},"content":{"rendered":"<p><\/p>\n<p>Don Jos&eacute; Mar&iacute;a Lasalle, secretario de Estado para la Sociedad de la Informaci&oacute;n y la Agenda Digital, visit&oacute; recientemente el laboratorio de investigaci&oacute;n e innovaci&oacute;n abierta <a href=\"https:\/\/www.5tonic.org\/\" target=\"_blank\" rel=\"noopener noreferrer\">5TONIC<\/a>, en la sede del <a href=\"http:\/\/www.networks.imdea.org\/es\/\">Instituto IMDEA Networks<\/a>, un centro puntero de investigaci&oacute;n en redes que sit&uacute;a a Madrid como regi&oacute;n europea l&iacute;der en el desarrollo de futuras tecnolog&iacute;as de red.<\/p>\n<hr \/>\n<p>Durante esta primera visita del responsable de la pol&iacute;tica estatal para el sector de tecnolog&iacute;as de la informaci&oacute;n y la comunicaci&oacute;n (TIC) se realiz&oacute; una presentaci&oacute;n del programa cient&iacute;fico de 5TONIC. Lanzado en 2015 conjuntamente por <a href=\"http:\/\/www.tid.es\/\" target=\"_blank\" rel=\"noopener noreferrer\">Telef&oacute;nica I+D<\/a> e IMDEA Networks, esta iniciativa est&aacute; desplegando una plataforma experimental a gran escala para evaluar las prestaciones de las redes 5G, la cual puede situar a Madrid y su industria a la vanguardia de una tecnolog&iacute;a de gran impacto.&nbsp; El laboratorio ya cuenta con 8 miembros de los sectores industrial y acad&eacute;mico y espera la adhesi&oacute;n de otros en los pr&oacute;ximos meses.<\/p>\n<p><img decoding=\"async\" alt=\"\" src=\"http:\/\/www.networks.imdea.org\/wp-content\/uploads\/2020\/10\/visit_secretary_state_lasalle_5tonic_2017_01_17_group_web.png\" style=\"height:365px; width:700px\" \/><\/p>\n<p>A Jos&eacute; Mar&iacute;a Lasalle le acompa&ntilde;aron altos representantes de las empresas miembros de 5TONIC, incluyendo el Presidente Ejecutivo de Telef&oacute;nica, D. David del Val, directivos de Ericsson, Commscope e Intel, representantes de la Universidad Carlos III de Madrid, y el comit&eacute; ejecutivo de IMDEA Networks.<\/p>\n<p>Particular atenci&oacute;n se prest&oacute; durante esta visita a la presentaci&oacute;n de varias &ldquo;demos&rdquo; t&eacute;cnicas representativas de los avances realizados por los ocho grupos de investigaci&oacute;n en los que actualmente se estructura el equipo cient&iacute;fico de IMDEA Networks. Con estas demonstraciones did&aacute;cticas a modo de experimentos en directo, investigadores de distintas nacionalidades y perfiles explicaron a los visitantes los objetivos de su trabajo y los resultados obtenidos hasta la fecha, adem&aacute;s de las aplicaciones de dichos avances en el mundo real: desde acciones de rescate en escenarios de desastre, la transmisi&oacute;n mejorada de contenidos audiovisuales, el aprovechamiento optimizado de un recurso escaso como es el espectro de radio, la reducci&oacute;n del consumo energ&eacute;tico, los beneficios de la computaci&oacute;n en la nube y de la computaci&oacute;n distribuida, hasta el an&aacute;lisis de las redes sociales con aplicaciones en marketing o sociolog&iacute;a.<\/p>\n<p><\/p>","protected":false},"excerpt":{"rendered":"","protected":false},"author":1,"featured_media":0,"comment_status":"open","ping_status":"open","sticky":false,"template":"","format":"standard","meta":{"_acf_changed":false,"footnotes":""},"categories":[1],"tags":[469,464],"class_list":["post-8889","post","type-post","status-publish","format-standard","hentry","category-sin-categoria","tag-5tonic","tag-imdea-networks"],"acf":[],"yoast_head":"<!-- This site is optimized with the Yoast SEO plugin v27.4 - https:\/\/yoast.com\/product\/yoast-seo-wordpress\/ -->\n<title>Jos\u00e9 Mar\u00eda Lasalle, secretario de Estado para la Sociedad de la Informaci\u00f3n y la Agenda Digital, visita 5TONIC - IMDEA Networks<\/title>\n<meta name=\"robots\" content=\"index, follow, max-snippet:-1, max-image-preview:large, max-video-preview:-1\" \/>\n<link rel=\"canonical\" href=\"https:\/\/networks.imdea.org\/es\/jose-maria-lasalle-secretario-de-estado-para-la-sociedad-de-la-informacion-y-la-agenda-digital-visita-5tonic\/\" \/>\n<meta property=\"og:locale\" content=\"es_ES\" \/>\n<meta property=\"og:type\" content=\"article\" \/>\n<meta property=\"og:title\" content=\"Jos\u00e9 Mar\u00eda Lasalle, secretario de Estado para la Sociedad de la Informaci\u00f3n y la Agenda Digital, visita 5TONIC - IMDEA Networks\" \/>\n<meta property=\"og:url\" content=\"https:\/\/networks.imdea.org\/es\/jose-maria-lasalle-secretario-de-estado-para-la-sociedad-de-la-informacion-y-la-agenda-digital-visita-5tonic\/\" \/>\n<meta property=\"og:site_name\" content=\"IMDEA Networks\" \/>\n<meta property=\"article:published_time\" content=\"2017-02-02T15:01:56+00:00\" \/>\n<meta property=\"article:modified_time\" content=\"2020-10-21T11:13:14+00:00\" \/>\n<meta property=\"og:image\" content=\"http:\/\/www.networks.imdea.org\/wp-content\/uploads\/2020\/10\/visit_secretary_state_lasalle_5tonic_2017_01_17_group_web.png\" \/>\n<meta name=\"author\" content=\"in_admin\" \/>\n<meta name=\"twitter:card\" content=\"summary_large_image\" \/>\n<meta name=\"twitter:label1\" content=\"Escrito por\" \/>\n\t<meta name=\"twitter:data1\" content=\"in_admin\" \/>\n\t<meta name=\"twitter:label2\" content=\"Tiempo de lectura\" \/>\n\t<meta name=\"twitter:data2\" content=\"4 minutos\" \/>\n<script type=\"application\/ld+json\" class=\"yoast-schema-graph\">{\"@context\":\"https:\\\/\\\/schema.org\",\"@graph\":[{\"@type\":\"Article\",\"@id\":\"https:\\\/\\\/networks.imdea.org\\\/es\\\/jose-maria-lasalle-secretario-de-estado-para-la-sociedad-de-la-informacion-y-la-agenda-digital-visita-5tonic\\\/#article\",\"isPartOf\":{\"@id\":\"https:\\\/\\\/networks.imdea.org\\\/es\\\/jose-maria-lasalle-secretario-de-estado-para-la-sociedad-de-la-informacion-y-la-agenda-digital-visita-5tonic\\\/\"},\"author\":{\"name\":\"in_admin\",\"@id\":\"https:\\\/\\\/networks.imdea.org\\\/#\\\/schema\\\/person\\\/f70fb6a680a52d2833b7db1bf8bbad67\"},\"headline\":\"Jos\u00e9 Mar\u00eda Lasalle, secretario de Estado para la Sociedad de la Informaci\u00f3n y la Agenda Digital, visita 5TONIC\",\"datePublished\":\"2017-02-02T15:01:56+00:00\",\"dateModified\":\"2020-10-21T11:13:14+00:00\",\"mainEntityOfPage\":{\"@id\":\"https:\\\/\\\/networks.imdea.org\\\/es\\\/jose-maria-lasalle-secretario-de-estado-para-la-sociedad-de-la-informacion-y-la-agenda-digital-visita-5tonic\\\/\"},\"wordCount\":782,\"commentCount\":0,\"image\":{\"@id\":\"https:\\\/\\\/networks.imdea.org\\\/es\\\/jose-maria-lasalle-secretario-de-estado-para-la-sociedad-de-la-informacion-y-la-agenda-digital-visita-5tonic\\\/#primaryimage\"},\"thumbnailUrl\":\"http:\\\/\\\/www.networks.imdea.org\\\/wp-content\\\/uploads\\\/2020\\\/10\\\/visit_secretary_state_lasalle_5tonic_2017_01_17_group_web.png\",\"keywords\":[\"5TONIC\",\"IMDEA Networks\"],\"articleSection\":[\"Noticias\"],\"inLanguage\":\"es\",\"potentialAction\":[{\"@type\":\"CommentAction\",\"name\":\"Comment\",\"target\":[\"https:\\\/\\\/networks.imdea.org\\\/es\\\/jose-maria-lasalle-secretario-de-estado-para-la-sociedad-de-la-informacion-y-la-agenda-digital-visita-5tonic\\\/#respond\"]}]},{\"@type\":\"WebPage\",\"@id\":\"https:\\\/\\\/networks.imdea.org\\\/es\\\/jose-maria-lasalle-secretario-de-estado-para-la-sociedad-de-la-informacion-y-la-agenda-digital-visita-5tonic\\\/\",\"url\":\"https:\\\/\\\/networks.imdea.org\\\/es\\\/jose-maria-lasalle-secretario-de-estado-para-la-sociedad-de-la-informacion-y-la-agenda-digital-visita-5tonic\\\/\",\"name\":\"Jos\u00e9 Mar\u00eda Lasalle, secretario de Estado para la Sociedad de la Informaci\u00f3n y la Agenda Digital, visita 5TONIC - IMDEA Networks\",\"isPartOf\":{\"@id\":\"https:\\\/\\\/networks.imdea.org\\\/es\\\/#website\"},\"primaryImageOfPage\":{\"@id\":\"https:\\\/\\\/networks.imdea.org\\\/es\\\/jose-maria-lasalle-secretario-de-estado-para-la-sociedad-de-la-informacion-y-la-agenda-digital-visita-5tonic\\\/#primaryimage\"},\"image\":{\"@id\":\"https:\\\/\\\/networks.imdea.org\\\/es\\\/jose-maria-lasalle-secretario-de-estado-para-la-sociedad-de-la-informacion-y-la-agenda-digital-visita-5tonic\\\/#primaryimage\"},\"thumbnailUrl\":\"http:\\\/\\\/www.networks.imdea.org\\\/wp-content\\\/uploads\\\/2020\\\/10\\\/visit_secretary_state_lasalle_5tonic_2017_01_17_group_web.png\",\"datePublished\":\"2017-02-02T15:01:56+00:00\",\"dateModified\":\"2020-10-21T11:13:14+00:00\",\"author\":{\"@id\":\"https:\\\/\\\/networks.imdea.org\\\/#\\\/schema\\\/person\\\/f70fb6a680a52d2833b7db1bf8bbad67\"},\"breadcrumb\":{\"@id\":\"https:\\\/\\\/networks.imdea.org\\\/es\\\/jose-maria-lasalle-secretario-de-estado-para-la-sociedad-de-la-informacion-y-la-agenda-digital-visita-5tonic\\\/#breadcrumb\"},\"inLanguage\":\"es\",\"potentialAction\":[{\"@type\":\"ReadAction\",\"target\":[[\"https:\\\/\\\/networks.imdea.org\\\/es\\\/jose-maria-lasalle-secretario-de-estado-para-la-sociedad-de-la-informacion-y-la-agenda-digital-visita-5tonic\\\/\"]]}]},{\"@type\":\"ImageObject\",\"inLanguage\":\"es\",\"@id\":\"https:\\\/\\\/networks.imdea.org\\\/es\\\/jose-maria-lasalle-secretario-de-estado-para-la-sociedad-de-la-informacion-y-la-agenda-digital-visita-5tonic\\\/#primaryimage\",\"url\":\"http:\\\/\\\/www.networks.imdea.org\\\/wp-content\\\/uploads\\\/2020\\\/10\\\/visit_secretary_state_lasalle_5tonic_2017_01_17_group_web.png\",\"contentUrl\":\"http:\\\/\\\/www.networks.imdea.org\\\/wp-content\\\/uploads\\\/2020\\\/10\\\/visit_secretary_state_lasalle_5tonic_2017_01_17_group_web.png\"},{\"@type\":\"BreadcrumbList\",\"@id\":\"https:\\\/\\\/networks.imdea.org\\\/es\\\/jose-maria-lasalle-secretario-de-estado-para-la-sociedad-de-la-informacion-y-la-agenda-digital-visita-5tonic\\\/#breadcrumb\",\"itemListElement\":[{\"@type\":\"ListItem\",\"position\":1,\"name\":\"Home\",\"item\":\"https:\\\/\\\/networks.imdea.org\\\/es\\\/\"},{\"@type\":\"ListItem\",\"position\":2,\"name\":\"Jos\u00e9 Mar\u00eda Lasalle, secretario de Estado para la Sociedad de la Informaci\u00f3n y la Agenda Digital, visita 5TONIC\"}]},{\"@type\":\"WebSite\",\"@id\":\"https:\\\/\\\/networks.imdea.org\\\/es\\\/#website\",\"url\":\"https:\\\/\\\/networks.imdea.org\\\/es\\\/\",\"name\":\"IMDEA Networks\",\"description\":\"IMDEA Networks Multisite\",\"potentialAction\":[{\"@type\":\"SearchAction\",\"target\":{\"@type\":\"EntryPoint\",\"urlTemplate\":\"https:\\\/\\\/networks.imdea.org\\\/es\\\/?s={search_term_string}\"},\"query-input\":{\"@type\":\"PropertyValueSpecification\",\"valueRequired\":true,\"valueName\":\"search_term_string\"}}],\"inLanguage\":\"es\"},{\"@type\":\"Person\",\"@id\":\"https:\\\/\\\/networks.imdea.org\\\/#\\\/schema\\\/person\\\/f70fb6a680a52d2833b7db1bf8bbad67\",\"name\":\"in_admin\",\"image\":{\"@type\":\"ImageObject\",\"inLanguage\":\"es\",\"@id\":\"https:\\\/\\\/secure.gravatar.com\\\/avatar\\\/4fd5849709f4f0a3c17a6da181c537d91bc0fce2505fb75c0293ba6963162590?s=96&d=mm&r=g\",\"url\":\"https:\\\/\\\/secure.gravatar.com\\\/avatar\\\/4fd5849709f4f0a3c17a6da181c537d91bc0fce2505fb75c0293ba6963162590?s=96&d=mm&r=g\",\"contentUrl\":\"https:\\\/\\\/secure.gravatar.com\\\/avatar\\\/4fd5849709f4f0a3c17a6da181c537d91bc0fce2505fb75c0293ba6963162590?s=96&d=mm&r=g\",\"caption\":\"in_admin\"},\"url\":\"https:\\\/\\\/networks.imdea.org\\\/es\\\/author\\\/in_admin\\\/\"}]}<\/script>\n<!-- \/ Yoast SEO plugin. -->","yoast_head_json":{"title":"Jos\u00e9 Mar\u00eda Lasalle, secretario de Estado para la Sociedad de la Informaci\u00f3n y la Agenda Digital, visita 5TONIC - IMDEA Networks","robots":{"index":"index","follow":"follow","max-snippet":"max-snippet:-1","max-image-preview":"max-image-preview:large","max-video-preview":"max-video-preview:-1"},"canonical":"https:\/\/networks.imdea.org\/es\/jose-maria-lasalle-secretario-de-estado-para-la-sociedad-de-la-informacion-y-la-agenda-digital-visita-5tonic\/","og_locale":"es_ES","og_type":"article","og_title":"Jos\u00e9 Mar\u00eda Lasalle, secretario de Estado para la Sociedad de la Informaci\u00f3n y la Agenda Digital, visita 5TONIC - IMDEA Networks","og_url":"https:\/\/networks.imdea.org\/es\/jose-maria-lasalle-secretario-de-estado-para-la-sociedad-de-la-informacion-y-la-agenda-digital-visita-5tonic\/","og_site_name":"IMDEA Networks","article_published_time":"2017-02-02T15:01:56+00:00","article_modified_time":"2020-10-21T11:13:14+00:00","og_image":[{"url":"http:\/\/www.networks.imdea.org\/wp-content\/uploads\/2020\/10\/visit_secretary_state_lasalle_5tonic_2017_01_17_group_web.png","type":"","width":"","height":""}],"author":"in_admin","twitter_card":"summary_large_image","twitter_misc":{"Escrito por":"in_admin","Tiempo de lectura":"4 minutos"},"schema":{"@context":"https:\/\/schema.org","@graph":[{"@type":"Article","@id":"https:\/\/networks.imdea.org\/es\/jose-maria-lasalle-secretario-de-estado-para-la-sociedad-de-la-informacion-y-la-agenda-digital-visita-5tonic\/#article","isPartOf":{"@id":"https:\/\/networks.imdea.org\/es\/jose-maria-lasalle-secretario-de-estado-para-la-sociedad-de-la-informacion-y-la-agenda-digital-visita-5tonic\/"},"author":{"name":"in_admin","@id":"https:\/\/networks.imdea.org\/#\/schema\/person\/f70fb6a680a52d2833b7db1bf8bbad67"},"headline":"Jos\u00e9 Mar\u00eda Lasalle, secretario de Estado para la Sociedad de la Informaci\u00f3n y la Agenda Digital, visita 5TONIC","datePublished":"2017-02-02T15:01:56+00:00","dateModified":"2020-10-21T11:13:14+00:00","mainEntityOfPage":{"@id":"https:\/\/networks.imdea.org\/es\/jose-maria-lasalle-secretario-de-estado-para-la-sociedad-de-la-informacion-y-la-agenda-digital-visita-5tonic\/"},"wordCount":782,"commentCount":0,"image":{"@id":"https:\/\/networks.imdea.org\/es\/jose-maria-lasalle-secretario-de-estado-para-la-sociedad-de-la-informacion-y-la-agenda-digital-visita-5tonic\/#primaryimage"},"thumbnailUrl":"http:\/\/www.networks.imdea.org\/wp-content\/uploads\/2020\/10\/visit_secretary_state_lasalle_5tonic_2017_01_17_group_web.png","keywords":["5TONIC","IMDEA Networks"],"articleSection":["Noticias"],"inLanguage":"es","potentialAction":[{"@type":"CommentAction","name":"Comment","target":["https:\/\/networks.imdea.org\/es\/jose-maria-lasalle-secretario-de-estado-para-la-sociedad-de-la-informacion-y-la-agenda-digital-visita-5tonic\/#respond"]}]},{"@type":"WebPage","@id":"https:\/\/networks.imdea.org\/es\/jose-maria-lasalle-secretario-de-estado-para-la-sociedad-de-la-informacion-y-la-agenda-digital-visita-5tonic\/","url":"https:\/\/networks.imdea.org\/es\/jose-maria-lasalle-secretario-de-estado-para-la-sociedad-de-la-informacion-y-la-agenda-digital-visita-5tonic\/","name":"Jos\u00e9 Mar\u00eda Lasalle, secretario de Estado para la Sociedad de la Informaci\u00f3n y la Agenda Digital, visita 5TONIC - IMDEA Networks","isPartOf":{"@id":"https:\/\/networks.imdea.org\/es\/#website"},"primaryImageOfPage":{"@id":"https:\/\/networks.imdea.org\/es\/jose-maria-lasalle-secretario-de-estado-para-la-sociedad-de-la-informacion-y-la-agenda-digital-visita-5tonic\/#primaryimage"},"image":{"@id":"https:\/\/networks.imdea.org\/es\/jose-maria-lasalle-secretario-de-estado-para-la-sociedad-de-la-informacion-y-la-agenda-digital-visita-5tonic\/#primaryimage"},"thumbnailUrl":"http:\/\/www.networks.imdea.org\/wp-content\/uploads\/2020\/10\/visit_secretary_state_lasalle_5tonic_2017_01_17_group_web.png","datePublished":"2017-02-02T15:01:56+00:00","dateModified":"2020-10-21T11:13:14+00:00","author":{"@id":"https:\/\/networks.imdea.org\/#\/schema\/person\/f70fb6a680a52d2833b7db1bf8bbad67"},"breadcrumb":{"@id":"https:\/\/networks.imdea.org\/es\/jose-maria-lasalle-secretario-de-estado-para-la-sociedad-de-la-informacion-y-la-agenda-digital-visita-5tonic\/#breadcrumb"},"inLanguage":"es","potentialAction":[{"@type":"ReadAction","target":[["https:\/\/networks.imdea.org\/es\/jose-maria-lasalle-secretario-de-estado-para-la-sociedad-de-la-informacion-y-la-agenda-digital-visita-5tonic\/"]]}]},{"@type":"ImageObject","inLanguage":"es","@id":"https:\/\/networks.imdea.org\/es\/jose-maria-lasalle-secretario-de-estado-para-la-sociedad-de-la-informacion-y-la-agenda-digital-visita-5tonic\/#primaryimage","url":"http:\/\/www.networks.imdea.org\/wp-content\/uploads\/2020\/10\/visit_secretary_state_lasalle_5tonic_2017_01_17_group_web.png","contentUrl":"http:\/\/www.networks.imdea.org\/wp-content\/uploads\/2020\/10\/visit_secretary_state_lasalle_5tonic_2017_01_17_group_web.png"},{"@type":"BreadcrumbList","@id":"https:\/\/networks.imdea.org\/es\/jose-maria-lasalle-secretario-de-estado-para-la-sociedad-de-la-informacion-y-la-agenda-digital-visita-5tonic\/#breadcrumb","itemListElement":[{"@type":"ListItem","position":1,"name":"Home","item":"https:\/\/networks.imdea.org\/es\/"},{"@type":"ListItem","position":2,"name":"Jos\u00e9 Mar\u00eda Lasalle, secretario de Estado para la Sociedad de la Informaci\u00f3n y la Agenda Digital, visita 5TONIC"}]},{"@type":"WebSite","@id":"https:\/\/networks.imdea.org\/es\/#website","url":"https:\/\/networks.imdea.org\/es\/","name":"IMDEA Networks","description":"IMDEA Networks Multisite","potentialAction":[{"@type":"SearchAction","target":{"@type":"EntryPoint","urlTemplate":"https:\/\/networks.imdea.org\/es\/?s={search_term_string}"},"query-input":{"@type":"PropertyValueSpecification","valueRequired":true,"valueName":"search_term_string"}}],"inLanguage":"es"},{"@type":"Person","@id":"https:\/\/networks.imdea.org\/#\/schema\/person\/f70fb6a680a52d2833b7db1bf8bbad67","name":"in_admin","image":{"@type":"ImageObject","inLanguage":"es","@id":"https:\/\/secure.gravatar.com\/avatar\/4fd5849709f4f0a3c17a6da181c537d91bc0fce2505fb75c0293ba6963162590?s=96&d=mm&r=g","url":"https:\/\/secure.gravatar.com\/avatar\/4fd5849709f4f0a3c17a6da181c537d91bc0fce2505fb75c0293ba6963162590?s=96&d=mm&r=g","contentUrl":"https:\/\/secure.gravatar.com\/avatar\/4fd5849709f4f0a3c17a6da181c537d91bc0fce2505fb75c0293ba6963162590?s=96&d=mm&r=g","caption":"in_admin"},"url":"https:\/\/networks.imdea.org\/es\/author\/in_admin\/"}]}},"_links":{"self":[{"href":"https:\/\/networks.imdea.org\/es\/wp-json\/wp\/v2\/posts\/8889","targetHints":{"allow":["GET"]}}],"collection":[{"href":"https:\/\/networks.imdea.org\/es\/wp-json\/wp\/v2\/posts"}],"about":[{"href":"https:\/\/networks.imdea.org\/es\/wp-json\/wp\/v2\/types\/post"}],"author":[{"embeddable":true,"href":"https:\/\/networks.imdea.org\/es\/wp-json\/wp\/v2\/users\/1"}],"replies":[{"embeddable":true,"href":"https:\/\/networks.imdea.org\/es\/wp-json\/wp\/v2\/comments?post=8889"}],"version-history":[{"count":1,"href":"https:\/\/networks.imdea.org\/es\/wp-json\/wp\/v2\/posts\/8889\/revisions"}],"predecessor-version":[{"id":16703,"href":"https:\/\/networks.imdea.org\/es\/wp-json\/wp\/v2\/posts\/8889\/revisions\/16703"}],"wp:attachment":[{"href":"https:\/\/networks.imdea.org\/es\/wp-json\/wp\/v2\/media?parent=8889"}],"wp:term":[{"taxonomy":"category","embeddable":true,"href":"https:\/\/networks.imdea.org\/es\/wp-json\/wp\/v2\/categories?post=8889"},{"taxonomy":"post_tag","embeddable":true,"href":"https:\/\/networks.imdea.org\/es\/wp-json\/wp\/v2\/tags?post=8889"}],"curies":[{"name":"wp","href":"https:\/\/api.w.org\/{rel}","templated":true}]}}