{"id":8669,"date":"2016-09-30T07:00:00","date_gmt":"2016-09-30T07:00:00","guid":{"rendered":"https:\/\/networks.imdea.org\/pablo-jimenez-mateo-nuevo-estudiante-de-doctorado\/"},"modified":"2021-01-26T17:26:48","modified_gmt":"2021-01-26T16:26:48","slug":"pablo-jimenez-mateo-nuevo-estudiante-de-doctorado","status":"publish","type":"post","link":"https:\/\/networks.imdea.org\/es\/pablo-jimenez-mateo-nuevo-estudiante-de-doctorado\/","title":{"rendered":"Pablo Jim\u00e9nez Mateo, nuevo Estudiante de doctorado"},"content":{"rendered":"<p>Pablo Jim\u00e9nez Mateo se ha unido al equipo de investigadores de IMDEA Networks. Trabajar\u00e1 como <a href=\"http:\/\/www.networks.imdea.org\/es\/personas\/estudiantes-de-doctorado\">estudiante de doctorado<\/a> en el grupo de redes inal\u00e1mbricas (<a href=\"http:\/\/wireless.networks.imdea.org\/\" target=\"_blank\" rel=\"noopener noreferrer\"><em>Wireless Networking Group<\/em><\/a>) dirigido por el Dr. Joerg Widmer, mientras realiza el programa de doctorado de la Universidad Carlos III de Madrid. Sus principales \u00e1reas de inter\u00e9s son las redes inal\u00e1mbricas, la seguridad inform\u00e1tica, las redes celulares, y el Internet de las cosas.<\/p>\n<hr \/>\n<p>Pablo tiene dos t\u00edtulos universitarios, un Grado en Matem\u00e1tica Computacional y otro Grado en Ingenier\u00eda Inform\u00e1tica, ambos por la Universitat Jaume I de Castell\u00f3n de la Plana. Tambi\u00e9n est\u00e1 a punto de completar un M\u00e1ster Universitario en Sistemas Inteligentes impartido por dicha universidad.<\/p>\n<p>Antes de su incorporaci\u00f3n a IMDEA Networks su experiencia profesional se ha centrado en varias pr\u00e1cticas de grado: \u00abGeneraci\u00f3n de alertas georreferenciadas en base a un estudio sobre la interacci\u00f3n de los usuarios en las redes sociales\u00bb (Big Data), \u00abDise\u00f1o y desarrollo de un sistema distribuido auto-organizado de gesti\u00f3n de emergencias para el tr\u00e1fico en los accesos a Castell\u00f3n de la Plana\u00bb (sistemas inteligentes) y \u00abDesarrollo de un sistema distribuido basado en agentes para el an\u00e1lisis de tr\u00e1fico en tiempo real \u00ab(sistemas inteligentes). Tambi\u00e9n es el fundador del \u2018<a href=\"https:\/\/en.wikipedia.org\/wiki\/Hackerspace\" target=\"_blank\" rel=\"noopener noreferrer\">hackerspace<\/a>\u2019, de su ciudad natal, ha llevado a cabo un curso de postgrado en seguridad inform\u00e1tica y ha trabajado en la compresi\u00f3n de datos como parte de su tesis de grado.<\/p>\n<div>\n<hr \/>\n<\/div>\n<p><em><a href=\"http:\/\/www.networks.imdea.org\/es\/personas\/estudiantes-de-doctorado\">Estudiantes de Investigaci\u00f3n en IMDEA Networks<\/a><\/em><\/p>\n<p><em>\u00bfQuieres unirte a nuestro equipo de j\u00f3venes investigadores? M\u00e1s informaci\u00f3n en nuestras p\u00e1ginas de <a href=\"http:\/\/www.networks.imdea.org\/es\/empleo\/estudiante-doctorado\">oportunidades profesionales<\/a>.<\/em><\/p>\n<p>&nbsp;<\/p>","protected":false},"excerpt":{"rendered":"Pablo Jim\u00e9nez Mateo se ha unido al equipo de investigadores de IMDEA Networks. Trabajar\u00e1 como estudiante de doctorado en el grupo de redes inal\u00e1mbricas (Wireless Networking Group) dirigido por el Dr. Joerg Widmer, mientras realiza el programa de doctorado de la Universidad Carlos III de Madrid. Sus principales \u00e1reas de inter\u00e9s son las redes inal\u00e1mbricas,&#8230;","protected":false},"author":1,"featured_media":8670,"comment_status":"open","ping_status":"open","sticky":false,"template":"","format":"standard","meta":{"_acf_changed":false,"footnotes":""},"categories":[1],"tags":[464],"class_list":["post-8669","post","type-post","status-publish","format-standard","has-post-thumbnail","hentry","category-sin-categoria","tag-imdea-networks"],"acf":[],"yoast_head":"<!-- This site is optimized with the Yoast SEO plugin v27.4 - https:\/\/yoast.com\/product\/yoast-seo-wordpress\/ -->\n<title>Pablo Jim\u00e9nez Mateo, nuevo Estudiante de doctorado - IMDEA Networks<\/title>\n<meta name=\"robots\" content=\"index, follow, max-snippet:-1, max-image-preview:large, max-video-preview:-1\" \/>\n<link rel=\"canonical\" href=\"https:\/\/networks.imdea.org\/es\/pablo-jimenez-mateo-nuevo-estudiante-de-doctorado\/\" \/>\n<meta property=\"og:locale\" content=\"es_ES\" \/>\n<meta property=\"og:type\" content=\"article\" \/>\n<meta property=\"og:title\" content=\"Pablo Jim\u00e9nez Mateo, nuevo Estudiante de doctorado - IMDEA Networks\" \/>\n<meta property=\"og:description\" content=\"Pablo Jim\u00e9nez Mateo se ha unido al equipo de investigadores de IMDEA Networks. Trabajar\u00e1 como estudiante de doctorado en el grupo de redes inal\u00e1mbricas (Wireless Networking Group) dirigido por el Dr. Joerg Widmer, mientras realiza el programa de doctorado de la Universidad Carlos III de Madrid. Sus principales \u00e1reas de inter\u00e9s son las redes inal\u00e1mbricas,...\" \/>\n<meta property=\"og:url\" content=\"https:\/\/networks.imdea.org\/es\/pablo-jimenez-mateo-nuevo-estudiante-de-doctorado\/\" \/>\n<meta property=\"og:site_name\" content=\"IMDEA Networks\" \/>\n<meta property=\"article:published_time\" content=\"2016-09-30T07:00:00+00:00\" \/>\n<meta property=\"article:modified_time\" content=\"2021-01-26T16:26:48+00:00\" \/>\n<meta property=\"og:image\" content=\"https:\/\/networks.imdea.org\/wp-content\/uploads\/2016\/09\/2016-09-30-news-img-160x120px.png\" \/>\n\t<meta property=\"og:image:width\" content=\"160\" \/>\n\t<meta property=\"og:image:height\" content=\"120\" \/>\n\t<meta property=\"og:image:type\" content=\"image\/png\" \/>\n<meta name=\"author\" content=\"in_admin\" \/>\n<meta name=\"twitter:card\" content=\"summary_large_image\" \/>\n<meta name=\"twitter:label1\" content=\"Escrito por\" \/>\n\t<meta name=\"twitter:data1\" content=\"in_admin\" \/>\n\t<meta name=\"twitter:label2\" content=\"Tiempo de lectura\" \/>\n\t<meta name=\"twitter:data2\" content=\"3 minutos\" \/>\n<script type=\"application\/ld+json\" class=\"yoast-schema-graph\">{\"@context\":\"https:\\\/\\\/schema.org\",\"@graph\":[{\"@type\":\"Article\",\"@id\":\"https:\\\/\\\/networks.imdea.org\\\/es\\\/pablo-jimenez-mateo-nuevo-estudiante-de-doctorado\\\/#article\",\"isPartOf\":{\"@id\":\"https:\\\/\\\/networks.imdea.org\\\/es\\\/pablo-jimenez-mateo-nuevo-estudiante-de-doctorado\\\/\"},\"author\":{\"name\":\"in_admin\",\"@id\":\"https:\\\/\\\/networks.imdea.org\\\/#\\\/schema\\\/person\\\/f70fb6a680a52d2833b7db1bf8bbad67\"},\"headline\":\"Pablo Jim\u00e9nez Mateo, nuevo Estudiante de doctorado\",\"datePublished\":\"2016-09-30T07:00:00+00:00\",\"dateModified\":\"2021-01-26T16:26:48+00:00\",\"mainEntityOfPage\":{\"@id\":\"https:\\\/\\\/networks.imdea.org\\\/es\\\/pablo-jimenez-mateo-nuevo-estudiante-de-doctorado\\\/\"},\"wordCount\":529,\"commentCount\":0,\"image\":{\"@id\":\"https:\\\/\\\/networks.imdea.org\\\/es\\\/pablo-jimenez-mateo-nuevo-estudiante-de-doctorado\\\/#primaryimage\"},\"thumbnailUrl\":\"https:\\\/\\\/networks.imdea.org\\\/wp-content\\\/uploads\\\/2016\\\/09\\\/2016-09-30-news-img-160x120px.png\",\"keywords\":[\"IMDEA Networks\"],\"articleSection\":[\"Noticias\"],\"inLanguage\":\"es\",\"potentialAction\":[{\"@type\":\"CommentAction\",\"name\":\"Comment\",\"target\":[\"https:\\\/\\\/networks.imdea.org\\\/es\\\/pablo-jimenez-mateo-nuevo-estudiante-de-doctorado\\\/#respond\"]}]},{\"@type\":\"WebPage\",\"@id\":\"https:\\\/\\\/networks.imdea.org\\\/es\\\/pablo-jimenez-mateo-nuevo-estudiante-de-doctorado\\\/\",\"url\":\"https:\\\/\\\/networks.imdea.org\\\/es\\\/pablo-jimenez-mateo-nuevo-estudiante-de-doctorado\\\/\",\"name\":\"Pablo Jim\u00e9nez Mateo, nuevo Estudiante de doctorado - IMDEA Networks\",\"isPartOf\":{\"@id\":\"https:\\\/\\\/networks.imdea.org\\\/es\\\/#website\"},\"primaryImageOfPage\":{\"@id\":\"https:\\\/\\\/networks.imdea.org\\\/es\\\/pablo-jimenez-mateo-nuevo-estudiante-de-doctorado\\\/#primaryimage\"},\"image\":{\"@id\":\"https:\\\/\\\/networks.imdea.org\\\/es\\\/pablo-jimenez-mateo-nuevo-estudiante-de-doctorado\\\/#primaryimage\"},\"thumbnailUrl\":\"https:\\\/\\\/networks.imdea.org\\\/wp-content\\\/uploads\\\/2016\\\/09\\\/2016-09-30-news-img-160x120px.png\",\"datePublished\":\"2016-09-30T07:00:00+00:00\",\"dateModified\":\"2021-01-26T16:26:48+00:00\",\"author\":{\"@id\":\"https:\\\/\\\/networks.imdea.org\\\/#\\\/schema\\\/person\\\/f70fb6a680a52d2833b7db1bf8bbad67\"},\"breadcrumb\":{\"@id\":\"https:\\\/\\\/networks.imdea.org\\\/es\\\/pablo-jimenez-mateo-nuevo-estudiante-de-doctorado\\\/#breadcrumb\"},\"inLanguage\":\"es\",\"potentialAction\":[{\"@type\":\"ReadAction\",\"target\":[[\"https:\\\/\\\/networks.imdea.org\\\/es\\\/pablo-jimenez-mateo-nuevo-estudiante-de-doctorado\\\/\"]]}]},{\"@type\":\"ImageObject\",\"inLanguage\":\"es\",\"@id\":\"https:\\\/\\\/networks.imdea.org\\\/es\\\/pablo-jimenez-mateo-nuevo-estudiante-de-doctorado\\\/#primaryimage\",\"url\":\"https:\\\/\\\/networks.imdea.org\\\/wp-content\\\/uploads\\\/2016\\\/09\\\/2016-09-30-news-img-160x120px.png\",\"contentUrl\":\"https:\\\/\\\/networks.imdea.org\\\/wp-content\\\/uploads\\\/2016\\\/09\\\/2016-09-30-news-img-160x120px.png\",\"width\":160,\"height\":120,\"caption\":\"http:\\\/\\\/www.networks.imdea.org\\\/sites\\\/default\\\/files\\\/images\\\/news\\\/2016-09-30-news-img-160x120px.png\"},{\"@type\":\"BreadcrumbList\",\"@id\":\"https:\\\/\\\/networks.imdea.org\\\/es\\\/pablo-jimenez-mateo-nuevo-estudiante-de-doctorado\\\/#breadcrumb\",\"itemListElement\":[{\"@type\":\"ListItem\",\"position\":1,\"name\":\"Home\",\"item\":\"https:\\\/\\\/networks.imdea.org\\\/es\\\/\"},{\"@type\":\"ListItem\",\"position\":2,\"name\":\"Pablo Jim\u00e9nez Mateo, nuevo Estudiante de doctorado\"}]},{\"@type\":\"WebSite\",\"@id\":\"https:\\\/\\\/networks.imdea.org\\\/es\\\/#website\",\"url\":\"https:\\\/\\\/networks.imdea.org\\\/es\\\/\",\"name\":\"IMDEA Networks\",\"description\":\"IMDEA Networks Multisite\",\"potentialAction\":[{\"@type\":\"SearchAction\",\"target\":{\"@type\":\"EntryPoint\",\"urlTemplate\":\"https:\\\/\\\/networks.imdea.org\\\/es\\\/?s={search_term_string}\"},\"query-input\":{\"@type\":\"PropertyValueSpecification\",\"valueRequired\":true,\"valueName\":\"search_term_string\"}}],\"inLanguage\":\"es\"},{\"@type\":\"Person\",\"@id\":\"https:\\\/\\\/networks.imdea.org\\\/#\\\/schema\\\/person\\\/f70fb6a680a52d2833b7db1bf8bbad67\",\"name\":\"in_admin\",\"image\":{\"@type\":\"ImageObject\",\"inLanguage\":\"es\",\"@id\":\"https:\\\/\\\/secure.gravatar.com\\\/avatar\\\/4fd5849709f4f0a3c17a6da181c537d91bc0fce2505fb75c0293ba6963162590?s=96&d=mm&r=g\",\"url\":\"https:\\\/\\\/secure.gravatar.com\\\/avatar\\\/4fd5849709f4f0a3c17a6da181c537d91bc0fce2505fb75c0293ba6963162590?s=96&d=mm&r=g\",\"contentUrl\":\"https:\\\/\\\/secure.gravatar.com\\\/avatar\\\/4fd5849709f4f0a3c17a6da181c537d91bc0fce2505fb75c0293ba6963162590?s=96&d=mm&r=g\",\"caption\":\"in_admin\"},\"url\":\"https:\\\/\\\/networks.imdea.org\\\/es\\\/author\\\/in_admin\\\/\"}]}<\/script>\n<!-- \/ Yoast SEO plugin. -->","yoast_head_json":{"title":"Pablo Jim\u00e9nez Mateo, nuevo Estudiante de doctorado - IMDEA Networks","robots":{"index":"index","follow":"follow","max-snippet":"max-snippet:-1","max-image-preview":"max-image-preview:large","max-video-preview":"max-video-preview:-1"},"canonical":"https:\/\/networks.imdea.org\/es\/pablo-jimenez-mateo-nuevo-estudiante-de-doctorado\/","og_locale":"es_ES","og_type":"article","og_title":"Pablo Jim\u00e9nez Mateo, nuevo Estudiante de doctorado - IMDEA Networks","og_description":"Pablo Jim\u00e9nez Mateo se ha unido al equipo de investigadores de IMDEA Networks. Trabajar\u00e1 como estudiante de doctorado en el grupo de redes inal\u00e1mbricas (Wireless Networking Group) dirigido por el Dr. Joerg Widmer, mientras realiza el programa de doctorado de la Universidad Carlos III de Madrid. Sus principales \u00e1reas de inter\u00e9s son las redes inal\u00e1mbricas,...","og_url":"https:\/\/networks.imdea.org\/es\/pablo-jimenez-mateo-nuevo-estudiante-de-doctorado\/","og_site_name":"IMDEA Networks","article_published_time":"2016-09-30T07:00:00+00:00","article_modified_time":"2021-01-26T16:26:48+00:00","og_image":[{"width":160,"height":120,"url":"https:\/\/networks.imdea.org\/wp-content\/uploads\/2016\/09\/2016-09-30-news-img-160x120px.png","type":"image\/png"}],"author":"in_admin","twitter_card":"summary_large_image","twitter_misc":{"Escrito por":"in_admin","Tiempo de lectura":"3 minutos"},"schema":{"@context":"https:\/\/schema.org","@graph":[{"@type":"Article","@id":"https:\/\/networks.imdea.org\/es\/pablo-jimenez-mateo-nuevo-estudiante-de-doctorado\/#article","isPartOf":{"@id":"https:\/\/networks.imdea.org\/es\/pablo-jimenez-mateo-nuevo-estudiante-de-doctorado\/"},"author":{"name":"in_admin","@id":"https:\/\/networks.imdea.org\/#\/schema\/person\/f70fb6a680a52d2833b7db1bf8bbad67"},"headline":"Pablo Jim\u00e9nez Mateo, nuevo Estudiante de doctorado","datePublished":"2016-09-30T07:00:00+00:00","dateModified":"2021-01-26T16:26:48+00:00","mainEntityOfPage":{"@id":"https:\/\/networks.imdea.org\/es\/pablo-jimenez-mateo-nuevo-estudiante-de-doctorado\/"},"wordCount":529,"commentCount":0,"image":{"@id":"https:\/\/networks.imdea.org\/es\/pablo-jimenez-mateo-nuevo-estudiante-de-doctorado\/#primaryimage"},"thumbnailUrl":"https:\/\/networks.imdea.org\/wp-content\/uploads\/2016\/09\/2016-09-30-news-img-160x120px.png","keywords":["IMDEA Networks"],"articleSection":["Noticias"],"inLanguage":"es","potentialAction":[{"@type":"CommentAction","name":"Comment","target":["https:\/\/networks.imdea.org\/es\/pablo-jimenez-mateo-nuevo-estudiante-de-doctorado\/#respond"]}]},{"@type":"WebPage","@id":"https:\/\/networks.imdea.org\/es\/pablo-jimenez-mateo-nuevo-estudiante-de-doctorado\/","url":"https:\/\/networks.imdea.org\/es\/pablo-jimenez-mateo-nuevo-estudiante-de-doctorado\/","name":"Pablo Jim\u00e9nez Mateo, nuevo Estudiante de doctorado - IMDEA Networks","isPartOf":{"@id":"https:\/\/networks.imdea.org\/es\/#website"},"primaryImageOfPage":{"@id":"https:\/\/networks.imdea.org\/es\/pablo-jimenez-mateo-nuevo-estudiante-de-doctorado\/#primaryimage"},"image":{"@id":"https:\/\/networks.imdea.org\/es\/pablo-jimenez-mateo-nuevo-estudiante-de-doctorado\/#primaryimage"},"thumbnailUrl":"https:\/\/networks.imdea.org\/wp-content\/uploads\/2016\/09\/2016-09-30-news-img-160x120px.png","datePublished":"2016-09-30T07:00:00+00:00","dateModified":"2021-01-26T16:26:48+00:00","author":{"@id":"https:\/\/networks.imdea.org\/#\/schema\/person\/f70fb6a680a52d2833b7db1bf8bbad67"},"breadcrumb":{"@id":"https:\/\/networks.imdea.org\/es\/pablo-jimenez-mateo-nuevo-estudiante-de-doctorado\/#breadcrumb"},"inLanguage":"es","potentialAction":[{"@type":"ReadAction","target":[["https:\/\/networks.imdea.org\/es\/pablo-jimenez-mateo-nuevo-estudiante-de-doctorado\/"]]}]},{"@type":"ImageObject","inLanguage":"es","@id":"https:\/\/networks.imdea.org\/es\/pablo-jimenez-mateo-nuevo-estudiante-de-doctorado\/#primaryimage","url":"https:\/\/networks.imdea.org\/wp-content\/uploads\/2016\/09\/2016-09-30-news-img-160x120px.png","contentUrl":"https:\/\/networks.imdea.org\/wp-content\/uploads\/2016\/09\/2016-09-30-news-img-160x120px.png","width":160,"height":120,"caption":"http:\/\/www.networks.imdea.org\/sites\/default\/files\/images\/news\/2016-09-30-news-img-160x120px.png"},{"@type":"BreadcrumbList","@id":"https:\/\/networks.imdea.org\/es\/pablo-jimenez-mateo-nuevo-estudiante-de-doctorado\/#breadcrumb","itemListElement":[{"@type":"ListItem","position":1,"name":"Home","item":"https:\/\/networks.imdea.org\/es\/"},{"@type":"ListItem","position":2,"name":"Pablo Jim\u00e9nez Mateo, nuevo Estudiante de doctorado"}]},{"@type":"WebSite","@id":"https:\/\/networks.imdea.org\/es\/#website","url":"https:\/\/networks.imdea.org\/es\/","name":"IMDEA Networks","description":"IMDEA Networks Multisite","potentialAction":[{"@type":"SearchAction","target":{"@type":"EntryPoint","urlTemplate":"https:\/\/networks.imdea.org\/es\/?s={search_term_string}"},"query-input":{"@type":"PropertyValueSpecification","valueRequired":true,"valueName":"search_term_string"}}],"inLanguage":"es"},{"@type":"Person","@id":"https:\/\/networks.imdea.org\/#\/schema\/person\/f70fb6a680a52d2833b7db1bf8bbad67","name":"in_admin","image":{"@type":"ImageObject","inLanguage":"es","@id":"https:\/\/secure.gravatar.com\/avatar\/4fd5849709f4f0a3c17a6da181c537d91bc0fce2505fb75c0293ba6963162590?s=96&d=mm&r=g","url":"https:\/\/secure.gravatar.com\/avatar\/4fd5849709f4f0a3c17a6da181c537d91bc0fce2505fb75c0293ba6963162590?s=96&d=mm&r=g","contentUrl":"https:\/\/secure.gravatar.com\/avatar\/4fd5849709f4f0a3c17a6da181c537d91bc0fce2505fb75c0293ba6963162590?s=96&d=mm&r=g","caption":"in_admin"},"url":"https:\/\/networks.imdea.org\/es\/author\/in_admin\/"}]}},"_links":{"self":[{"href":"https:\/\/networks.imdea.org\/es\/wp-json\/wp\/v2\/posts\/8669","targetHints":{"allow":["GET"]}}],"collection":[{"href":"https:\/\/networks.imdea.org\/es\/wp-json\/wp\/v2\/posts"}],"about":[{"href":"https:\/\/networks.imdea.org\/es\/wp-json\/wp\/v2\/types\/post"}],"author":[{"embeddable":true,"href":"https:\/\/networks.imdea.org\/es\/wp-json\/wp\/v2\/users\/1"}],"replies":[{"embeddable":true,"href":"https:\/\/networks.imdea.org\/es\/wp-json\/wp\/v2\/comments?post=8669"}],"version-history":[{"count":2,"href":"https:\/\/networks.imdea.org\/es\/wp-json\/wp\/v2\/posts\/8669\/revisions"}],"predecessor-version":[{"id":21385,"href":"https:\/\/networks.imdea.org\/es\/wp-json\/wp\/v2\/posts\/8669\/revisions\/21385"}],"wp:featuredmedia":[{"embeddable":true,"href":"https:\/\/networks.imdea.org\/es\/wp-json\/wp\/v2\/media\/8670"}],"wp:attachment":[{"href":"https:\/\/networks.imdea.org\/es\/wp-json\/wp\/v2\/media?parent=8669"}],"wp:term":[{"taxonomy":"category","embeddable":true,"href":"https:\/\/networks.imdea.org\/es\/wp-json\/wp\/v2\/categories?post=8669"},{"taxonomy":"post_tag","embeddable":true,"href":"https:\/\/networks.imdea.org\/es\/wp-json\/wp\/v2\/tags?post=8669"}],"curies":[{"name":"wp","href":"https:\/\/api.w.org\/{rel}","templated":true}]}}