{"id":8504,"date":"2015-04-24T08:22:40","date_gmt":"2015-04-24T08:22:40","guid":{"rendered":"https:\/\/networks.imdea.org\/los-institutos-imdea-reciben-la-mencion-de-honor-madrid-a-la-cooperacion-publico-privada-con-resultados-de-investigacion-comercializados\/"},"modified":"2020-10-21T13:13:30","modified_gmt":"2020-10-21T11:13:30","slug":"los-institutos-imdea-reciben-la-mencion-de-honor-madrid-a-la-cooperacion-publico-privada-con-resultados-de-investigacion-comercializados","status":"publish","type":"post","link":"https:\/\/networks.imdea.org\/es\/los-institutos-imdea-reciben-la-mencion-de-honor-madrid-a-la-cooperacion-publico-privada-con-resultados-de-investigacion-comercializados\/","title":{"rendered":"Los institutos IMDEA reciben la Menci\u00f3n de Honor Madri+d a la Cooperaci\u00f3n P\u00fablico-Privada con Resultados de Investigaci\u00f3n Comercializados"},"content":{"rendered":"<p><\/p>\n<p>Luc&iacute;a Figar de Lacalle, consejera de Educaci&oacute;n, Juventud y Deporte de la Comunidad de Madrid y Luis S&aacute;nchez &Aacute;lvarez, director general de la <a href=\"http:\/\/www.madrimasd.org\" target=\"_blank\" rel=\"noopener noreferrer\">Fundaci&oacute;n para el Conocimiento madri+d<\/a>, han entregado los <a href=\"http:\/\/www.madrimasd.org\/fundacion\/premios-madrid\" target=\"_blank\" rel=\"noopener noreferrer\">X Premios madri+d<\/a> que reconocen las mejores patentes, empresas e ideas de base tecnol&oacute;gica, proyectos europeos de I+D en cooperaci&oacute;n y comunicaci&oacute;n cient&iacute;fica. Adem&aacute;s se entreg&oacute; una Menci&oacute;n de Honor a la Cooperaci&oacute;n P&uacute;blico-Privada con Resultados de Investigaci&oacute;n Comercializados.<\/p>\n<p>La Fundaci&oacute;n&nbsp;madri+d ha entregado la d&eacute;cima edici&oacute;n de sus Premios, unos galardones que se han consolidado como una cita obligada para la comunidad cient&iacute;fica, tecnol&oacute;gica e innovadora de la Comunidad de Madrid. La ceremonia tuvo lu<img decoding=\"async\" src=\"http:\/\/www.networks.imdea.org\/wp-content\/uploads\/2020\/10\/premios_mid_2015_ceremonia_lucia_figar.jpg\" style=\"float:right; height:307px; margin:5px; width:238px\" \/>gar en La sede del Colegio Oficial de Arquitectos de Madrid el pasado 22 de abril.<\/p>\n<p>El acto fue inaugurado por el Director General de la Fundaci&oacute;n madri+d que agradeci&oacute; la presencia de las autoridades e invitados, dio la enhorabuena a los premiados, destac&oacute; la labor de los jurados y explic&oacute; los distintos objetivos de cada una de las categor&iacute;as de los Premios, as&iacute; como las menciones de honor concedidas a los Institutos Madrile&ntilde;os de Estudios Avanzados (IMDEA) por su colaboraci&oacute;n con empresas en proyectos concretos que hayan obtenido resultados relevantes, dignos de ser comercializados.<\/p>\n<p>La Consejera de Educaci&oacute;n, Juventud y Deporte clausur&oacute; la ceremonia, destacando que la Comunidad de Madrid es l&iacute;der en producci&oacute;n cient&iacute;fica en Espa&ntilde;a, concentrando el 35% de toda la que se genera en el pa&iacute;s. Asimismo, la regi&oacute;n es la primera Comunidad Aut&oacute;noma en solicitud y concesi&oacute;n de patentes y concentra la cuarta parte del personal dedicado a I+D en Espa&ntilde;a. Este esfuerzo compartido, p&uacute;blico y privado, es la raz&oacute;n de que la inversi&oacute;n en I+D+i madrile&ntilde;a est&eacute; m&aacute;s de medio punto por encima de la media nacional: 1,74% del PIB, frente al 1,24% de la media nacional.<\/p>\n<p><strong>MENCI&Oacute;N DE HONOR A LA COOPERACI&Oacute;N P&Uacute;BLICO-PRIVADA CON RESULTADOS DE INVESTIGACI&Oacute;N COMERCIALIZADOS<\/strong><\/p>\n<p>La Fundaci&oacute;n para el Conocimiento madri+d, en el marco de la d&eacute;cima edici&oacute;n de sus Premios, ha reconocido de manera especial las actividades cient&iacute;fico-tecnol&oacute;gicas de cooperaci&oacute;n p&uacute;blico-privada con impacto en la econom&iacute;a madrile&ntilde;a, mediante la concesi&oacute;n a cada uno de los Institutos <a href=\"http:\/\/www.imdea.org\/es\" target=\"_blank\" rel=\"noopener noreferrer\"><strong>IMDEA<\/strong><\/a> de una Menci&oacute;n de Honor por proyectos de investigaci&oacute;n realizados en colaboraci&oacute;n con empresas espa&ntilde;olas y extranjeras con resultados que hayan sido comercializados en los &uacute;ltimos a&ntilde;os.<\/p>\n<p><img decoding=\"async\" src=\"\/wp-content\/uploads\/2020\/10\/premios_mid_2015_ceremonia_responsables_imdea_3_web.png\" style=\"height:465px; width:700px\" \/><\/p>\n<p><em>Luc&iacute;a Figar de Lacalle con los responsables de los IMDEA.<\/em><\/p>\n<p><strong>LOS CONSORCIOS PREMIADOS HAN SIDO: <\/strong><\/p>\n<p><strong>Consorcio <a href=\"\/\">Instituto IMDEA Networks<\/a>&nbsp;&#8211;<a href=\"http:\/\/www.u-tad.com\/\" target=\"_blank\" rel=\"noopener noreferrer\"> Factory Holding Company 25 SL.<\/a><\/strong><a href=\"http:\/\/www.u-tad.com\/\">,<\/a> por un proyecto que desarrolla una herramienta comercial que incluye el software y algoritmos necesarios para el an&aacute;lisis de grandes datos para Factory Holding Company 25 SL., del <a href=\"http:\/\/www.zed.com\/es\" target=\"_blank\" rel=\"noopener noreferrer\"><strong>Grupo Zed<\/strong><\/a>. El resultado ha sido una consola de an&aacute;lisis de datos que permite cargar los datos de la empresa cliente y tratarlos desde m&uacute;ltiples puntos de vista, extrayendo tendencias y observando patrones. <a href=\"http:\/\/people.networks.imdea.org\/~antonio_fernandez\/\" target=\"_blank\" rel=\"noopener noreferrer\">Antonio Fern&aacute;ndez Anta<\/a>, Research Professor en IMDEA Networks, ha liderado los esfuerzos de investigaci&oacute;n del instituto en este proyecto.<\/p>\n<p>Consorcio <a href=\"http:\/\/www.agua.imdea.org\/\" target=\"_blank\" rel=\"noopener noreferrer\"><strong>Instituto IMDEA Agua<\/strong><\/a>&nbsp;&#8211; Euroestudios&nbsp;&#8211; Depuraci&oacute;n de Aguas del Mediterr&aacute;neo&nbsp;&#8211; JOCA &#8211; Centro de Nuevas Tecnolog&iacute;as del Agua, por el proyecto AQUAELECTRA (Tratamientos bioelectrog&eacute;nicos aplicados a la depuraci&oacute;n de aguas residuales) que pretende la adaptaci&oacute;n de las Tecnolog&iacute;as Electroqu&iacute;micas Microbianas a dise&ntilde;os ya existentes en las plantas de tratamiento de aguas.<\/p>\n<p>Consorcio <a href=\"http:\/\/www.alimentacion.imdea.org\/\" target=\"_blank\" rel=\"noopener noreferrer\"><strong>Instituto IMDEA Alimentaci&oacute;n<\/strong><\/a>&nbsp;&#8211; Grupo Frial S.A., por un proyecto que consiste en un ensayo cl&iacute;nico de intervenci&oacute;n nutrigen&eacute;tica en el que se administrar&aacute;n los productos c&aacute;rnicos funcionales a mujeres tratadas de c&aacute;ncer de mama en el Hospital Infanta Sof&iacute;a.<\/p>\n<p>Consorcio <a href=\"http:\/\/www.software.imdea.org\/es\" target=\"_blank\" rel=\"noopener noreferrer\"><strong>Instituto IMDEA Software<\/strong><\/a>&nbsp;&#8211; Reply Communications Valley (Italia)&nbsp;&#8211; TNO (Holanda), por el proyecto CADENCE (Cyber Attack Detector ENglneer1ng for Commerclal Exploltatlon), que desarrolla un sensor de seguridad capaz de detectar ciberataques en el tr&aacute;fico de red, mediante la aplicaci&oacute;n de t&eacute;cnicas innovadoras de detecci&oacute;n de anomal&iacute;as.<\/p>\n<p>Consorcio <a href=\"http:\/\/www.energia.imdea.org\/\" target=\"_blank\" rel=\"noopener noreferrer\"><strong>Instituto IMDEA Energ&iacute;a<\/strong><\/a> &#8211; Titan Traker -SunBorne Energy Tecnologies, por el proyecto CRISPTOWER (Collaborative Research Initiative in Solar Power Tower), financiado por el Ministerio Indio de Nuevas Energ&iacute;as y Energ&iacute;as Renovables (MNRE), cuyo objetivo es desarrollar una tecnolog&iacute;a de receptor central para plantas termosolares refrigeradas por aire y adaptadas a la industria y contexto de India.<\/p>\n<p>Consorcio: <a href=\"http:\/\/www.materiales.imdea.org\/\" target=\"_blank\" rel=\"noopener noreferrer\"><strong>Instituto IMDEA Materiales<\/strong><\/a> &#8211; Airbus Operations SL, por el proyecto NACRE (New Aircraft Concepts Research). Airbus est&aacute; planificando la nueva generaci&oacute;n de aviones de pasillo &uacute;nico que sustituir&aacute; al A320 en las rutas de corto y medio alcance y ha estado evaluando nuevas configuraciones en el marco de NACRE, financiado por la Uni&oacute;n Europea, incluyendo alas con diferente geometr&iacute;a, motores turbofan y de rotor abierto montados en la cola y nuevas configuraciones para los timones de direcci&oacute;n traseros.<\/p>\n<p>Consorcio <a href=\"http:\/\/www.nanociencia.imdea.org\/\" target=\"_blank\" rel=\"noopener noreferrer\"><strong>Instituto IMDEA Nanociencia<\/strong><\/a>&nbsp;&#8211; Repsol, por el proyecto SONAR que ha tenido como objetivo estudiar una serie de retos tecnol&oacute;gicos agrupados en torno a seis &aacute;reas de aplicaci&oacute;n: bater&iacute;as, reducci&oacute;n de emisiones, cat&aacute;lisis, energ&iacute;a fotovoltaica, extracci&oacute;n de crudo, materiales y sensores. Para cada reto identificado por Repsol, IMDEA Nanociencia ha propuesto una serie de soluciones que se han estructurado en un mapa tecnol&oacute;gico sobre el que se han trazado hojas de ruta de investigaci&oacute;n.<\/p>\n<p><img decoding=\"async\" src=\"http:\/\/www.networks.imdea.org\/sites\/default\/files\/images\/news\/body\/2015-04-24-Press-release-Mencion-Honor-Premios-mid-WEB\/premios_mid_2015_ceremonia_responsables_imdea_2_web.png\" style=\"height:342px; width:602px\" \/><\/p>\n<p><em>Momento de la entrega de la Menci&oacute;n de Honor a la iniciativa IMDEA.<\/em><\/p>\n<p>En la ceremonia se entregaron adem&aacute;s los siguientes <strong>premios<\/strong>:<\/p>\n<ul>\n<li>Premio Madri+d a la Mejor Patente: &#39;Sistema para la mejora del rango din&aacute;mico y la reducci&oacute;n de la incertidumbre de medida en sensores distribuidos sobre fibra &oacute;ptica&#39;, CSIC, ADIF y UAH.<\/li>\n<li>Premio Madri+d a la Mejor Empresa (<a href=\"http:\/\/www.exaccta.com\/es\/\" target=\"_blank\" rel=\"noopener noreferrer\">Exaccta<\/a> de Le Moustache Club) e Idea de Base Tecnol&oacute;gica (proyecto <a href=\"http:\/\/mvisionconsortium.mit.edu\/news\/ongoing-fellows-projects-team-lumbar\" target=\"_blank\" rel=\"noopener noreferrer\">Microscopio Ac&uacute;stico<\/a>)<\/li>\n<li>Premio Madri+d al Mejor Proyecto Europeo de I+D en Cooperaci&oacute;n: <a href=\"http:\/\/leanbigdata.eu\/\" target=\"_blank\" rel=\"noopener noreferrer\">LeanBigData<\/a>.<\/li>\n<li>\n<p>Premio Madri+d de Comunicaci&oacute;n Cient&iacute;fica: <a href=\"http:\/\/www.madrimasd.org\/informacionIdi\/analisis\/analisis\/analisis.asp?id=56145\" target=\"_blank\" rel=\"noopener noreferrer\">La epopeya exoplanetaria: planetas gigantes, planetas rocosos<\/a>, David Barrado &amp; Jorge Lillo.<\/p>\n<\/li>\n<\/ul>\n<p>Estos premios cuentan con el patrocinio de <a href=\"https:\/\/www.ponspatentesymarcas.es\/\" target=\"_blank\" rel=\"noopener noreferrer\">PONS Patentes y Marcas<\/a>.<\/p>\n<p><\/p>","protected":false},"excerpt":{"rendered":"","protected":false},"author":1,"featured_media":8505,"comment_status":"open","ping_status":"open","sticky":false,"template":"","format":"standard","meta":{"_acf_changed":false,"footnotes":""},"categories":[1],"tags":[463],"class_list":["post-8504","post","type-post","status-publish","format-standard","has-post-thumbnail","hentry","category-sin-categoria","tag-imdea-initiative"],"acf":[],"yoast_head":"<!-- This site is optimized with the Yoast SEO plugin v27.4 - https:\/\/yoast.com\/product\/yoast-seo-wordpress\/ -->\n<title>Los institutos IMDEA reciben la Menci\u00f3n de Honor Madri+d a la Cooperaci\u00f3n P\u00fablico-Privada con Resultados de Investigaci\u00f3n Comercializados - IMDEA Networks<\/title>\n<meta name=\"robots\" content=\"index, follow, max-snippet:-1, max-image-preview:large, max-video-preview:-1\" \/>\n<link rel=\"canonical\" href=\"https:\/\/networks.imdea.org\/es\/los-institutos-imdea-reciben-la-mencion-de-honor-madrid-a-la-cooperacion-publico-privada-con-resultados-de-investigacion-comercializados\/\" \/>\n<meta property=\"og:locale\" content=\"es_ES\" \/>\n<meta property=\"og:type\" content=\"article\" \/>\n<meta property=\"og:title\" content=\"Los institutos IMDEA reciben la Menci\u00f3n de Honor Madri+d a la Cooperaci\u00f3n P\u00fablico-Privada con Resultados de Investigaci\u00f3n Comercializados - IMDEA Networks\" \/>\n<meta property=\"og:url\" content=\"https:\/\/networks.imdea.org\/es\/los-institutos-imdea-reciben-la-mencion-de-honor-madrid-a-la-cooperacion-publico-privada-con-resultados-de-investigacion-comercializados\/\" \/>\n<meta property=\"og:site_name\" content=\"IMDEA Networks\" \/>\n<meta property=\"article:published_time\" content=\"2015-04-24T08:22:40+00:00\" \/>\n<meta property=\"article:modified_time\" content=\"2020-10-21T11:13:30+00:00\" \/>\n<meta property=\"og:image\" content=\"https:\/\/networks.imdea.org\/wp-content\/uploads\/2015\/04\/2015-04-24-news-img-160x120px.png\" \/>\n\t<meta property=\"og:image:width\" content=\"160\" \/>\n\t<meta property=\"og:image:height\" content=\"120\" \/>\n\t<meta property=\"og:image:type\" content=\"image\/png\" \/>\n<meta name=\"author\" content=\"in_admin\" \/>\n<meta name=\"twitter:card\" content=\"summary_large_image\" \/>\n<meta name=\"twitter:label1\" content=\"Escrito por\" \/>\n\t<meta name=\"twitter:data1\" content=\"in_admin\" \/>\n\t<meta name=\"twitter:label2\" content=\"Tiempo de lectura\" \/>\n\t<meta name=\"twitter:data2\" content=\"11 minutos\" \/>\n<script type=\"application\/ld+json\" class=\"yoast-schema-graph\">{\"@context\":\"https:\\\/\\\/schema.org\",\"@graph\":[{\"@type\":\"Article\",\"@id\":\"https:\\\/\\\/networks.imdea.org\\\/los-institutos-imdea-reciben-la-mencion-de-honor-madrid-a-la-cooperacion-publico-privada-con-resultados-de-investigacion-comercializados\\\/#article\",\"isPartOf\":{\"@id\":\"https:\\\/\\\/networks.imdea.org\\\/los-institutos-imdea-reciben-la-mencion-de-honor-madrid-a-la-cooperacion-publico-privada-con-resultados-de-investigacion-comercializados\\\/\"},\"author\":{\"name\":\"in_admin\",\"@id\":\"https:\\\/\\\/networks.imdea.org\\\/#\\\/schema\\\/person\\\/f70fb6a680a52d2833b7db1bf8bbad67\"},\"headline\":\"Los institutos IMDEA reciben la Menci\u00f3n de Honor Madri+d a la Cooperaci\u00f3n P\u00fablico-Privada con Resultados de Investigaci\u00f3n Comercializados\",\"datePublished\":\"2015-04-24T08:22:40+00:00\",\"dateModified\":\"2020-10-21T11:13:30+00:00\",\"mainEntityOfPage\":{\"@id\":\"https:\\\/\\\/networks.imdea.org\\\/los-institutos-imdea-reciben-la-mencion-de-honor-madrid-a-la-cooperacion-publico-privada-con-resultados-de-investigacion-comercializados\\\/\"},\"wordCount\":2159,\"commentCount\":0,\"image\":{\"@id\":\"https:\\\/\\\/networks.imdea.org\\\/los-institutos-imdea-reciben-la-mencion-de-honor-madrid-a-la-cooperacion-publico-privada-con-resultados-de-investigacion-comercializados\\\/#primaryimage\"},\"thumbnailUrl\":\"https:\\\/\\\/networks.imdea.org\\\/wp-content\\\/uploads\\\/2015\\\/04\\\/2015-04-24-news-img-160x120px.png\",\"keywords\":[\"IMDEA Initiative\"],\"articleSection\":[\"Noticias\"],\"inLanguage\":\"es\",\"potentialAction\":[{\"@type\":\"CommentAction\",\"name\":\"Comment\",\"target\":[\"https:\\\/\\\/networks.imdea.org\\\/los-institutos-imdea-reciben-la-mencion-de-honor-madrid-a-la-cooperacion-publico-privada-con-resultados-de-investigacion-comercializados\\\/#respond\"]}]},{\"@type\":\"WebPage\",\"@id\":\"https:\\\/\\\/networks.imdea.org\\\/es\\\/los-institutos-imdea-reciben-la-mencion-de-honor-madrid-a-la-cooperacion-publico-privada-con-resultados-de-investigacion-comercializados\\\/\",\"url\":\"https:\\\/\\\/networks.imdea.org\\\/es\\\/los-institutos-imdea-reciben-la-mencion-de-honor-madrid-a-la-cooperacion-publico-privada-con-resultados-de-investigacion-comercializados\\\/\",\"name\":\"Los institutos IMDEA reciben la Menci\u00f3n de Honor Madri+d a la Cooperaci\u00f3n P\u00fablico-Privada con Resultados de Investigaci\u00f3n Comercializados - IMDEA Networks\",\"isPartOf\":{\"@id\":\"https:\\\/\\\/networks.imdea.org\\\/es\\\/#website\"},\"primaryImageOfPage\":{\"@id\":\"https:\\\/\\\/networks.imdea.org\\\/es\\\/los-institutos-imdea-reciben-la-mencion-de-honor-madrid-a-la-cooperacion-publico-privada-con-resultados-de-investigacion-comercializados\\\/#primaryimage\"},\"image\":{\"@id\":\"https:\\\/\\\/networks.imdea.org\\\/los-institutos-imdea-reciben-la-mencion-de-honor-madrid-a-la-cooperacion-publico-privada-con-resultados-de-investigacion-comercializados\\\/#primaryimage\"},\"thumbnailUrl\":\"https:\\\/\\\/networks.imdea.org\\\/wp-content\\\/uploads\\\/2015\\\/04\\\/2015-04-24-news-img-160x120px.png\",\"datePublished\":\"2015-04-24T08:22:40+00:00\",\"dateModified\":\"2020-10-21T11:13:30+00:00\",\"author\":{\"@id\":\"https:\\\/\\\/networks.imdea.org\\\/#\\\/schema\\\/person\\\/f70fb6a680a52d2833b7db1bf8bbad67\"},\"breadcrumb\":{\"@id\":\"https:\\\/\\\/networks.imdea.org\\\/es\\\/los-institutos-imdea-reciben-la-mencion-de-honor-madrid-a-la-cooperacion-publico-privada-con-resultados-de-investigacion-comercializados\\\/#breadcrumb\"},\"inLanguage\":\"es\",\"potentialAction\":[{\"@type\":\"ReadAction\",\"target\":[[\"https:\\\/\\\/networks.imdea.org\\\/es\\\/los-institutos-imdea-reciben-la-mencion-de-honor-madrid-a-la-cooperacion-publico-privada-con-resultados-de-investigacion-comercializados\\\/\"]]}]},{\"@type\":\"ImageObject\",\"inLanguage\":\"es\",\"@id\":\"https:\\\/\\\/networks.imdea.org\\\/es\\\/los-institutos-imdea-reciben-la-mencion-de-honor-madrid-a-la-cooperacion-publico-privada-con-resultados-de-investigacion-comercializados\\\/#primaryimage\",\"url\":\"https:\\\/\\\/networks.imdea.org\\\/wp-content\\\/uploads\\\/2015\\\/04\\\/2015-04-24-news-img-160x120px.png\",\"contentUrl\":\"https:\\\/\\\/networks.imdea.org\\\/wp-content\\\/uploads\\\/2015\\\/04\\\/2015-04-24-news-img-160x120px.png\",\"width\":160,\"height\":120,\"caption\":\"http:\\\/\\\/www.networks.imdea.org\\\/sites\\\/default\\\/files\\\/images\\\/news\\\/2015-04-24-news-img-160x120px.png\"},{\"@type\":\"BreadcrumbList\",\"@id\":\"https:\\\/\\\/networks.imdea.org\\\/es\\\/los-institutos-imdea-reciben-la-mencion-de-honor-madrid-a-la-cooperacion-publico-privada-con-resultados-de-investigacion-comercializados\\\/#breadcrumb\",\"itemListElement\":[{\"@type\":\"ListItem\",\"position\":1,\"name\":\"Home\",\"item\":\"https:\\\/\\\/networks.imdea.org\\\/es\\\/\"},{\"@type\":\"ListItem\",\"position\":2,\"name\":\"The IMDEA institutes receive the madri+d Honorable Mention to Public-Private Cooperation with Marketed Research Results\"}]},{\"@type\":\"WebSite\",\"@id\":\"https:\\\/\\\/networks.imdea.org\\\/es\\\/#website\",\"url\":\"https:\\\/\\\/networks.imdea.org\\\/es\\\/\",\"name\":\"IMDEA Networks\",\"description\":\"IMDEA Networks Multisite\",\"potentialAction\":[{\"@type\":\"SearchAction\",\"target\":{\"@type\":\"EntryPoint\",\"urlTemplate\":\"https:\\\/\\\/networks.imdea.org\\\/es\\\/?s={search_term_string}\"},\"query-input\":{\"@type\":\"PropertyValueSpecification\",\"valueRequired\":true,\"valueName\":\"search_term_string\"}}],\"inLanguage\":\"es\"},{\"@type\":\"Person\",\"@id\":\"https:\\\/\\\/networks.imdea.org\\\/#\\\/schema\\\/person\\\/f70fb6a680a52d2833b7db1bf8bbad67\",\"name\":\"in_admin\",\"image\":{\"@type\":\"ImageObject\",\"inLanguage\":\"es\",\"@id\":\"https:\\\/\\\/secure.gravatar.com\\\/avatar\\\/4fd5849709f4f0a3c17a6da181c537d91bc0fce2505fb75c0293ba6963162590?s=96&d=mm&r=g\",\"url\":\"https:\\\/\\\/secure.gravatar.com\\\/avatar\\\/4fd5849709f4f0a3c17a6da181c537d91bc0fce2505fb75c0293ba6963162590?s=96&d=mm&r=g\",\"contentUrl\":\"https:\\\/\\\/secure.gravatar.com\\\/avatar\\\/4fd5849709f4f0a3c17a6da181c537d91bc0fce2505fb75c0293ba6963162590?s=96&d=mm&r=g\",\"caption\":\"in_admin\"},\"url\":\"https:\\\/\\\/networks.imdea.org\\\/es\\\/author\\\/in_admin\\\/\"}]}<\/script>\n<!-- \/ Yoast SEO plugin. -->","yoast_head_json":{"title":"Los institutos IMDEA reciben la Menci\u00f3n de Honor Madri+d a la Cooperaci\u00f3n P\u00fablico-Privada con Resultados de Investigaci\u00f3n Comercializados - IMDEA Networks","robots":{"index":"index","follow":"follow","max-snippet":"max-snippet:-1","max-image-preview":"max-image-preview:large","max-video-preview":"max-video-preview:-1"},"canonical":"https:\/\/networks.imdea.org\/es\/los-institutos-imdea-reciben-la-mencion-de-honor-madrid-a-la-cooperacion-publico-privada-con-resultados-de-investigacion-comercializados\/","og_locale":"es_ES","og_type":"article","og_title":"Los institutos IMDEA reciben la Menci\u00f3n de Honor Madri+d a la Cooperaci\u00f3n P\u00fablico-Privada con Resultados de Investigaci\u00f3n Comercializados - IMDEA Networks","og_url":"https:\/\/networks.imdea.org\/es\/los-institutos-imdea-reciben-la-mencion-de-honor-madrid-a-la-cooperacion-publico-privada-con-resultados-de-investigacion-comercializados\/","og_site_name":"IMDEA Networks","article_published_time":"2015-04-24T08:22:40+00:00","article_modified_time":"2020-10-21T11:13:30+00:00","og_image":[{"width":160,"height":120,"url":"https:\/\/networks.imdea.org\/wp-content\/uploads\/2015\/04\/2015-04-24-news-img-160x120px.png","type":"image\/png"}],"author":"in_admin","twitter_card":"summary_large_image","twitter_misc":{"Escrito por":"in_admin","Tiempo de lectura":"11 minutos"},"schema":{"@context":"https:\/\/schema.org","@graph":[{"@type":"Article","@id":"https:\/\/networks.imdea.org\/los-institutos-imdea-reciben-la-mencion-de-honor-madrid-a-la-cooperacion-publico-privada-con-resultados-de-investigacion-comercializados\/#article","isPartOf":{"@id":"https:\/\/networks.imdea.org\/los-institutos-imdea-reciben-la-mencion-de-honor-madrid-a-la-cooperacion-publico-privada-con-resultados-de-investigacion-comercializados\/"},"author":{"name":"in_admin","@id":"https:\/\/networks.imdea.org\/#\/schema\/person\/f70fb6a680a52d2833b7db1bf8bbad67"},"headline":"Los institutos IMDEA reciben la Menci\u00f3n de Honor Madri+d a la Cooperaci\u00f3n P\u00fablico-Privada con Resultados de Investigaci\u00f3n Comercializados","datePublished":"2015-04-24T08:22:40+00:00","dateModified":"2020-10-21T11:13:30+00:00","mainEntityOfPage":{"@id":"https:\/\/networks.imdea.org\/los-institutos-imdea-reciben-la-mencion-de-honor-madrid-a-la-cooperacion-publico-privada-con-resultados-de-investigacion-comercializados\/"},"wordCount":2159,"commentCount":0,"image":{"@id":"https:\/\/networks.imdea.org\/los-institutos-imdea-reciben-la-mencion-de-honor-madrid-a-la-cooperacion-publico-privada-con-resultados-de-investigacion-comercializados\/#primaryimage"},"thumbnailUrl":"https:\/\/networks.imdea.org\/wp-content\/uploads\/2015\/04\/2015-04-24-news-img-160x120px.png","keywords":["IMDEA Initiative"],"articleSection":["Noticias"],"inLanguage":"es","potentialAction":[{"@type":"CommentAction","name":"Comment","target":["https:\/\/networks.imdea.org\/los-institutos-imdea-reciben-la-mencion-de-honor-madrid-a-la-cooperacion-publico-privada-con-resultados-de-investigacion-comercializados\/#respond"]}]},{"@type":"WebPage","@id":"https:\/\/networks.imdea.org\/es\/los-institutos-imdea-reciben-la-mencion-de-honor-madrid-a-la-cooperacion-publico-privada-con-resultados-de-investigacion-comercializados\/","url":"https:\/\/networks.imdea.org\/es\/los-institutos-imdea-reciben-la-mencion-de-honor-madrid-a-la-cooperacion-publico-privada-con-resultados-de-investigacion-comercializados\/","name":"Los institutos IMDEA reciben la Menci\u00f3n de Honor Madri+d a la Cooperaci\u00f3n P\u00fablico-Privada con Resultados de Investigaci\u00f3n Comercializados - IMDEA Networks","isPartOf":{"@id":"https:\/\/networks.imdea.org\/es\/#website"},"primaryImageOfPage":{"@id":"https:\/\/networks.imdea.org\/es\/los-institutos-imdea-reciben-la-mencion-de-honor-madrid-a-la-cooperacion-publico-privada-con-resultados-de-investigacion-comercializados\/#primaryimage"},"image":{"@id":"https:\/\/networks.imdea.org\/los-institutos-imdea-reciben-la-mencion-de-honor-madrid-a-la-cooperacion-publico-privada-con-resultados-de-investigacion-comercializados\/#primaryimage"},"thumbnailUrl":"https:\/\/networks.imdea.org\/wp-content\/uploads\/2015\/04\/2015-04-24-news-img-160x120px.png","datePublished":"2015-04-24T08:22:40+00:00","dateModified":"2020-10-21T11:13:30+00:00","author":{"@id":"https:\/\/networks.imdea.org\/#\/schema\/person\/f70fb6a680a52d2833b7db1bf8bbad67"},"breadcrumb":{"@id":"https:\/\/networks.imdea.org\/es\/los-institutos-imdea-reciben-la-mencion-de-honor-madrid-a-la-cooperacion-publico-privada-con-resultados-de-investigacion-comercializados\/#breadcrumb"},"inLanguage":"es","potentialAction":[{"@type":"ReadAction","target":[["https:\/\/networks.imdea.org\/es\/los-institutos-imdea-reciben-la-mencion-de-honor-madrid-a-la-cooperacion-publico-privada-con-resultados-de-investigacion-comercializados\/"]]}]},{"@type":"ImageObject","inLanguage":"es","@id":"https:\/\/networks.imdea.org\/es\/los-institutos-imdea-reciben-la-mencion-de-honor-madrid-a-la-cooperacion-publico-privada-con-resultados-de-investigacion-comercializados\/#primaryimage","url":"https:\/\/networks.imdea.org\/wp-content\/uploads\/2015\/04\/2015-04-24-news-img-160x120px.png","contentUrl":"https:\/\/networks.imdea.org\/wp-content\/uploads\/2015\/04\/2015-04-24-news-img-160x120px.png","width":160,"height":120,"caption":"http:\/\/www.networks.imdea.org\/sites\/default\/files\/images\/news\/2015-04-24-news-img-160x120px.png"},{"@type":"BreadcrumbList","@id":"https:\/\/networks.imdea.org\/es\/los-institutos-imdea-reciben-la-mencion-de-honor-madrid-a-la-cooperacion-publico-privada-con-resultados-de-investigacion-comercializados\/#breadcrumb","itemListElement":[{"@type":"ListItem","position":1,"name":"Home","item":"https:\/\/networks.imdea.org\/es\/"},{"@type":"ListItem","position":2,"name":"The IMDEA institutes receive the madri+d Honorable Mention to Public-Private Cooperation with Marketed Research Results"}]},{"@type":"WebSite","@id":"https:\/\/networks.imdea.org\/es\/#website","url":"https:\/\/networks.imdea.org\/es\/","name":"IMDEA Networks","description":"IMDEA Networks Multisite","potentialAction":[{"@type":"SearchAction","target":{"@type":"EntryPoint","urlTemplate":"https:\/\/networks.imdea.org\/es\/?s={search_term_string}"},"query-input":{"@type":"PropertyValueSpecification","valueRequired":true,"valueName":"search_term_string"}}],"inLanguage":"es"},{"@type":"Person","@id":"https:\/\/networks.imdea.org\/#\/schema\/person\/f70fb6a680a52d2833b7db1bf8bbad67","name":"in_admin","image":{"@type":"ImageObject","inLanguage":"es","@id":"https:\/\/secure.gravatar.com\/avatar\/4fd5849709f4f0a3c17a6da181c537d91bc0fce2505fb75c0293ba6963162590?s=96&d=mm&r=g","url":"https:\/\/secure.gravatar.com\/avatar\/4fd5849709f4f0a3c17a6da181c537d91bc0fce2505fb75c0293ba6963162590?s=96&d=mm&r=g","contentUrl":"https:\/\/secure.gravatar.com\/avatar\/4fd5849709f4f0a3c17a6da181c537d91bc0fce2505fb75c0293ba6963162590?s=96&d=mm&r=g","caption":"in_admin"},"url":"https:\/\/networks.imdea.org\/es\/author\/in_admin\/"}]}},"_links":{"self":[{"href":"https:\/\/networks.imdea.org\/es\/wp-json\/wp\/v2\/posts\/8504","targetHints":{"allow":["GET"]}}],"collection":[{"href":"https:\/\/networks.imdea.org\/es\/wp-json\/wp\/v2\/posts"}],"about":[{"href":"https:\/\/networks.imdea.org\/es\/wp-json\/wp\/v2\/types\/post"}],"author":[{"embeddable":true,"href":"https:\/\/networks.imdea.org\/es\/wp-json\/wp\/v2\/users\/1"}],"replies":[{"embeddable":true,"href":"https:\/\/networks.imdea.org\/es\/wp-json\/wp\/v2\/comments?post=8504"}],"version-history":[{"count":1,"href":"https:\/\/networks.imdea.org\/es\/wp-json\/wp\/v2\/posts\/8504\/revisions"}],"predecessor-version":[{"id":16840,"href":"https:\/\/networks.imdea.org\/es\/wp-json\/wp\/v2\/posts\/8504\/revisions\/16840"}],"wp:featuredmedia":[{"embeddable":true,"href":"https:\/\/networks.imdea.org\/es\/wp-json\/wp\/v2\/media\/8505"}],"wp:attachment":[{"href":"https:\/\/networks.imdea.org\/es\/wp-json\/wp\/v2\/media?parent=8504"}],"wp:term":[{"taxonomy":"category","embeddable":true,"href":"https:\/\/networks.imdea.org\/es\/wp-json\/wp\/v2\/categories?post=8504"},{"taxonomy":"post_tag","embeddable":true,"href":"https:\/\/networks.imdea.org\/es\/wp-json\/wp\/v2\/tags?post=8504"}],"curies":[{"name":"wp","href":"https:\/\/api.w.org\/{rel}","templated":true}]}}