{"id":8465,"date":"2015-05-08T09:42:29","date_gmt":"2015-05-08T09:42:29","guid":{"rendered":"https:\/\/networks.imdea.org\/una-plataforma-para-medir-las-redes-de-banda-ancha-movil-en-europa\/"},"modified":"2021-03-09T13:45:15","modified_gmt":"2021-03-09T12:45:15","slug":"una-plataforma-para-medir-las-redes-de-banda-ancha-movil-en-europa","status":"publish","type":"post","link":"https:\/\/networks.imdea.org\/es\/una-plataforma-para-medir-las-redes-de-banda-ancha-movil-en-europa\/","title":{"rendered":"Una plataforma para medir las redes de banda ancha m\u00f3vil en Europa"},"content":{"rendered":"<p>IMDEA Networks ha anunciado el lanzamiento de un ambicioso proyecto de investigaci\u00f3n para medir las redes de banda ancha m\u00f3vil en Europa. Su objetivo es proporcionar datos objetivos para ayudarnos a entender y mejorar la calidad de experiencia del usuario final.<\/p>\n<hr \/>\n<p><strong>Las redes de Banda Ancha M\u00f3vil o redes BAM<\/strong> (<em>MBB &#8211; <\/em><em>Mobile Broadband<\/em>, por sus siglas en ingl\u00e9s) sustentan gran cantidad de operaciones vitales para la actual sociedad de la comunicaci\u00f3n y la informaci\u00f3n y podr\u00eda decirse que se est\u00e1n convirtiendo en la pieza m\u00e1s importante de la infraestructura de las comunicaciones modernas a nivel mundial. La inmensa popularidad de los dispositivos m\u00f3viles, como tel\u00e9fonos inteligentes y tabletas, junto con la disponibilidad de redes m\u00f3viles 3G y 4G de alta capacidad, han alterado radicalmente la manera en que la mayor\u00eda de las personas acceden Internet y lo utilizan, con una preferencia tan marcada como creciente hacia el acceso m\u00f3vil.<\/p>\n<p>Dada su importancia, hay una fuerte necesidad de datos objetivos acerca de la estabilidad y el rendimiento de las redes de banda ancha m\u00f3vil, y de herramientas para evaluar rigurosa y cient\u00edficamente su desempe\u00f1o. En particular, es importante medir y comprender c\u00f3mo la calidad es experimentada por el usuario final. Esta informaci\u00f3n es muy valiosa para muchos interesados, incluyendo los operadores, reguladores y formuladores de pol\u00edticas, las empresas cuyos servicios dependen de las redes BAM, los investigadores y expertos en innovaci\u00f3n y, por supuesto, los consumidores y la sociedad en su conjunto.<\/p>\n<p>El proyecto europeo <a href=\"https:\/\/www.monroe-project.eu\/\" target=\"_blank\" rel=\"noopener noreferrer\"><strong>MONROE<\/strong><\/a> (cuyo acr\u00f3nimo se traduce como \u201c<strong>Medici\u00f3n de redes de banda ancha m\u00f3vil en Europa<\/strong>\u201d), se ha lanzado para dise\u00f1ar, construir y operar una plataforma abierta y flexible, a escala europea, con capacidades <em>multi-homing<\/em> para ejecutar experimentos en redes operativas 3G\/4G de banda ancha m\u00f3vil. Uno de los principales objetivos de MONROE es el uso de la plataforma para la identificaci\u00f3n de los par\u00e1metros clave de rendimiento BAM, lo que permitir\u00eda una monitorizaci\u00f3n precisa, realista y significativa adem\u00e1s de la evaluaci\u00f3n del rendimiento de las redes BAM. MONROE tambi\u00e9n ofrece conectividad Wi-Fi imitando <em>multi-homing<\/em> en los tel\u00e9fonos inteligentes con interfaces tanto MBB como Wi-Fi, para permitir la experimentaci\u00f3n sobre diferentes tecnolog\u00edas de acceso, as\u00ed como explorar nuevas maneras de combinarlas para aumentar el rendimiento y la robustez.<\/p>\n<p>Los usuarios de la plataforma son el n\u00facleo del proyecto MONROE, por lo que no s\u00f3lo estar\u00e1 abierta a los socios, sino a los experimentadores y usuarios externos al proyecto, con lo que los beneficios de estas capacidades avanzadas de investigaci\u00f3n llegar\u00e1n todas las partes interesadas.<\/p>\n<p>Un equipo de cient\u00edficos de <a href=\"\/es\">IMDEA Networks<\/a> participa en este proyecto: <a href=\"http:\/\/people.networks.imdea.org\/~joerg_widmer\/\" target=\"_blank\" rel=\"noopener noreferrer\">Joerg Widmer<\/a>, <a href=\"http:\/\/people.networks.imdea.org\/~pierre_francois\/\" target=\"_blank\" rel=\"noopener noreferrer\">Pierre Fran\u00e7ois<\/a> y <a href=\"http:\/\/people.networks.imdea.org\/~vincenzo_mancuso\/\" target=\"_blank\" rel=\"noopener noreferrer\">Vincenzo Mancuso<\/a>, que es el gestor t\u00e9cnico. El resto de miembros del consorcio que conforma el proyecto son <a title=\"Simula Research Laboratory\" href=\"https:\/\/www.monroe-project.eu\/?page_id=197\" target=\"_blank\" rel=\"noopener noreferrer\">Simula Research Laboratory <\/a>(Noruega) [Coordinador de proyecto], <a title=\"Karlstad Universitet\" href=\"https:\/\/www.monroe-project.eu\/?page_id=208\" target=\"_blank\" rel=\"noopener noreferrer\">Karlstad University <\/a>(Suecia), <a title=\"Politecnico di Torino\" href=\"https:\/\/www.monroe-project.eu\/?page_id=211\" target=\"_blank\" rel=\"noopener noreferrer\">Politecnico Torino<\/a> (Italia), <a title=\"CELERWAY COMMUNICATIONS AS (Celerway)\" href=\"https:\/\/www.monroe-project.eu\/?page_id=215\" target=\"_blank\" rel=\"noopener noreferrer\">Celerway Communications<\/a> (Noruega) [Gestor de diseminaci\u00f3n y explotaci\u00f3n], <a title=\"TELENOR ASA (Telenor)\" href=\"https:\/\/www.monroe-project.eu\/?page_id=219\" target=\"_blank\" rel=\"noopener noreferrer\">Telenor<\/a> (Noruega), <a title=\"NETETT SVERIGE AB (NET1)\" href=\"https:\/\/www.monroe-project.eu\/?page_id=222\" target=\"_blank\" rel=\"noopener noreferrer\">NET1<\/a> (Suecia), <a href=\"http:\/\/www.nextworks.it\/\" target=\"_blank\" rel=\"noopener noreferrer\">Nextworks <\/a>(Italia) and <a href=\"http:\/\/www.gtt.to.it\/\" target=\"_blank\" rel=\"noopener noreferrer\">GTT <\/a>(Italia). MONROE estar\u00e1 operativo desde marzo de 2015 a febrero de 2018 y est\u00e1 financiado por la Uni\u00f3n Europea bajo el programa TIC H2020.<\/p>\n<p class=\"rtecenter\"><img decoding=\"async\" style=\"margin: 5px;\" src=\"\/wp-content\/uploads\/2020\/10\/monroe_project_illustration.png\" alt=\"monroe\" \/><\/p>\n<p>&nbsp;<\/p>","protected":false},"excerpt":{"rendered":"IMDEA Networks ha anunciado el lanzamiento de un ambicioso proyecto de investigaci\u00f3n para medir las redes de banda ancha m\u00f3vil en Europa. Su objetivo es proporcionar datos objetivos para ayudarnos a entender y mejorar la calidad de experiencia del usuario final. Las redes de Banda Ancha M\u00f3vil o redes BAM (MBB &#8211; Mobile Broadband, por&#8230;","protected":false},"author":1,"featured_media":8466,"comment_status":"open","ping_status":"open","sticky":false,"template":"","format":"standard","meta":{"_acf_changed":false,"footnotes":""},"categories":[1],"tags":[475,496],"class_list":["post-8465","post","type-post","status-publish","format-standard","has-post-thumbnail","hentry","category-sin-categoria","tag-mobile-devices","tag-network-measurements"],"acf":[],"yoast_head":"<!-- This site is optimized with the Yoast SEO plugin v27.4 - https:\/\/yoast.com\/product\/yoast-seo-wordpress\/ -->\n<title>Una plataforma para medir las redes de banda ancha m\u00f3vil en Europa - IMDEA Networks<\/title>\n<meta name=\"robots\" content=\"index, follow, max-snippet:-1, max-image-preview:large, max-video-preview:-1\" \/>\n<link rel=\"canonical\" href=\"https:\/\/networks.imdea.org\/es\/una-plataforma-para-medir-las-redes-de-banda-ancha-movil-en-europa\/\" \/>\n<meta property=\"og:locale\" content=\"es_ES\" \/>\n<meta property=\"og:type\" content=\"article\" \/>\n<meta property=\"og:title\" content=\"Una plataforma para medir las redes de banda ancha m\u00f3vil en Europa - IMDEA Networks\" \/>\n<meta property=\"og:description\" content=\"IMDEA Networks ha anunciado el lanzamiento de un ambicioso proyecto de investigaci\u00f3n para medir las redes de banda ancha m\u00f3vil en Europa. Su objetivo es proporcionar datos objetivos para ayudarnos a entender y mejorar la calidad de experiencia del usuario final. Las redes de Banda Ancha M\u00f3vil o redes BAM (MBB &#8211; Mobile Broadband, por...\" \/>\n<meta property=\"og:url\" content=\"https:\/\/networks.imdea.org\/es\/una-plataforma-para-medir-las-redes-de-banda-ancha-movil-en-europa\/\" \/>\n<meta property=\"og:site_name\" content=\"IMDEA Networks\" \/>\n<meta property=\"article:published_time\" content=\"2015-05-08T09:42:29+00:00\" \/>\n<meta property=\"article:modified_time\" content=\"2021-03-09T12:45:15+00:00\" \/>\n<meta property=\"og:image\" content=\"https:\/\/networks.imdea.org\/wp-content\/uploads\/2015\/05\/2015-05-08-news-img-160x120px.png\" \/>\n\t<meta property=\"og:image:width\" content=\"160\" \/>\n\t<meta property=\"og:image:height\" content=\"120\" \/>\n\t<meta property=\"og:image:type\" content=\"image\/png\" \/>\n<meta name=\"author\" content=\"in_admin\" \/>\n<meta name=\"twitter:card\" content=\"summary_large_image\" \/>\n<meta name=\"twitter:label1\" content=\"Escrito por\" \/>\n\t<meta name=\"twitter:data1\" content=\"in_admin\" \/>\n\t<meta name=\"twitter:label2\" content=\"Tiempo de lectura\" \/>\n\t<meta name=\"twitter:data2\" content=\"3 minutos\" \/>\n<script type=\"application\/ld+json\" class=\"yoast-schema-graph\">{\"@context\":\"https:\\\/\\\/schema.org\",\"@graph\":[{\"@type\":\"Article\",\"@id\":\"https:\\\/\\\/networks.imdea.org\\\/es\\\/una-plataforma-para-medir-las-redes-de-banda-ancha-movil-en-europa\\\/#article\",\"isPartOf\":{\"@id\":\"https:\\\/\\\/networks.imdea.org\\\/es\\\/una-plataforma-para-medir-las-redes-de-banda-ancha-movil-en-europa\\\/\"},\"author\":{\"name\":\"in_admin\",\"@id\":\"https:\\\/\\\/networks.imdea.org\\\/#\\\/schema\\\/person\\\/f70fb6a680a52d2833b7db1bf8bbad67\"},\"headline\":\"Una plataforma para medir las redes de banda ancha m\u00f3vil en Europa\",\"datePublished\":\"2015-05-08T09:42:29+00:00\",\"dateModified\":\"2021-03-09T12:45:15+00:00\",\"mainEntityOfPage\":{\"@id\":\"https:\\\/\\\/networks.imdea.org\\\/es\\\/una-plataforma-para-medir-las-redes-de-banda-ancha-movil-en-europa\\\/\"},\"wordCount\":997,\"commentCount\":0,\"image\":{\"@id\":\"https:\\\/\\\/networks.imdea.org\\\/es\\\/una-plataforma-para-medir-las-redes-de-banda-ancha-movil-en-europa\\\/#primaryimage\"},\"thumbnailUrl\":\"https:\\\/\\\/networks.imdea.org\\\/wp-content\\\/uploads\\\/2015\\\/05\\\/2015-05-08-news-img-160x120px.png\",\"keywords\":[\"Mobile devices\",\"Network measurements\"],\"articleSection\":[\"Noticias\"],\"inLanguage\":\"es\",\"potentialAction\":[{\"@type\":\"CommentAction\",\"name\":\"Comment\",\"target\":[\"https:\\\/\\\/networks.imdea.org\\\/es\\\/una-plataforma-para-medir-las-redes-de-banda-ancha-movil-en-europa\\\/#respond\"]}]},{\"@type\":\"WebPage\",\"@id\":\"https:\\\/\\\/networks.imdea.org\\\/es\\\/una-plataforma-para-medir-las-redes-de-banda-ancha-movil-en-europa\\\/\",\"url\":\"https:\\\/\\\/networks.imdea.org\\\/es\\\/una-plataforma-para-medir-las-redes-de-banda-ancha-movil-en-europa\\\/\",\"name\":\"Una plataforma para medir las redes de banda ancha m\u00f3vil en Europa - IMDEA Networks\",\"isPartOf\":{\"@id\":\"https:\\\/\\\/networks.imdea.org\\\/es\\\/#website\"},\"primaryImageOfPage\":{\"@id\":\"https:\\\/\\\/networks.imdea.org\\\/es\\\/una-plataforma-para-medir-las-redes-de-banda-ancha-movil-en-europa\\\/#primaryimage\"},\"image\":{\"@id\":\"https:\\\/\\\/networks.imdea.org\\\/es\\\/una-plataforma-para-medir-las-redes-de-banda-ancha-movil-en-europa\\\/#primaryimage\"},\"thumbnailUrl\":\"https:\\\/\\\/networks.imdea.org\\\/wp-content\\\/uploads\\\/2015\\\/05\\\/2015-05-08-news-img-160x120px.png\",\"datePublished\":\"2015-05-08T09:42:29+00:00\",\"dateModified\":\"2021-03-09T12:45:15+00:00\",\"author\":{\"@id\":\"https:\\\/\\\/networks.imdea.org\\\/#\\\/schema\\\/person\\\/f70fb6a680a52d2833b7db1bf8bbad67\"},\"breadcrumb\":{\"@id\":\"https:\\\/\\\/networks.imdea.org\\\/es\\\/una-plataforma-para-medir-las-redes-de-banda-ancha-movil-en-europa\\\/#breadcrumb\"},\"inLanguage\":\"es\",\"potentialAction\":[{\"@type\":\"ReadAction\",\"target\":[[\"https:\\\/\\\/networks.imdea.org\\\/es\\\/una-plataforma-para-medir-las-redes-de-banda-ancha-movil-en-europa\\\/\"]]}]},{\"@type\":\"ImageObject\",\"inLanguage\":\"es\",\"@id\":\"https:\\\/\\\/networks.imdea.org\\\/es\\\/una-plataforma-para-medir-las-redes-de-banda-ancha-movil-en-europa\\\/#primaryimage\",\"url\":\"https:\\\/\\\/networks.imdea.org\\\/wp-content\\\/uploads\\\/2015\\\/05\\\/2015-05-08-news-img-160x120px.png\",\"contentUrl\":\"https:\\\/\\\/networks.imdea.org\\\/wp-content\\\/uploads\\\/2015\\\/05\\\/2015-05-08-news-img-160x120px.png\",\"width\":160,\"height\":120,\"caption\":\"http:\\\/\\\/www.networks.imdea.org\\\/sites\\\/default\\\/files\\\/images\\\/news\\\/2015-05-08-news-img-160x120px.png\"},{\"@type\":\"BreadcrumbList\",\"@id\":\"https:\\\/\\\/networks.imdea.org\\\/es\\\/una-plataforma-para-medir-las-redes-de-banda-ancha-movil-en-europa\\\/#breadcrumb\",\"itemListElement\":[{\"@type\":\"ListItem\",\"position\":1,\"name\":\"Home\",\"item\":\"https:\\\/\\\/networks.imdea.org\\\/es\\\/\"},{\"@type\":\"ListItem\",\"position\":2,\"name\":\"Una plataforma para medir las redes de banda ancha m\u00f3vil en Europa\"}]},{\"@type\":\"WebSite\",\"@id\":\"https:\\\/\\\/networks.imdea.org\\\/es\\\/#website\",\"url\":\"https:\\\/\\\/networks.imdea.org\\\/es\\\/\",\"name\":\"IMDEA Networks\",\"description\":\"IMDEA Networks Multisite\",\"potentialAction\":[{\"@type\":\"SearchAction\",\"target\":{\"@type\":\"EntryPoint\",\"urlTemplate\":\"https:\\\/\\\/networks.imdea.org\\\/es\\\/?s={search_term_string}\"},\"query-input\":{\"@type\":\"PropertyValueSpecification\",\"valueRequired\":true,\"valueName\":\"search_term_string\"}}],\"inLanguage\":\"es\"},{\"@type\":\"Person\",\"@id\":\"https:\\\/\\\/networks.imdea.org\\\/#\\\/schema\\\/person\\\/f70fb6a680a52d2833b7db1bf8bbad67\",\"name\":\"in_admin\",\"image\":{\"@type\":\"ImageObject\",\"inLanguage\":\"es\",\"@id\":\"https:\\\/\\\/secure.gravatar.com\\\/avatar\\\/4fd5849709f4f0a3c17a6da181c537d91bc0fce2505fb75c0293ba6963162590?s=96&d=mm&r=g\",\"url\":\"https:\\\/\\\/secure.gravatar.com\\\/avatar\\\/4fd5849709f4f0a3c17a6da181c537d91bc0fce2505fb75c0293ba6963162590?s=96&d=mm&r=g\",\"contentUrl\":\"https:\\\/\\\/secure.gravatar.com\\\/avatar\\\/4fd5849709f4f0a3c17a6da181c537d91bc0fce2505fb75c0293ba6963162590?s=96&d=mm&r=g\",\"caption\":\"in_admin\"},\"url\":\"https:\\\/\\\/networks.imdea.org\\\/es\\\/author\\\/in_admin\\\/\"}]}<\/script>\n<!-- \/ Yoast SEO plugin. -->","yoast_head_json":{"title":"Una plataforma para medir las redes de banda ancha m\u00f3vil en Europa - IMDEA Networks","robots":{"index":"index","follow":"follow","max-snippet":"max-snippet:-1","max-image-preview":"max-image-preview:large","max-video-preview":"max-video-preview:-1"},"canonical":"https:\/\/networks.imdea.org\/es\/una-plataforma-para-medir-las-redes-de-banda-ancha-movil-en-europa\/","og_locale":"es_ES","og_type":"article","og_title":"Una plataforma para medir las redes de banda ancha m\u00f3vil en Europa - IMDEA Networks","og_description":"IMDEA Networks ha anunciado el lanzamiento de un ambicioso proyecto de investigaci\u00f3n para medir las redes de banda ancha m\u00f3vil en Europa. Su objetivo es proporcionar datos objetivos para ayudarnos a entender y mejorar la calidad de experiencia del usuario final. Las redes de Banda Ancha M\u00f3vil o redes BAM (MBB &#8211; Mobile Broadband, por...","og_url":"https:\/\/networks.imdea.org\/es\/una-plataforma-para-medir-las-redes-de-banda-ancha-movil-en-europa\/","og_site_name":"IMDEA Networks","article_published_time":"2015-05-08T09:42:29+00:00","article_modified_time":"2021-03-09T12:45:15+00:00","og_image":[{"width":160,"height":120,"url":"https:\/\/networks.imdea.org\/wp-content\/uploads\/2015\/05\/2015-05-08-news-img-160x120px.png","type":"image\/png"}],"author":"in_admin","twitter_card":"summary_large_image","twitter_misc":{"Escrito por":"in_admin","Tiempo de lectura":"3 minutos"},"schema":{"@context":"https:\/\/schema.org","@graph":[{"@type":"Article","@id":"https:\/\/networks.imdea.org\/es\/una-plataforma-para-medir-las-redes-de-banda-ancha-movil-en-europa\/#article","isPartOf":{"@id":"https:\/\/networks.imdea.org\/es\/una-plataforma-para-medir-las-redes-de-banda-ancha-movil-en-europa\/"},"author":{"name":"in_admin","@id":"https:\/\/networks.imdea.org\/#\/schema\/person\/f70fb6a680a52d2833b7db1bf8bbad67"},"headline":"Una plataforma para medir las redes de banda ancha m\u00f3vil en Europa","datePublished":"2015-05-08T09:42:29+00:00","dateModified":"2021-03-09T12:45:15+00:00","mainEntityOfPage":{"@id":"https:\/\/networks.imdea.org\/es\/una-plataforma-para-medir-las-redes-de-banda-ancha-movil-en-europa\/"},"wordCount":997,"commentCount":0,"image":{"@id":"https:\/\/networks.imdea.org\/es\/una-plataforma-para-medir-las-redes-de-banda-ancha-movil-en-europa\/#primaryimage"},"thumbnailUrl":"https:\/\/networks.imdea.org\/wp-content\/uploads\/2015\/05\/2015-05-08-news-img-160x120px.png","keywords":["Mobile devices","Network measurements"],"articleSection":["Noticias"],"inLanguage":"es","potentialAction":[{"@type":"CommentAction","name":"Comment","target":["https:\/\/networks.imdea.org\/es\/una-plataforma-para-medir-las-redes-de-banda-ancha-movil-en-europa\/#respond"]}]},{"@type":"WebPage","@id":"https:\/\/networks.imdea.org\/es\/una-plataforma-para-medir-las-redes-de-banda-ancha-movil-en-europa\/","url":"https:\/\/networks.imdea.org\/es\/una-plataforma-para-medir-las-redes-de-banda-ancha-movil-en-europa\/","name":"Una plataforma para medir las redes de banda ancha m\u00f3vil en Europa - IMDEA Networks","isPartOf":{"@id":"https:\/\/networks.imdea.org\/es\/#website"},"primaryImageOfPage":{"@id":"https:\/\/networks.imdea.org\/es\/una-plataforma-para-medir-las-redes-de-banda-ancha-movil-en-europa\/#primaryimage"},"image":{"@id":"https:\/\/networks.imdea.org\/es\/una-plataforma-para-medir-las-redes-de-banda-ancha-movil-en-europa\/#primaryimage"},"thumbnailUrl":"https:\/\/networks.imdea.org\/wp-content\/uploads\/2015\/05\/2015-05-08-news-img-160x120px.png","datePublished":"2015-05-08T09:42:29+00:00","dateModified":"2021-03-09T12:45:15+00:00","author":{"@id":"https:\/\/networks.imdea.org\/#\/schema\/person\/f70fb6a680a52d2833b7db1bf8bbad67"},"breadcrumb":{"@id":"https:\/\/networks.imdea.org\/es\/una-plataforma-para-medir-las-redes-de-banda-ancha-movil-en-europa\/#breadcrumb"},"inLanguage":"es","potentialAction":[{"@type":"ReadAction","target":[["https:\/\/networks.imdea.org\/es\/una-plataforma-para-medir-las-redes-de-banda-ancha-movil-en-europa\/"]]}]},{"@type":"ImageObject","inLanguage":"es","@id":"https:\/\/networks.imdea.org\/es\/una-plataforma-para-medir-las-redes-de-banda-ancha-movil-en-europa\/#primaryimage","url":"https:\/\/networks.imdea.org\/wp-content\/uploads\/2015\/05\/2015-05-08-news-img-160x120px.png","contentUrl":"https:\/\/networks.imdea.org\/wp-content\/uploads\/2015\/05\/2015-05-08-news-img-160x120px.png","width":160,"height":120,"caption":"http:\/\/www.networks.imdea.org\/sites\/default\/files\/images\/news\/2015-05-08-news-img-160x120px.png"},{"@type":"BreadcrumbList","@id":"https:\/\/networks.imdea.org\/es\/una-plataforma-para-medir-las-redes-de-banda-ancha-movil-en-europa\/#breadcrumb","itemListElement":[{"@type":"ListItem","position":1,"name":"Home","item":"https:\/\/networks.imdea.org\/es\/"},{"@type":"ListItem","position":2,"name":"Una plataforma para medir las redes de banda ancha m\u00f3vil en Europa"}]},{"@type":"WebSite","@id":"https:\/\/networks.imdea.org\/es\/#website","url":"https:\/\/networks.imdea.org\/es\/","name":"IMDEA Networks","description":"IMDEA Networks Multisite","potentialAction":[{"@type":"SearchAction","target":{"@type":"EntryPoint","urlTemplate":"https:\/\/networks.imdea.org\/es\/?s={search_term_string}"},"query-input":{"@type":"PropertyValueSpecification","valueRequired":true,"valueName":"search_term_string"}}],"inLanguage":"es"},{"@type":"Person","@id":"https:\/\/networks.imdea.org\/#\/schema\/person\/f70fb6a680a52d2833b7db1bf8bbad67","name":"in_admin","image":{"@type":"ImageObject","inLanguage":"es","@id":"https:\/\/secure.gravatar.com\/avatar\/4fd5849709f4f0a3c17a6da181c537d91bc0fce2505fb75c0293ba6963162590?s=96&d=mm&r=g","url":"https:\/\/secure.gravatar.com\/avatar\/4fd5849709f4f0a3c17a6da181c537d91bc0fce2505fb75c0293ba6963162590?s=96&d=mm&r=g","contentUrl":"https:\/\/secure.gravatar.com\/avatar\/4fd5849709f4f0a3c17a6da181c537d91bc0fce2505fb75c0293ba6963162590?s=96&d=mm&r=g","caption":"in_admin"},"url":"https:\/\/networks.imdea.org\/es\/author\/in_admin\/"}]}},"_links":{"self":[{"href":"https:\/\/networks.imdea.org\/es\/wp-json\/wp\/v2\/posts\/8465","targetHints":{"allow":["GET"]}}],"collection":[{"href":"https:\/\/networks.imdea.org\/es\/wp-json\/wp\/v2\/posts"}],"about":[{"href":"https:\/\/networks.imdea.org\/es\/wp-json\/wp\/v2\/types\/post"}],"author":[{"embeddable":true,"href":"https:\/\/networks.imdea.org\/es\/wp-json\/wp\/v2\/users\/1"}],"replies":[{"embeddable":true,"href":"https:\/\/networks.imdea.org\/es\/wp-json\/wp\/v2\/comments?post=8465"}],"version-history":[{"count":2,"href":"https:\/\/networks.imdea.org\/es\/wp-json\/wp\/v2\/posts\/8465\/revisions"}],"predecessor-version":[{"id":21749,"href":"https:\/\/networks.imdea.org\/es\/wp-json\/wp\/v2\/posts\/8465\/revisions\/21749"}],"wp:featuredmedia":[{"embeddable":true,"href":"https:\/\/networks.imdea.org\/es\/wp-json\/wp\/v2\/media\/8466"}],"wp:attachment":[{"href":"https:\/\/networks.imdea.org\/es\/wp-json\/wp\/v2\/media?parent=8465"}],"wp:term":[{"taxonomy":"category","embeddable":true,"href":"https:\/\/networks.imdea.org\/es\/wp-json\/wp\/v2\/categories?post=8465"},{"taxonomy":"post_tag","embeddable":true,"href":"https:\/\/networks.imdea.org\/es\/wp-json\/wp\/v2\/tags?post=8465"}],"curies":[{"name":"wp","href":"https:\/\/api.w.org\/{rel}","templated":true}]}}