{"id":8456,"date":"2015-03-02T10:46:54","date_gmt":"2015-03-02T10:46:54","guid":{"rendered":"https:\/\/networks.imdea.org\/5g-la-nueva-generacion-de-redes-moviles-para-la-internet-del-futuro\/"},"modified":"2021-01-22T18:02:45","modified_gmt":"2021-01-22T17:02:45","slug":"5g-la-nueva-generacion-de-redes-moviles-para-la-internet-del-futuro","status":"publish","type":"post","link":"https:\/\/networks.imdea.org\/es\/5g-la-nueva-generacion-de-redes-moviles-para-la-internet-del-futuro\/","title":{"rendered":"5G: la nueva generaci\u00f3n de redes m\u00f3viles para la Internet del futuro"},"content":{"rendered":"<p><strong>Autores: <\/strong><\/p>\n<div class=\"grid-2\"><a href=\"https:\/\/networks.imdea.org\/es\/equipo\/equipo-imdea-networks\/personas\/arturo-azcorra\/\" target=\"_blank\" rel=\"noopener\">Arturo Azcorra<\/a>, director de <a href=\"\/es\">IMDEA Networks Institute<\/a> y catedr\u00e1tico de la <a href=\"http:\/\/www.uc3m.es\/Home\" target=\"_blank\" rel=\"noopener noreferrer\">Universidad Carlos III de Madrid<\/a>.;<\/div>\n<div class=\"grid-2\"><a href=\"https:\/\/networks.imdea.org\/es\/equipo\/equipo-imdea-networks\/personas\/albert-banchs\/\" target=\"_blank\" rel=\"noopener\">Albert Banchs,<\/a> director adjunto de <a href=\"\/es\">IMDEA Networks Institute<\/a> y profesor titular de la <a href=\"http:\/\/www.uc3m.es\/Home\" target=\"_blank\" rel=\"noopener noreferrer\">Universidad Carlos III de Madrid<\/a>.<\/div>\n<div style=\"clear: both;\"><\/div>\n<hr \/>\n<p><img decoding=\"async\" style=\"float: left; height: 120px; margin: 10px; width: 160px;\" src=\"\/wp-content\/uploads\/2020\/10\/2015-03-02-news-img-160x120px_0.png\" alt=\"5G\" \/>Mientras que el despliegue de las redes m\u00f3viles de 4\u00aa generaci\u00f3n a\u00fan no se ha completado, los operadores y fabricantes de equipos m\u00f3viles, as\u00ed como los equipos de investigaci\u00f3n punteros en este campo, han lanzado una serie de iniciativas de I+D para desarrollar la tecnolog\u00eda m\u00f3vil de 5\u00aa generaci\u00f3n, llamada 5G, con la idea de comercializar dicha tecnolog\u00eda para el 2020.<\/p>\n<p>El 5G representa un cambio de paradigma en la concepci\u00f3n de las redes m\u00f3viles que revoluciona dicha tecnolog\u00eda con el fin de soportar los requisitos de caudal, latencia y escalabilidad necesarios para satisfacer casos de uso tan extremos como pueden ser la realidad aumentada o la conexi\u00f3n de billones de dispositivos.<\/p>\n<p>Las futuras Redes 5G transformar\u00e1n nuestra forma de percibir y de relacionarnos con el mundo que nos rodea. La combinaci\u00f3n de avances de las Redes 5G transformar\u00e1 la realidad actual en una \u201crealidad conectada\u201d, en la que todos los objetos y todas las personas est\u00e1n conectados entre s\u00ed, formando un todo \u00fanico. Las Redes 5G permitir\u00e1n conectar m\u00e1s de seis millones de millones de personas, lo que incluye a todos los habitantes del planeta, y adicionalmente, del orden de mil objetos por cada uno de ellos. Cada persona estar\u00e1 permanente conectada a sus m\u00e9dicos, sus amigos, sus compa\u00f1eros de trabajo, clientes\/proveedores, servicios de seguridad, pero adem\u00e1s, estar\u00e1 conectada a su autom\u00f3vil, su nevera, su tienda del pan favorita, lugares de ocio, metro, aeropuerto, vivienda, y en suma, todo objeto que tenga un cierto inter\u00e9s para nosotros. Los objetos estar\u00e1n igualmente conectados, por lo que un \u201cpalet\u201d podr\u00e1 \u201cquejarse\u201d a su empresa de origen que su ruta de entrega es incorrecta, y nuestra caldera podr\u00e1 descargarse software de control que la haga m\u00e1s eficiente.<\/p>\n<p>La cantidad de dispositivos conectados se ver\u00e1 complementada por un incremento de la capacidad de la red de tres \u00f3rdenes de magnitud. Las redes 5G podr\u00e1n por tanto transportar un volumen de datos m\u00f3viles 1.000 veces mayor que as redes 4G que est\u00e1n despleg\u00e1ndose en la actualidad. Esa capacidad masiva de comunicaci\u00f3n permitir\u00e1 que cada persona y objeto accedan, env\u00eden o intercambien, de forma cuasi instant\u00e1nea, las sensaciones de su preferencia. La red se est\u00e1 dise\u00f1ando para poder integrar todas las interfaces multimodales: dispositivos de realidad aumentada, interfaces de ondas cerebrales, o la implantaci\u00f3n de biochips de interfaz, permitir\u00e1 a los usuarios de las redes 5G interactuar entre ellos, y con todos los objetos conectados de una manera totalmente natural, sin percibir dispositivos externos, como una extensi\u00f3n de sus cinco sentidos. Dicho intercambio de imagen estereosc\u00f3pica, olores, informaci\u00f3n t\u00e1ctil u ondas cerebrales se podr\u00e1 realizar estemos donde estemos. Porque, al contrario de lo que sucede con los sistemas 4G, las Redes 5G se est\u00e1n dise\u00f1ado para disponer de cobertura geogr\u00e1fica universal, con la ventaja a\u00f1adida de una mayor uniformidad de servicio respecto a la posici\u00f3n relativa entre la estaci\u00f3n base y el borde de la c\u00e9lula.<\/p>\n<p>El coraz\u00f3n de la red se basar\u00e1 en el desarrollo intensivo de las actuales tecnolog\u00edas de virtualizaci\u00f3n, convergiendo con tecnolog\u00edas de \u201ccloud computing\u201d. De esta forma, en las redes 5G el software jugar\u00e1 un papel mucho m\u00e1s relevante que en las redes actuales. Una gran parte del hardware de comunicaci\u00f3n espec\u00edfico que tenemos hoy en d\u00eda se sustituir\u00e1 por plataformas computacionales de prop\u00f3sito general que proporcionar\u00e1n los servicios de comunicaci\u00f3n necesarios mediante software. Ello proporciona permitir\u00e1 un control de red mucho m\u00e1s flexible y econ\u00f3mico que el actual, con una mejor integraci\u00f3n con los servicios soportados, y con los procesos de negocio de las operadoras de telecomunicaci\u00f3n. Esto permitir\u00e1 reducir el plazo de despliegue en producci\u00f3n de un nuevo servicio desde los actuales 90 d\u00edas, a un tiempo tan reducido como son 90 minutos. La oferta de servicios soportado ser\u00e1 por tanto mucho m\u00e1s din\u00e1mica y adaptada a las necesidades de los usuarios, particulares o profesionales.<\/p>\n<p>La reducci\u00f3n del consumo energ\u00e9tico es otro de los elementos clave de las Redes 5G. Si aument\u00e1semos la capacidad de la red 1.000 veces con la tecnolog\u00eda actual, el consumo energ\u00e9tico de las mismas ser\u00eda tan alto que no podr\u00eda proporcionarse. Por ello, la eficiencia energ\u00e9tica es otro de los principales criterios de dise\u00f1o de las redes 5G, tanto por lo que se refiere a terminales como elementos de red, as\u00ed como el dise\u00f1o de la red en su conjunto. En las redes 5G se est\u00e1n desarrollando por ello tecnolog\u00edas con un consumo energ\u00e9tico relativo de tan solo el 10% del actual, de cara a minimizar el impacto medioambiental derivado de 5G.<\/p>\n<p>En resumen, las Redes 5G nos llevar\u00e1n a un mundo en el que la distancia no existe, y en el que nuestro ser y percibir se fusionar\u00e1 con el de nuestros semejantes y con el de los objetos que nos rodean.<\/p>\n<p>La Uni\u00f3n Europea, con el programa marco de investigaci\u00f3n \u201cHorizon 2020\u201d, que opera desde 2014 por un per\u00edodo de 7 a\u00f1os con un presupuesto estimado de 80 mil millones de euros, ha dise\u00f1ado un programa espec\u00edfico en \u201cInfraestructura avanzada Horizonte 2020 de redes 5G para la Futura Internet\u201d (\u201cHorizon 2020 Advanced 5G Network Infrastructure for Future Internet PPP\u201d) para centrarse en esta tecnolog\u00eda. Dicho programa ha recibido un presupuesto de 700 millones de euros de la Comisi\u00f3n Europea, y entre 3.500 y 7.000 millones de euros de los participantes privados. El instituto de investigaci\u00f3n IMDEA Networks es uno de los principales l\u00edderes a nivel europeo en el campo de las Redes 5G.<\/p>\n<p>IMDEA Networks es el coordinador del proyecto <a href=\"http:\/\/www.ict-ijoin.eu\/\" target=\"_blank\" rel=\"noopener noreferrer\">iJOIN<\/a>, que es uno de los principales proyectos europeos en el campo de las redes 5G. \u00c9ste fue el primer proyecto de investigaci\u00f3n y desarrollo tecnol\u00f3gico (RTD) europeo coordinado por un Instituto IMDEA, recibi\u00f3 el acc\u00e9sit al Premio madri+d al Mejor Proyecto Europeo I+D en Cooperaci\u00f3n concedido por la Fundaci\u00f3n para el Conocimiento madri+d, y ha sido seleccionado recientemente para una demostraci\u00f3n al comisario de Econom\u00eda y Sociedad Digital en la Comisi\u00f3n Europea, G\u00fcnther Oettinger, en el <a href=\"http:\/\/www.mobileworldcongress.com\/about\/start-here\/2015-preview\/\" target=\"_blank\" rel=\"noopener noreferrer\">Mobile World Congress 2015<\/a>.<\/p>\n<p>Por otra parte, IMDEA Networks Institute y <a href=\"http:\/\/www.tid.es\/es\" target=\"_blank\" rel=\"noopener noreferrer\">Telef\u00f3nica Investigaci\u00f3n y Desarrollo<\/a> han creado recientemente una Unidad Conjunta de Investigaci\u00f3n (JRU, por sus siglas en ingl\u00e9s) denominada \u00abUnidad Conjunta de Investigaci\u00f3n Telef\u00f3nica I+D\u2013Instituto IMDEA Networks en tecnolog\u00edas 5G\u00bb, cuyo objetivo es establecer una asociaci\u00f3n estrat\u00e9gica que proporcione un marco operativo para una estrecha interacci\u00f3n en un variado conjunto de actividades cient\u00edficas.<\/p>\n<p>Hay tres proyectos m\u00e1s asociados al trabajo del instituto sobre redes 5G. En primer lugar, se ha concedido una prestigiosa ERC Consolidator Grant al investigador de IMDEA Networks <a href=\"http:\/\/people.networks.imdea.org\/~joerg_widmer\/\" target=\"_blank\" rel=\"noopener noreferrer\">Joerg Widmer<\/a> para el desarrollo del proyecto <a href=\"https:\/\/networks.imdea.org\/es\/proyectos\/searchlight\/\" target=\"_blank\" rel=\"noopener\">SEARCHLIGHT<\/a>, que se centra en redes de 60GHz, una de las tecnolog\u00edas clave dentro de 5G. Este proyecto ha recibido una financiaci\u00f3n de 1,7M\u20ac para los pr\u00f3ximos cinco a\u00f1os. Adem\u00e1s, IMDEA Networks es el coordinador t\u00e9cnico del proyecto europeo <a href=\"https:\/\/networks.imdea.org\/es\/proyectos\/crowd\/\" target=\"_blank\" rel=\"noopener noreferrer\">CROWD<\/a>, que ha sido seleccionado por la Comisi\u00f3n Europea como uno de los proyectos precursores a la 5G. En tercer lugar, IMDEA Networks est\u00e1 liderando el proyecto de la Comunidad de Madrid <a href=\"https:\/\/networks.imdea.org\/es\/proyectos\/tigre5-cm\/\" target=\"_blank\" rel=\"noopener\">TIGRE5<\/a>, que se centra en esta tecnolog\u00eda y agrupa a los principales equipos de investigaci\u00f3n de Madrid que trabajan en este campo.<\/p>\n<p>Por \u00faltimo, cabe destacar que IMDEA Networks es uno de los pocos socios acad\u00e9micos representados en la <a href=\"http:\/\/5g-ppp.eu\/\" target=\"_blank\" rel=\"noopener noreferrer\">5G-PPP<\/a> Association, Partnership Board, y el ETP Steering Board, que son las entidades que lidera el desarrollo del programa europeo en la tecnolog\u00eda 5G.<\/p>\n<p>&nbsp;<\/p>","protected":false},"excerpt":{"rendered":"Autores: Arturo Azcorra, director de IMDEA Networks Institute y catedr\u00e1tico de la Universidad Carlos III de Madrid.; Albert Banchs, director adjunto de IMDEA Networks Institute y profesor titular de la Universidad Carlos III de Madrid. Mientras que el despliegue de las redes m\u00f3viles de 4\u00aa generaci\u00f3n a\u00fan no se ha completado, los operadores y fabricantes&#8230;","protected":false},"author":1,"featured_media":13804,"comment_status":"open","ping_status":"open","sticky":false,"template":"","format":"standard","meta":{"_acf_changed":false,"footnotes":""},"categories":[1],"tags":[468],"class_list":["post-8456","post","type-post","status-publish","format-standard","has-post-thumbnail","hentry","category-sin-categoria","tag-5g"],"acf":[],"yoast_head":"<!-- This site is optimized with the Yoast SEO plugin v27.4 - https:\/\/yoast.com\/product\/yoast-seo-wordpress\/ -->\n<title>5G: la nueva generaci\u00f3n de redes m\u00f3viles para la Internet del futuro - IMDEA Networks<\/title>\n<meta name=\"robots\" content=\"index, follow, max-snippet:-1, max-image-preview:large, max-video-preview:-1\" \/>\n<link rel=\"canonical\" href=\"https:\/\/networks.imdea.org\/es\/5g-la-nueva-generacion-de-redes-moviles-para-la-internet-del-futuro\/\" \/>\n<meta property=\"og:locale\" content=\"es_ES\" \/>\n<meta property=\"og:type\" content=\"article\" \/>\n<meta property=\"og:title\" content=\"5G: la nueva generaci\u00f3n de redes m\u00f3viles para la Internet del futuro - IMDEA Networks\" \/>\n<meta property=\"og:description\" content=\"Autores: Arturo Azcorra, director de IMDEA Networks Institute y catedr\u00e1tico de la Universidad Carlos III de Madrid.; Albert Banchs, director adjunto de IMDEA Networks Institute y profesor titular de la Universidad Carlos III de Madrid. Mientras que el despliegue de las redes m\u00f3viles de 4\u00aa generaci\u00f3n a\u00fan no se ha completado, los operadores y fabricantes...\" \/>\n<meta property=\"og:url\" content=\"https:\/\/networks.imdea.org\/es\/5g-la-nueva-generacion-de-redes-moviles-para-la-internet-del-futuro\/\" \/>\n<meta property=\"og:site_name\" content=\"IMDEA Networks\" \/>\n<meta property=\"article:published_time\" content=\"2015-03-02T10:46:54+00:00\" \/>\n<meta property=\"article:modified_time\" content=\"2021-01-22T17:02:45+00:00\" \/>\n<meta property=\"og:image\" content=\"https:\/\/networks.imdea.org\/wp-content\/uploads\/2020\/04\/5g_.jpg\" \/>\n\t<meta property=\"og:image:width\" content=\"649\" \/>\n\t<meta property=\"og:image:height\" content=\"366\" \/>\n\t<meta property=\"og:image:type\" content=\"image\/jpeg\" \/>\n<meta name=\"author\" content=\"in_admin\" \/>\n<meta name=\"twitter:card\" content=\"summary_large_image\" \/>\n<meta name=\"twitter:label1\" content=\"Escrito por\" \/>\n\t<meta name=\"twitter:data1\" content=\"in_admin\" \/>\n\t<meta name=\"twitter:label2\" content=\"Tiempo de lectura\" \/>\n\t<meta name=\"twitter:data2\" content=\"6 minutos\" \/>\n<script type=\"application\/ld+json\" class=\"yoast-schema-graph\">{\"@context\":\"https:\\\/\\\/schema.org\",\"@graph\":[{\"@type\":\"Article\",\"@id\":\"https:\\\/\\\/networks.imdea.org\\\/es\\\/5g-la-nueva-generacion-de-redes-moviles-para-la-internet-del-futuro\\\/#article\",\"isPartOf\":{\"@id\":\"https:\\\/\\\/networks.imdea.org\\\/es\\\/5g-la-nueva-generacion-de-redes-moviles-para-la-internet-del-futuro\\\/\"},\"author\":{\"name\":\"in_admin\",\"@id\":\"https:\\\/\\\/networks.imdea.org\\\/#\\\/schema\\\/person\\\/f70fb6a680a52d2833b7db1bf8bbad67\"},\"headline\":\"5G: la nueva generaci\u00f3n de redes m\u00f3viles para la Internet del futuro\",\"datePublished\":\"2015-03-02T10:46:54+00:00\",\"dateModified\":\"2021-01-22T17:02:45+00:00\",\"mainEntityOfPage\":{\"@id\":\"https:\\\/\\\/networks.imdea.org\\\/es\\\/5g-la-nueva-generacion-de-redes-moviles-para-la-internet-del-futuro\\\/\"},\"wordCount\":2535,\"commentCount\":0,\"image\":{\"@id\":\"https:\\\/\\\/networks.imdea.org\\\/es\\\/5g-la-nueva-generacion-de-redes-moviles-para-la-internet-del-futuro\\\/#primaryimage\"},\"thumbnailUrl\":\"https:\\\/\\\/networks.imdea.org\\\/wp-content\\\/uploads\\\/2020\\\/04\\\/5g_.jpg\",\"keywords\":[\"5G\"],\"articleSection\":[\"Noticias\"],\"inLanguage\":\"es\",\"potentialAction\":[{\"@type\":\"CommentAction\",\"name\":\"Comment\",\"target\":[\"https:\\\/\\\/networks.imdea.org\\\/es\\\/5g-la-nueva-generacion-de-redes-moviles-para-la-internet-del-futuro\\\/#respond\"]}]},{\"@type\":\"WebPage\",\"@id\":\"https:\\\/\\\/networks.imdea.org\\\/es\\\/5g-la-nueva-generacion-de-redes-moviles-para-la-internet-del-futuro\\\/\",\"url\":\"https:\\\/\\\/networks.imdea.org\\\/es\\\/5g-la-nueva-generacion-de-redes-moviles-para-la-internet-del-futuro\\\/\",\"name\":\"5G: la nueva generaci\u00f3n de redes m\u00f3viles para la Internet del futuro - IMDEA Networks\",\"isPartOf\":{\"@id\":\"https:\\\/\\\/networks.imdea.org\\\/es\\\/#website\"},\"primaryImageOfPage\":{\"@id\":\"https:\\\/\\\/networks.imdea.org\\\/es\\\/5g-la-nueva-generacion-de-redes-moviles-para-la-internet-del-futuro\\\/#primaryimage\"},\"image\":{\"@id\":\"https:\\\/\\\/networks.imdea.org\\\/es\\\/5g-la-nueva-generacion-de-redes-moviles-para-la-internet-del-futuro\\\/#primaryimage\"},\"thumbnailUrl\":\"https:\\\/\\\/networks.imdea.org\\\/wp-content\\\/uploads\\\/2020\\\/04\\\/5g_.jpg\",\"datePublished\":\"2015-03-02T10:46:54+00:00\",\"dateModified\":\"2021-01-22T17:02:45+00:00\",\"author\":{\"@id\":\"https:\\\/\\\/networks.imdea.org\\\/#\\\/schema\\\/person\\\/f70fb6a680a52d2833b7db1bf8bbad67\"},\"breadcrumb\":{\"@id\":\"https:\\\/\\\/networks.imdea.org\\\/es\\\/5g-la-nueva-generacion-de-redes-moviles-para-la-internet-del-futuro\\\/#breadcrumb\"},\"inLanguage\":\"es\",\"potentialAction\":[{\"@type\":\"ReadAction\",\"target\":[[\"https:\\\/\\\/networks.imdea.org\\\/es\\\/5g-la-nueva-generacion-de-redes-moviles-para-la-internet-del-futuro\\\/\"]]}]},{\"@type\":\"ImageObject\",\"inLanguage\":\"es\",\"@id\":\"https:\\\/\\\/networks.imdea.org\\\/es\\\/5g-la-nueva-generacion-de-redes-moviles-para-la-internet-del-futuro\\\/#primaryimage\",\"url\":\"https:\\\/\\\/networks.imdea.org\\\/wp-content\\\/uploads\\\/2020\\\/04\\\/5g_.jpg\",\"contentUrl\":\"https:\\\/\\\/networks.imdea.org\\\/wp-content\\\/uploads\\\/2020\\\/04\\\/5g_.jpg\",\"width\":649,\"height\":366},{\"@type\":\"BreadcrumbList\",\"@id\":\"https:\\\/\\\/networks.imdea.org\\\/es\\\/5g-la-nueva-generacion-de-redes-moviles-para-la-internet-del-futuro\\\/#breadcrumb\",\"itemListElement\":[{\"@type\":\"ListItem\",\"position\":1,\"name\":\"Home\",\"item\":\"https:\\\/\\\/networks.imdea.org\\\/es\\\/\"},{\"@type\":\"ListItem\",\"position\":2,\"name\":\"5G: la nueva generaci\u00f3n de redes m\u00f3viles para la Internet del futuro\"}]},{\"@type\":\"WebSite\",\"@id\":\"https:\\\/\\\/networks.imdea.org\\\/es\\\/#website\",\"url\":\"https:\\\/\\\/networks.imdea.org\\\/es\\\/\",\"name\":\"IMDEA Networks\",\"description\":\"IMDEA Networks Multisite\",\"potentialAction\":[{\"@type\":\"SearchAction\",\"target\":{\"@type\":\"EntryPoint\",\"urlTemplate\":\"https:\\\/\\\/networks.imdea.org\\\/es\\\/?s={search_term_string}\"},\"query-input\":{\"@type\":\"PropertyValueSpecification\",\"valueRequired\":true,\"valueName\":\"search_term_string\"}}],\"inLanguage\":\"es\"},{\"@type\":\"Person\",\"@id\":\"https:\\\/\\\/networks.imdea.org\\\/#\\\/schema\\\/person\\\/f70fb6a680a52d2833b7db1bf8bbad67\",\"name\":\"in_admin\",\"image\":{\"@type\":\"ImageObject\",\"inLanguage\":\"es\",\"@id\":\"https:\\\/\\\/secure.gravatar.com\\\/avatar\\\/4fd5849709f4f0a3c17a6da181c537d91bc0fce2505fb75c0293ba6963162590?s=96&d=mm&r=g\",\"url\":\"https:\\\/\\\/secure.gravatar.com\\\/avatar\\\/4fd5849709f4f0a3c17a6da181c537d91bc0fce2505fb75c0293ba6963162590?s=96&d=mm&r=g\",\"contentUrl\":\"https:\\\/\\\/secure.gravatar.com\\\/avatar\\\/4fd5849709f4f0a3c17a6da181c537d91bc0fce2505fb75c0293ba6963162590?s=96&d=mm&r=g\",\"caption\":\"in_admin\"},\"url\":\"https:\\\/\\\/networks.imdea.org\\\/es\\\/author\\\/in_admin\\\/\"}]}<\/script>\n<!-- \/ Yoast SEO plugin. -->","yoast_head_json":{"title":"5G: la nueva generaci\u00f3n de redes m\u00f3viles para la Internet del futuro - IMDEA Networks","robots":{"index":"index","follow":"follow","max-snippet":"max-snippet:-1","max-image-preview":"max-image-preview:large","max-video-preview":"max-video-preview:-1"},"canonical":"https:\/\/networks.imdea.org\/es\/5g-la-nueva-generacion-de-redes-moviles-para-la-internet-del-futuro\/","og_locale":"es_ES","og_type":"article","og_title":"5G: la nueva generaci\u00f3n de redes m\u00f3viles para la Internet del futuro - IMDEA Networks","og_description":"Autores: Arturo Azcorra, director de IMDEA Networks Institute y catedr\u00e1tico de la Universidad Carlos III de Madrid.; Albert Banchs, director adjunto de IMDEA Networks Institute y profesor titular de la Universidad Carlos III de Madrid. Mientras que el despliegue de las redes m\u00f3viles de 4\u00aa generaci\u00f3n a\u00fan no se ha completado, los operadores y fabricantes...","og_url":"https:\/\/networks.imdea.org\/es\/5g-la-nueva-generacion-de-redes-moviles-para-la-internet-del-futuro\/","og_site_name":"IMDEA Networks","article_published_time":"2015-03-02T10:46:54+00:00","article_modified_time":"2021-01-22T17:02:45+00:00","og_image":[{"width":649,"height":366,"url":"https:\/\/networks.imdea.org\/wp-content\/uploads\/2020\/04\/5g_.jpg","type":"image\/jpeg"}],"author":"in_admin","twitter_card":"summary_large_image","twitter_misc":{"Escrito por":"in_admin","Tiempo de lectura":"6 minutos"},"schema":{"@context":"https:\/\/schema.org","@graph":[{"@type":"Article","@id":"https:\/\/networks.imdea.org\/es\/5g-la-nueva-generacion-de-redes-moviles-para-la-internet-del-futuro\/#article","isPartOf":{"@id":"https:\/\/networks.imdea.org\/es\/5g-la-nueva-generacion-de-redes-moviles-para-la-internet-del-futuro\/"},"author":{"name":"in_admin","@id":"https:\/\/networks.imdea.org\/#\/schema\/person\/f70fb6a680a52d2833b7db1bf8bbad67"},"headline":"5G: la nueva generaci\u00f3n de redes m\u00f3viles para la Internet del futuro","datePublished":"2015-03-02T10:46:54+00:00","dateModified":"2021-01-22T17:02:45+00:00","mainEntityOfPage":{"@id":"https:\/\/networks.imdea.org\/es\/5g-la-nueva-generacion-de-redes-moviles-para-la-internet-del-futuro\/"},"wordCount":2535,"commentCount":0,"image":{"@id":"https:\/\/networks.imdea.org\/es\/5g-la-nueva-generacion-de-redes-moviles-para-la-internet-del-futuro\/#primaryimage"},"thumbnailUrl":"https:\/\/networks.imdea.org\/wp-content\/uploads\/2020\/04\/5g_.jpg","keywords":["5G"],"articleSection":["Noticias"],"inLanguage":"es","potentialAction":[{"@type":"CommentAction","name":"Comment","target":["https:\/\/networks.imdea.org\/es\/5g-la-nueva-generacion-de-redes-moviles-para-la-internet-del-futuro\/#respond"]}]},{"@type":"WebPage","@id":"https:\/\/networks.imdea.org\/es\/5g-la-nueva-generacion-de-redes-moviles-para-la-internet-del-futuro\/","url":"https:\/\/networks.imdea.org\/es\/5g-la-nueva-generacion-de-redes-moviles-para-la-internet-del-futuro\/","name":"5G: la nueva generaci\u00f3n de redes m\u00f3viles para la Internet del futuro - IMDEA Networks","isPartOf":{"@id":"https:\/\/networks.imdea.org\/es\/#website"},"primaryImageOfPage":{"@id":"https:\/\/networks.imdea.org\/es\/5g-la-nueva-generacion-de-redes-moviles-para-la-internet-del-futuro\/#primaryimage"},"image":{"@id":"https:\/\/networks.imdea.org\/es\/5g-la-nueva-generacion-de-redes-moviles-para-la-internet-del-futuro\/#primaryimage"},"thumbnailUrl":"https:\/\/networks.imdea.org\/wp-content\/uploads\/2020\/04\/5g_.jpg","datePublished":"2015-03-02T10:46:54+00:00","dateModified":"2021-01-22T17:02:45+00:00","author":{"@id":"https:\/\/networks.imdea.org\/#\/schema\/person\/f70fb6a680a52d2833b7db1bf8bbad67"},"breadcrumb":{"@id":"https:\/\/networks.imdea.org\/es\/5g-la-nueva-generacion-de-redes-moviles-para-la-internet-del-futuro\/#breadcrumb"},"inLanguage":"es","potentialAction":[{"@type":"ReadAction","target":[["https:\/\/networks.imdea.org\/es\/5g-la-nueva-generacion-de-redes-moviles-para-la-internet-del-futuro\/"]]}]},{"@type":"ImageObject","inLanguage":"es","@id":"https:\/\/networks.imdea.org\/es\/5g-la-nueva-generacion-de-redes-moviles-para-la-internet-del-futuro\/#primaryimage","url":"https:\/\/networks.imdea.org\/wp-content\/uploads\/2020\/04\/5g_.jpg","contentUrl":"https:\/\/networks.imdea.org\/wp-content\/uploads\/2020\/04\/5g_.jpg","width":649,"height":366},{"@type":"BreadcrumbList","@id":"https:\/\/networks.imdea.org\/es\/5g-la-nueva-generacion-de-redes-moviles-para-la-internet-del-futuro\/#breadcrumb","itemListElement":[{"@type":"ListItem","position":1,"name":"Home","item":"https:\/\/networks.imdea.org\/es\/"},{"@type":"ListItem","position":2,"name":"5G: la nueva generaci\u00f3n de redes m\u00f3viles para la Internet del futuro"}]},{"@type":"WebSite","@id":"https:\/\/networks.imdea.org\/es\/#website","url":"https:\/\/networks.imdea.org\/es\/","name":"IMDEA Networks","description":"IMDEA Networks Multisite","potentialAction":[{"@type":"SearchAction","target":{"@type":"EntryPoint","urlTemplate":"https:\/\/networks.imdea.org\/es\/?s={search_term_string}"},"query-input":{"@type":"PropertyValueSpecification","valueRequired":true,"valueName":"search_term_string"}}],"inLanguage":"es"},{"@type":"Person","@id":"https:\/\/networks.imdea.org\/#\/schema\/person\/f70fb6a680a52d2833b7db1bf8bbad67","name":"in_admin","image":{"@type":"ImageObject","inLanguage":"es","@id":"https:\/\/secure.gravatar.com\/avatar\/4fd5849709f4f0a3c17a6da181c537d91bc0fce2505fb75c0293ba6963162590?s=96&d=mm&r=g","url":"https:\/\/secure.gravatar.com\/avatar\/4fd5849709f4f0a3c17a6da181c537d91bc0fce2505fb75c0293ba6963162590?s=96&d=mm&r=g","contentUrl":"https:\/\/secure.gravatar.com\/avatar\/4fd5849709f4f0a3c17a6da181c537d91bc0fce2505fb75c0293ba6963162590?s=96&d=mm&r=g","caption":"in_admin"},"url":"https:\/\/networks.imdea.org\/es\/author\/in_admin\/"}]}},"_links":{"self":[{"href":"https:\/\/networks.imdea.org\/es\/wp-json\/wp\/v2\/posts\/8456","targetHints":{"allow":["GET"]}}],"collection":[{"href":"https:\/\/networks.imdea.org\/es\/wp-json\/wp\/v2\/posts"}],"about":[{"href":"https:\/\/networks.imdea.org\/es\/wp-json\/wp\/v2\/types\/post"}],"author":[{"embeddable":true,"href":"https:\/\/networks.imdea.org\/es\/wp-json\/wp\/v2\/users\/1"}],"replies":[{"embeddable":true,"href":"https:\/\/networks.imdea.org\/es\/wp-json\/wp\/v2\/comments?post=8456"}],"version-history":[{"count":2,"href":"https:\/\/networks.imdea.org\/es\/wp-json\/wp\/v2\/posts\/8456\/revisions"}],"predecessor-version":[{"id":21294,"href":"https:\/\/networks.imdea.org\/es\/wp-json\/wp\/v2\/posts\/8456\/revisions\/21294"}],"wp:featuredmedia":[{"embeddable":true,"href":"https:\/\/networks.imdea.org\/es\/wp-json\/wp\/v2\/media\/13804"}],"wp:attachment":[{"href":"https:\/\/networks.imdea.org\/es\/wp-json\/wp\/v2\/media?parent=8456"}],"wp:term":[{"taxonomy":"category","embeddable":true,"href":"https:\/\/networks.imdea.org\/es\/wp-json\/wp\/v2\/categories?post=8456"},{"taxonomy":"post_tag","embeddable":true,"href":"https:\/\/networks.imdea.org\/es\/wp-json\/wp\/v2\/tags?post=8456"}],"curies":[{"name":"wp","href":"https:\/\/api.w.org\/{rel}","templated":true}]}}