{"id":8398,"date":"2014-11-12T10:13:17","date_gmt":"2014-11-12T10:13:17","guid":{"rendered":"https:\/\/networks.imdea.org\/primera-convocatoria-de-becas-team-erasmus-mundus\/"},"modified":"2021-01-21T19:01:40","modified_gmt":"2021-01-21T18:01:40","slug":"primera-convocatoria-de-becas-team-erasmus-mundus","status":"publish","type":"post","link":"https:\/\/networks.imdea.org\/es\/primera-convocatoria-de-becas-team-erasmus-mundus\/","title":{"rendered":"Primera convocatoria de becas TEAM Erasmus Mundus"},"content":{"rendered":"<p>La primera convocatoria de candidaturas para el Programa Erasmus Mundus \u00abTEAM\u00bb se lanz\u00f3 el 10 de noviembre de 2014. Consulta las ofertas acad\u00e9micas y las instrucciones sobre presentaci\u00f3n de solicitudes en el sitio web de TEAM.<\/p>\n<hr \/>\n<p>IMDEA Networks participa en el Programa Erasmus Mundus \u00abTEAM\u00bb. Esta iniciativa pretende generar una red de excelencia entre Europa, Jap\u00f3n y Rep\u00fablica de Corea en tecnolog\u00edas de la informaci\u00f3n y la comunicaci\u00f3n (TIC), que aglutine a una tan necesaria comunidad internacional de talento TIC especializado.<\/p>\n<p>Presenta tu candidatura en la web antes del 1 de febrero de 2015: <a href=\"http:\/\/www.team-mundus.eu\/\" target=\"_blank\" rel=\"noopener noreferrer\">http:\/\/www.team-mundus.eu\/<\/a><\/p>\n<p><strong>\u00bfQu\u00e9 esTEAM?<\/strong><\/p>\n<p><a href=\"http:\/\/www.team-mundus.eu\/\" target=\"_blank\" rel=\"noopener noreferrer\">TEAM <\/a>es un instrumento para crear un cambio duradero e integral en la manera en que las tecnolog\u00edas de la informaci\u00f3n y la comunicaci\u00f3n se ense\u00f1an, aprenden y desarrollan. TIC es un campo en constante desarrollo investigador e innovaci\u00f3n y un factor clave para el crecimiento econ\u00f3mico. Se han puesto grandes expectativas sobre los avances en las TIC para ofrecer soluciones viables a los retos que plantea la sociedad. Sin embargo, los pa\u00edses participantes, todos ellos l\u00edderes en TIC, reconocen un d\u00e9ficit actual y venidero de talentos j\u00f3venes cualificados y con vocaci\u00f3n internacional para nutrir y sustentar el entorno acad\u00e9mico y empresarial en los pr\u00f3ximos a\u00f1os.<\/p>\n<p>Este proyecto Erasmus Mundus crear\u00e1 la comunidad TEAM, formada por individuos y socios procedentes del \u00e1mbito de la educaci\u00f3n superior, la investigaci\u00f3n y la industria, capaces de adaptarse y trabajar como un equipo internacional. Este enfoque asegura que esta comunidad disfrute de una ventaja indiscutible en un mundo sujeto a r\u00e1pidos cambios.<\/p>\n<p>La asociaci\u00f3n TEAM re\u00fane a instituciones de clase mundial con experiencias complementarias y conocimientos TIC, con el objetivo com\u00fan de crear una red de excelencia en esta \u00e1rea del conocimiento, as\u00ed como de innovar en la formaci\u00f3n doctoral. A trav\u00e9s de actividades de cooperaci\u00f3n y de movilidad acad\u00e9mica, la asociaci\u00f3n se compromete a trabajar como un grupo cohesionado, para desarrollar tecnolog\u00edas nuevas e innovadoras, para mejorar las perspectivas de futuro de los j\u00f3venes investigadores y la competitividad de los investigadores profesionales, para promover el entendimiento intercultural y aumentar el atractivo de la educaci\u00f3n superior europea.<\/p>\n<p>Esta acci\u00f3n Erasmus Mundus 2 de la UE est\u00e1 coordinada por la Universidad Pierre y Marie Curie (Francia). <a href=\"http:\/\/www.networks.imdea.org\/\">IMDEA Networks Institute<\/a> es una entidad asociada en este proyecto.<\/p>\n<p class=\"rtecenter\"><img loading=\"lazy\" decoding=\"async\" class=\"alignnone  wp-image-13443\" src=\"https:\/\/networks.imdea.org\/wp-content\/uploads\/2020\/10\/final_triangle-300x212.png\" alt=\"\" width=\"133\" height=\"94\" \/><a href=\"http:\/\/eacea.ec.europa.eu\/erasmus_mundus\/\" target=\"_blank\" rel=\"noopener noreferrer\"><img decoding=\"async\" style=\"height: 100px; margin-bottom: 12px; margin-top: 12px; width: 257px;\" src=\"\/wp-content\/uploads\/2020\/10\/team_erasmus_mundus.jpg\" alt=\"\" \/><\/a><\/p>\n<p>&nbsp;<\/p>","protected":false},"excerpt":{"rendered":"La primera convocatoria de candidaturas para el Programa Erasmus Mundus \u00abTEAM\u00bb se lanz\u00f3 el 10 de noviembre de 2014. Consulta las ofertas acad\u00e9micas y las instrucciones sobre presentaci\u00f3n de solicitudes en el sitio web de TEAM. IMDEA Networks participa en el Programa Erasmus Mundus \u00abTEAM\u00bb. Esta iniciativa pretende generar una red de excelencia entre Europa,&#8230;","protected":false},"author":1,"featured_media":8399,"comment_status":"open","ping_status":"open","sticky":false,"template":"","format":"standard","meta":{"_acf_changed":false,"footnotes":""},"categories":[1],"tags":[464,473],"class_list":["post-8398","post","type-post","status-publish","format-standard","has-post-thumbnail","hentry","category-sin-categoria","tag-imdea-networks","tag-innovation"],"acf":[],"yoast_head":"<!-- This site is optimized with the Yoast SEO plugin v27.4 - https:\/\/yoast.com\/product\/yoast-seo-wordpress\/ -->\n<title>Primera convocatoria de becas TEAM Erasmus Mundus - IMDEA Networks<\/title>\n<meta name=\"robots\" content=\"index, follow, max-snippet:-1, max-image-preview:large, max-video-preview:-1\" \/>\n<link rel=\"canonical\" href=\"https:\/\/networks.imdea.org\/es\/primera-convocatoria-de-becas-team-erasmus-mundus\/\" \/>\n<meta property=\"og:locale\" content=\"es_ES\" \/>\n<meta property=\"og:type\" content=\"article\" \/>\n<meta property=\"og:title\" content=\"Primera convocatoria de becas TEAM Erasmus Mundus - IMDEA Networks\" \/>\n<meta property=\"og:description\" content=\"La primera convocatoria de candidaturas para el Programa Erasmus Mundus \u00abTEAM\u00bb se lanz\u00f3 el 10 de noviembre de 2014. Consulta las ofertas acad\u00e9micas y las instrucciones sobre presentaci\u00f3n de solicitudes en el sitio web de TEAM. IMDEA Networks participa en el Programa Erasmus Mundus \u00abTEAM\u00bb. Esta iniciativa pretende generar una red de excelencia entre Europa,...\" \/>\n<meta property=\"og:url\" content=\"https:\/\/networks.imdea.org\/es\/primera-convocatoria-de-becas-team-erasmus-mundus\/\" \/>\n<meta property=\"og:site_name\" content=\"IMDEA Networks\" \/>\n<meta property=\"article:published_time\" content=\"2014-11-12T10:13:17+00:00\" \/>\n<meta property=\"article:modified_time\" content=\"2021-01-21T18:01:40+00:00\" \/>\n<meta property=\"og:image\" content=\"https:\/\/networks.imdea.org\/wp-content\/uploads\/2014\/11\/2014-11-12-news-img-160x120px.png\" \/>\n\t<meta property=\"og:image:width\" content=\"160\" \/>\n\t<meta property=\"og:image:height\" content=\"120\" \/>\n\t<meta property=\"og:image:type\" content=\"image\/png\" \/>\n<meta name=\"author\" content=\"in_admin\" \/>\n<meta name=\"twitter:card\" content=\"summary_large_image\" \/>\n<meta name=\"twitter:label1\" content=\"Escrito por\" \/>\n\t<meta name=\"twitter:data1\" content=\"in_admin\" \/>\n\t<meta name=\"twitter:label2\" content=\"Tiempo de lectura\" \/>\n\t<meta name=\"twitter:data2\" content=\"2 minutos\" \/>\n<script type=\"application\/ld+json\" class=\"yoast-schema-graph\">{\"@context\":\"https:\\\/\\\/schema.org\",\"@graph\":[{\"@type\":\"Article\",\"@id\":\"https:\\\/\\\/networks.imdea.org\\\/es\\\/primera-convocatoria-de-becas-team-erasmus-mundus\\\/#article\",\"isPartOf\":{\"@id\":\"https:\\\/\\\/networks.imdea.org\\\/es\\\/primera-convocatoria-de-becas-team-erasmus-mundus\\\/\"},\"author\":{\"name\":\"in_admin\",\"@id\":\"https:\\\/\\\/networks.imdea.org\\\/#\\\/schema\\\/person\\\/f70fb6a680a52d2833b7db1bf8bbad67\"},\"headline\":\"Primera convocatoria de becas TEAM Erasmus Mundus\",\"datePublished\":\"2014-11-12T10:13:17+00:00\",\"dateModified\":\"2021-01-21T18:01:40+00:00\",\"mainEntityOfPage\":{\"@id\":\"https:\\\/\\\/networks.imdea.org\\\/es\\\/primera-convocatoria-de-becas-team-erasmus-mundus\\\/\"},\"wordCount\":760,\"commentCount\":0,\"image\":{\"@id\":\"https:\\\/\\\/networks.imdea.org\\\/es\\\/primera-convocatoria-de-becas-team-erasmus-mundus\\\/#primaryimage\"},\"thumbnailUrl\":\"https:\\\/\\\/networks.imdea.org\\\/wp-content\\\/uploads\\\/2014\\\/11\\\/2014-11-12-news-img-160x120px.png\",\"keywords\":[\"IMDEA Networks\",\"Innovation\"],\"articleSection\":[\"Noticias\"],\"inLanguage\":\"es\",\"potentialAction\":[{\"@type\":\"CommentAction\",\"name\":\"Comment\",\"target\":[\"https:\\\/\\\/networks.imdea.org\\\/es\\\/primera-convocatoria-de-becas-team-erasmus-mundus\\\/#respond\"]}]},{\"@type\":\"WebPage\",\"@id\":\"https:\\\/\\\/networks.imdea.org\\\/es\\\/primera-convocatoria-de-becas-team-erasmus-mundus\\\/\",\"url\":\"https:\\\/\\\/networks.imdea.org\\\/es\\\/primera-convocatoria-de-becas-team-erasmus-mundus\\\/\",\"name\":\"Primera convocatoria de becas TEAM Erasmus Mundus - IMDEA Networks\",\"isPartOf\":{\"@id\":\"https:\\\/\\\/networks.imdea.org\\\/es\\\/#website\"},\"primaryImageOfPage\":{\"@id\":\"https:\\\/\\\/networks.imdea.org\\\/es\\\/primera-convocatoria-de-becas-team-erasmus-mundus\\\/#primaryimage\"},\"image\":{\"@id\":\"https:\\\/\\\/networks.imdea.org\\\/es\\\/primera-convocatoria-de-becas-team-erasmus-mundus\\\/#primaryimage\"},\"thumbnailUrl\":\"https:\\\/\\\/networks.imdea.org\\\/wp-content\\\/uploads\\\/2014\\\/11\\\/2014-11-12-news-img-160x120px.png\",\"datePublished\":\"2014-11-12T10:13:17+00:00\",\"dateModified\":\"2021-01-21T18:01:40+00:00\",\"author\":{\"@id\":\"https:\\\/\\\/networks.imdea.org\\\/#\\\/schema\\\/person\\\/f70fb6a680a52d2833b7db1bf8bbad67\"},\"breadcrumb\":{\"@id\":\"https:\\\/\\\/networks.imdea.org\\\/es\\\/primera-convocatoria-de-becas-team-erasmus-mundus\\\/#breadcrumb\"},\"inLanguage\":\"es\",\"potentialAction\":[{\"@type\":\"ReadAction\",\"target\":[[\"https:\\\/\\\/networks.imdea.org\\\/es\\\/primera-convocatoria-de-becas-team-erasmus-mundus\\\/\"]]}]},{\"@type\":\"ImageObject\",\"inLanguage\":\"es\",\"@id\":\"https:\\\/\\\/networks.imdea.org\\\/es\\\/primera-convocatoria-de-becas-team-erasmus-mundus\\\/#primaryimage\",\"url\":\"https:\\\/\\\/networks.imdea.org\\\/wp-content\\\/uploads\\\/2014\\\/11\\\/2014-11-12-news-img-160x120px.png\",\"contentUrl\":\"https:\\\/\\\/networks.imdea.org\\\/wp-content\\\/uploads\\\/2014\\\/11\\\/2014-11-12-news-img-160x120px.png\",\"width\":160,\"height\":120,\"caption\":\"http:\\\/\\\/www.networks.imdea.org\\\/sites\\\/default\\\/files\\\/images\\\/news\\\/2014-11-12-news-img-160x120px.png\"},{\"@type\":\"BreadcrumbList\",\"@id\":\"https:\\\/\\\/networks.imdea.org\\\/es\\\/primera-convocatoria-de-becas-team-erasmus-mundus\\\/#breadcrumb\",\"itemListElement\":[{\"@type\":\"ListItem\",\"position\":1,\"name\":\"Home\",\"item\":\"https:\\\/\\\/networks.imdea.org\\\/es\\\/\"},{\"@type\":\"ListItem\",\"position\":2,\"name\":\"Primera convocatoria de becas TEAM Erasmus Mundus\"}]},{\"@type\":\"WebSite\",\"@id\":\"https:\\\/\\\/networks.imdea.org\\\/es\\\/#website\",\"url\":\"https:\\\/\\\/networks.imdea.org\\\/es\\\/\",\"name\":\"IMDEA Networks\",\"description\":\"IMDEA Networks Multisite\",\"potentialAction\":[{\"@type\":\"SearchAction\",\"target\":{\"@type\":\"EntryPoint\",\"urlTemplate\":\"https:\\\/\\\/networks.imdea.org\\\/es\\\/?s={search_term_string}\"},\"query-input\":{\"@type\":\"PropertyValueSpecification\",\"valueRequired\":true,\"valueName\":\"search_term_string\"}}],\"inLanguage\":\"es\"},{\"@type\":\"Person\",\"@id\":\"https:\\\/\\\/networks.imdea.org\\\/#\\\/schema\\\/person\\\/f70fb6a680a52d2833b7db1bf8bbad67\",\"name\":\"in_admin\",\"image\":{\"@type\":\"ImageObject\",\"inLanguage\":\"es\",\"@id\":\"https:\\\/\\\/secure.gravatar.com\\\/avatar\\\/4fd5849709f4f0a3c17a6da181c537d91bc0fce2505fb75c0293ba6963162590?s=96&d=mm&r=g\",\"url\":\"https:\\\/\\\/secure.gravatar.com\\\/avatar\\\/4fd5849709f4f0a3c17a6da181c537d91bc0fce2505fb75c0293ba6963162590?s=96&d=mm&r=g\",\"contentUrl\":\"https:\\\/\\\/secure.gravatar.com\\\/avatar\\\/4fd5849709f4f0a3c17a6da181c537d91bc0fce2505fb75c0293ba6963162590?s=96&d=mm&r=g\",\"caption\":\"in_admin\"},\"url\":\"https:\\\/\\\/networks.imdea.org\\\/es\\\/author\\\/in_admin\\\/\"}]}<\/script>\n<!-- \/ Yoast SEO plugin. -->","yoast_head_json":{"title":"Primera convocatoria de becas TEAM Erasmus Mundus - IMDEA Networks","robots":{"index":"index","follow":"follow","max-snippet":"max-snippet:-1","max-image-preview":"max-image-preview:large","max-video-preview":"max-video-preview:-1"},"canonical":"https:\/\/networks.imdea.org\/es\/primera-convocatoria-de-becas-team-erasmus-mundus\/","og_locale":"es_ES","og_type":"article","og_title":"Primera convocatoria de becas TEAM Erasmus Mundus - IMDEA Networks","og_description":"La primera convocatoria de candidaturas para el Programa Erasmus Mundus \u00abTEAM\u00bb se lanz\u00f3 el 10 de noviembre de 2014. Consulta las ofertas acad\u00e9micas y las instrucciones sobre presentaci\u00f3n de solicitudes en el sitio web de TEAM. IMDEA Networks participa en el Programa Erasmus Mundus \u00abTEAM\u00bb. Esta iniciativa pretende generar una red de excelencia entre Europa,...","og_url":"https:\/\/networks.imdea.org\/es\/primera-convocatoria-de-becas-team-erasmus-mundus\/","og_site_name":"IMDEA Networks","article_published_time":"2014-11-12T10:13:17+00:00","article_modified_time":"2021-01-21T18:01:40+00:00","og_image":[{"width":160,"height":120,"url":"https:\/\/networks.imdea.org\/wp-content\/uploads\/2014\/11\/2014-11-12-news-img-160x120px.png","type":"image\/png"}],"author":"in_admin","twitter_card":"summary_large_image","twitter_misc":{"Escrito por":"in_admin","Tiempo de lectura":"2 minutos"},"schema":{"@context":"https:\/\/schema.org","@graph":[{"@type":"Article","@id":"https:\/\/networks.imdea.org\/es\/primera-convocatoria-de-becas-team-erasmus-mundus\/#article","isPartOf":{"@id":"https:\/\/networks.imdea.org\/es\/primera-convocatoria-de-becas-team-erasmus-mundus\/"},"author":{"name":"in_admin","@id":"https:\/\/networks.imdea.org\/#\/schema\/person\/f70fb6a680a52d2833b7db1bf8bbad67"},"headline":"Primera convocatoria de becas TEAM Erasmus Mundus","datePublished":"2014-11-12T10:13:17+00:00","dateModified":"2021-01-21T18:01:40+00:00","mainEntityOfPage":{"@id":"https:\/\/networks.imdea.org\/es\/primera-convocatoria-de-becas-team-erasmus-mundus\/"},"wordCount":760,"commentCount":0,"image":{"@id":"https:\/\/networks.imdea.org\/es\/primera-convocatoria-de-becas-team-erasmus-mundus\/#primaryimage"},"thumbnailUrl":"https:\/\/networks.imdea.org\/wp-content\/uploads\/2014\/11\/2014-11-12-news-img-160x120px.png","keywords":["IMDEA Networks","Innovation"],"articleSection":["Noticias"],"inLanguage":"es","potentialAction":[{"@type":"CommentAction","name":"Comment","target":["https:\/\/networks.imdea.org\/es\/primera-convocatoria-de-becas-team-erasmus-mundus\/#respond"]}]},{"@type":"WebPage","@id":"https:\/\/networks.imdea.org\/es\/primera-convocatoria-de-becas-team-erasmus-mundus\/","url":"https:\/\/networks.imdea.org\/es\/primera-convocatoria-de-becas-team-erasmus-mundus\/","name":"Primera convocatoria de becas TEAM Erasmus Mundus - IMDEA Networks","isPartOf":{"@id":"https:\/\/networks.imdea.org\/es\/#website"},"primaryImageOfPage":{"@id":"https:\/\/networks.imdea.org\/es\/primera-convocatoria-de-becas-team-erasmus-mundus\/#primaryimage"},"image":{"@id":"https:\/\/networks.imdea.org\/es\/primera-convocatoria-de-becas-team-erasmus-mundus\/#primaryimage"},"thumbnailUrl":"https:\/\/networks.imdea.org\/wp-content\/uploads\/2014\/11\/2014-11-12-news-img-160x120px.png","datePublished":"2014-11-12T10:13:17+00:00","dateModified":"2021-01-21T18:01:40+00:00","author":{"@id":"https:\/\/networks.imdea.org\/#\/schema\/person\/f70fb6a680a52d2833b7db1bf8bbad67"},"breadcrumb":{"@id":"https:\/\/networks.imdea.org\/es\/primera-convocatoria-de-becas-team-erasmus-mundus\/#breadcrumb"},"inLanguage":"es","potentialAction":[{"@type":"ReadAction","target":[["https:\/\/networks.imdea.org\/es\/primera-convocatoria-de-becas-team-erasmus-mundus\/"]]}]},{"@type":"ImageObject","inLanguage":"es","@id":"https:\/\/networks.imdea.org\/es\/primera-convocatoria-de-becas-team-erasmus-mundus\/#primaryimage","url":"https:\/\/networks.imdea.org\/wp-content\/uploads\/2014\/11\/2014-11-12-news-img-160x120px.png","contentUrl":"https:\/\/networks.imdea.org\/wp-content\/uploads\/2014\/11\/2014-11-12-news-img-160x120px.png","width":160,"height":120,"caption":"http:\/\/www.networks.imdea.org\/sites\/default\/files\/images\/news\/2014-11-12-news-img-160x120px.png"},{"@type":"BreadcrumbList","@id":"https:\/\/networks.imdea.org\/es\/primera-convocatoria-de-becas-team-erasmus-mundus\/#breadcrumb","itemListElement":[{"@type":"ListItem","position":1,"name":"Home","item":"https:\/\/networks.imdea.org\/es\/"},{"@type":"ListItem","position":2,"name":"Primera convocatoria de becas TEAM Erasmus Mundus"}]},{"@type":"WebSite","@id":"https:\/\/networks.imdea.org\/es\/#website","url":"https:\/\/networks.imdea.org\/es\/","name":"IMDEA Networks","description":"IMDEA Networks Multisite","potentialAction":[{"@type":"SearchAction","target":{"@type":"EntryPoint","urlTemplate":"https:\/\/networks.imdea.org\/es\/?s={search_term_string}"},"query-input":{"@type":"PropertyValueSpecification","valueRequired":true,"valueName":"search_term_string"}}],"inLanguage":"es"},{"@type":"Person","@id":"https:\/\/networks.imdea.org\/#\/schema\/person\/f70fb6a680a52d2833b7db1bf8bbad67","name":"in_admin","image":{"@type":"ImageObject","inLanguage":"es","@id":"https:\/\/secure.gravatar.com\/avatar\/4fd5849709f4f0a3c17a6da181c537d91bc0fce2505fb75c0293ba6963162590?s=96&d=mm&r=g","url":"https:\/\/secure.gravatar.com\/avatar\/4fd5849709f4f0a3c17a6da181c537d91bc0fce2505fb75c0293ba6963162590?s=96&d=mm&r=g","contentUrl":"https:\/\/secure.gravatar.com\/avatar\/4fd5849709f4f0a3c17a6da181c537d91bc0fce2505fb75c0293ba6963162590?s=96&d=mm&r=g","caption":"in_admin"},"url":"https:\/\/networks.imdea.org\/es\/author\/in_admin\/"}]}},"_links":{"self":[{"href":"https:\/\/networks.imdea.org\/es\/wp-json\/wp\/v2\/posts\/8398","targetHints":{"allow":["GET"]}}],"collection":[{"href":"https:\/\/networks.imdea.org\/es\/wp-json\/wp\/v2\/posts"}],"about":[{"href":"https:\/\/networks.imdea.org\/es\/wp-json\/wp\/v2\/types\/post"}],"author":[{"embeddable":true,"href":"https:\/\/networks.imdea.org\/es\/wp-json\/wp\/v2\/users\/1"}],"replies":[{"embeddable":true,"href":"https:\/\/networks.imdea.org\/es\/wp-json\/wp\/v2\/comments?post=8398"}],"version-history":[{"count":2,"href":"https:\/\/networks.imdea.org\/es\/wp-json\/wp\/v2\/posts\/8398\/revisions"}],"predecessor-version":[{"id":21260,"href":"https:\/\/networks.imdea.org\/es\/wp-json\/wp\/v2\/posts\/8398\/revisions\/21260"}],"wp:featuredmedia":[{"embeddable":true,"href":"https:\/\/networks.imdea.org\/es\/wp-json\/wp\/v2\/media\/8399"}],"wp:attachment":[{"href":"https:\/\/networks.imdea.org\/es\/wp-json\/wp\/v2\/media?parent=8398"}],"wp:term":[{"taxonomy":"category","embeddable":true,"href":"https:\/\/networks.imdea.org\/es\/wp-json\/wp\/v2\/categories?post=8398"},{"taxonomy":"post_tag","embeddable":true,"href":"https:\/\/networks.imdea.org\/es\/wp-json\/wp\/v2\/tags?post=8398"}],"curies":[{"name":"wp","href":"https:\/\/api.w.org\/{rel}","templated":true}]}}