{"id":8245,"date":"2014-01-28T10:02:43","date_gmt":"2014-01-28T10:02:43","guid":{"rendered":"https:\/\/networks.imdea.org\/pablo-caballero-nuevo-estudiante-de-doctorado\/"},"modified":"2021-01-20T14:11:33","modified_gmt":"2021-01-20T13:11:33","slug":"pablo-caballero-nuevo-estudiante-de-doctorado","status":"publish","type":"post","link":"https:\/\/networks.imdea.org\/es\/pablo-caballero-nuevo-estudiante-de-doctorado\/","title":{"rendered":"Pablo Caballero, nuevo Estudiante de doctorado"},"content":{"rendered":"<p>Pablo Caballero Garc\u00e9s se ha incorporado a nuestro equipo de investigadores. Desde enero de 2014 trabajar\u00e1 como Estudiante de doctorado bajo la supervisi\u00f3n de <a href=\"http:\/\/people.networks.imdea.org\/~albert_banchs\/\">Albert Banchs<\/a>, Director Adjunto del Instituto.<\/p>\n<p>Antes de su incorporaci\u00f3n a IMDEA Networks y desde julio de 2013, Pablo fue becado durante seis meses por NEC Laboratories Europe en Heidelberg (Alemania). Durante este periodo de pr\u00e1cticas Pablo trabaj\u00f3 en el \u00e1rea de las comunicaciones inal\u00e1mbricas, desarrollando la optimizaci\u00f3n de redes LTE-A compartidas. Anteriormente realiz\u00f3 labores investigadoras en colaboraci\u00f3n con IMDEA Networks y la Universidad Carlos III de Madrid (UC3M). Este trabajo form\u00f3 la base para su tesis de grado (B.Sc.) titulada \u00abForecasting popularity in Youtube Videos\u00bb.<\/p>\n<p>Pablo obtuvo un B.Sc. en Ingenier\u00eda de Sistemas Audiovisuales por la UC3M y est\u00e1 a punto de embarcarse en el M\u00e1ster en Ingenier\u00eda Telem\u00e1tica impartido por dicha universidad.<\/p>\n<p>Sus principales intereses en investigaci\u00f3n son las comunicaciones inal\u00e1mbricas, los algoritmos y la optimizaci\u00f3n de redes.<\/p>\n<hr \/>\n<p><a href=\"http:\/\/www.networks.imdea.org\/es\/personas\/estudiantes-de-doctorado\">Estudiantes de doctorado en IMDEA Networks<\/a><\/p>\n<p>\u00bfQuieres unirte a nuestro equipo de j\u00f3venes investigadores? M\u00e1s informaci\u00f3n en nuestras p\u00e1ginas de <a href=\"http:\/\/www.networks.imdea.org\/es\/empleo\/estudiante-doctorado\">oportunidades profesionales<\/a>.<\/p>\n<p>&nbsp;<\/p>","protected":false},"excerpt":{"rendered":"Pablo Caballero Garc\u00e9s se ha incorporado a nuestro equipo de investigadores. Desde enero de 2014 trabajar\u00e1 como Estudiante de doctorado bajo la supervisi\u00f3n de Albert Banchs, Director Adjunto del Instituto. Antes de su incorporaci\u00f3n a IMDEA Networks y desde julio de 2013, Pablo fue becado durante seis meses por NEC Laboratories Europe en Heidelberg (Alemania)&#8230;.","protected":false},"author":1,"featured_media":8246,"comment_status":"open","ping_status":"open","sticky":false,"template":"","format":"standard","meta":{"_acf_changed":false,"footnotes":""},"categories":[1],"tags":[464],"class_list":["post-8245","post","type-post","status-publish","format-standard","has-post-thumbnail","hentry","category-sin-categoria","tag-imdea-networks"],"acf":[],"yoast_head":"<!-- This site is optimized with the Yoast SEO plugin v27.4 - https:\/\/yoast.com\/product\/yoast-seo-wordpress\/ -->\n<title>Pablo Caballero, nuevo Estudiante de doctorado - IMDEA Networks<\/title>\n<meta name=\"robots\" content=\"index, follow, max-snippet:-1, max-image-preview:large, max-video-preview:-1\" \/>\n<link rel=\"canonical\" href=\"https:\/\/networks.imdea.org\/es\/pablo-caballero-nuevo-estudiante-de-doctorado\/\" \/>\n<meta property=\"og:locale\" content=\"es_ES\" \/>\n<meta property=\"og:type\" content=\"article\" \/>\n<meta property=\"og:title\" content=\"Pablo Caballero, nuevo Estudiante de doctorado - IMDEA Networks\" \/>\n<meta property=\"og:description\" content=\"Pablo Caballero Garc\u00e9s se ha incorporado a nuestro equipo de investigadores. Desde enero de 2014 trabajar\u00e1 como Estudiante de doctorado bajo la supervisi\u00f3n de Albert Banchs, Director Adjunto del Instituto. Antes de su incorporaci\u00f3n a IMDEA Networks y desde julio de 2013, Pablo fue becado durante seis meses por NEC Laboratories Europe en Heidelberg (Alemania)....\" \/>\n<meta property=\"og:url\" content=\"https:\/\/networks.imdea.org\/es\/pablo-caballero-nuevo-estudiante-de-doctorado\/\" \/>\n<meta property=\"og:site_name\" content=\"IMDEA Networks\" \/>\n<meta property=\"article:published_time\" content=\"2014-01-28T10:02:43+00:00\" \/>\n<meta property=\"article:modified_time\" content=\"2021-01-20T13:11:33+00:00\" \/>\n<meta property=\"og:image\" content=\"https:\/\/networks.imdea.org\/wp-content\/uploads\/2014\/01\/2014-01-27-news-img-160x120px.png\" \/>\n\t<meta property=\"og:image:width\" content=\"160\" \/>\n\t<meta property=\"og:image:height\" content=\"120\" \/>\n\t<meta property=\"og:image:type\" content=\"image\/png\" \/>\n<meta name=\"author\" content=\"in_admin\" \/>\n<meta name=\"twitter:card\" content=\"summary_large_image\" \/>\n<meta name=\"twitter:label1\" content=\"Escrito por\" \/>\n\t<meta name=\"twitter:data1\" content=\"in_admin\" \/>\n\t<meta name=\"twitter:label2\" content=\"Tiempo de lectura\" \/>\n\t<meta name=\"twitter:data2\" content=\"1 minuto\" \/>\n<script type=\"application\/ld+json\" class=\"yoast-schema-graph\">{\"@context\":\"https:\\\/\\\/schema.org\",\"@graph\":[{\"@type\":\"Article\",\"@id\":\"https:\\\/\\\/networks.imdea.org\\\/es\\\/pablo-caballero-nuevo-estudiante-de-doctorado\\\/#article\",\"isPartOf\":{\"@id\":\"https:\\\/\\\/networks.imdea.org\\\/es\\\/pablo-caballero-nuevo-estudiante-de-doctorado\\\/\"},\"author\":{\"name\":\"in_admin\",\"@id\":\"https:\\\/\\\/networks.imdea.org\\\/#\\\/schema\\\/person\\\/f70fb6a680a52d2833b7db1bf8bbad67\"},\"headline\":\"Pablo Caballero, nuevo Estudiante de doctorado\",\"datePublished\":\"2014-01-28T10:02:43+00:00\",\"dateModified\":\"2021-01-20T13:11:33+00:00\",\"mainEntityOfPage\":{\"@id\":\"https:\\\/\\\/networks.imdea.org\\\/es\\\/pablo-caballero-nuevo-estudiante-de-doctorado\\\/\"},\"wordCount\":380,\"commentCount\":0,\"image\":{\"@id\":\"https:\\\/\\\/networks.imdea.org\\\/es\\\/pablo-caballero-nuevo-estudiante-de-doctorado\\\/#primaryimage\"},\"thumbnailUrl\":\"https:\\\/\\\/networks.imdea.org\\\/wp-content\\\/uploads\\\/2014\\\/01\\\/2014-01-27-news-img-160x120px.png\",\"keywords\":[\"IMDEA Networks\"],\"articleSection\":[\"Noticias\"],\"inLanguage\":\"es\",\"potentialAction\":[{\"@type\":\"CommentAction\",\"name\":\"Comment\",\"target\":[\"https:\\\/\\\/networks.imdea.org\\\/es\\\/pablo-caballero-nuevo-estudiante-de-doctorado\\\/#respond\"]}]},{\"@type\":\"WebPage\",\"@id\":\"https:\\\/\\\/networks.imdea.org\\\/es\\\/pablo-caballero-nuevo-estudiante-de-doctorado\\\/\",\"url\":\"https:\\\/\\\/networks.imdea.org\\\/es\\\/pablo-caballero-nuevo-estudiante-de-doctorado\\\/\",\"name\":\"Pablo Caballero, nuevo Estudiante de doctorado - IMDEA Networks\",\"isPartOf\":{\"@id\":\"https:\\\/\\\/networks.imdea.org\\\/es\\\/#website\"},\"primaryImageOfPage\":{\"@id\":\"https:\\\/\\\/networks.imdea.org\\\/es\\\/pablo-caballero-nuevo-estudiante-de-doctorado\\\/#primaryimage\"},\"image\":{\"@id\":\"https:\\\/\\\/networks.imdea.org\\\/es\\\/pablo-caballero-nuevo-estudiante-de-doctorado\\\/#primaryimage\"},\"thumbnailUrl\":\"https:\\\/\\\/networks.imdea.org\\\/wp-content\\\/uploads\\\/2014\\\/01\\\/2014-01-27-news-img-160x120px.png\",\"datePublished\":\"2014-01-28T10:02:43+00:00\",\"dateModified\":\"2021-01-20T13:11:33+00:00\",\"author\":{\"@id\":\"https:\\\/\\\/networks.imdea.org\\\/#\\\/schema\\\/person\\\/f70fb6a680a52d2833b7db1bf8bbad67\"},\"breadcrumb\":{\"@id\":\"https:\\\/\\\/networks.imdea.org\\\/es\\\/pablo-caballero-nuevo-estudiante-de-doctorado\\\/#breadcrumb\"},\"inLanguage\":\"es\",\"potentialAction\":[{\"@type\":\"ReadAction\",\"target\":[[\"https:\\\/\\\/networks.imdea.org\\\/es\\\/pablo-caballero-nuevo-estudiante-de-doctorado\\\/\"]]}]},{\"@type\":\"ImageObject\",\"inLanguage\":\"es\",\"@id\":\"https:\\\/\\\/networks.imdea.org\\\/es\\\/pablo-caballero-nuevo-estudiante-de-doctorado\\\/#primaryimage\",\"url\":\"https:\\\/\\\/networks.imdea.org\\\/wp-content\\\/uploads\\\/2014\\\/01\\\/2014-01-27-news-img-160x120px.png\",\"contentUrl\":\"https:\\\/\\\/networks.imdea.org\\\/wp-content\\\/uploads\\\/2014\\\/01\\\/2014-01-27-news-img-160x120px.png\",\"width\":160,\"height\":120,\"caption\":\"http:\\\/\\\/www.networks.imdea.org\\\/sites\\\/default\\\/files\\\/images\\\/news\\\/2014-01-27-news-img-160x120px.png\"},{\"@type\":\"BreadcrumbList\",\"@id\":\"https:\\\/\\\/networks.imdea.org\\\/es\\\/pablo-caballero-nuevo-estudiante-de-doctorado\\\/#breadcrumb\",\"itemListElement\":[{\"@type\":\"ListItem\",\"position\":1,\"name\":\"Home\",\"item\":\"https:\\\/\\\/networks.imdea.org\\\/es\\\/\"},{\"@type\":\"ListItem\",\"position\":2,\"name\":\"Pablo Caballero, nuevo Estudiante de doctorado\"}]},{\"@type\":\"WebSite\",\"@id\":\"https:\\\/\\\/networks.imdea.org\\\/es\\\/#website\",\"url\":\"https:\\\/\\\/networks.imdea.org\\\/es\\\/\",\"name\":\"IMDEA Networks\",\"description\":\"IMDEA Networks Multisite\",\"potentialAction\":[{\"@type\":\"SearchAction\",\"target\":{\"@type\":\"EntryPoint\",\"urlTemplate\":\"https:\\\/\\\/networks.imdea.org\\\/es\\\/?s={search_term_string}\"},\"query-input\":{\"@type\":\"PropertyValueSpecification\",\"valueRequired\":true,\"valueName\":\"search_term_string\"}}],\"inLanguage\":\"es\"},{\"@type\":\"Person\",\"@id\":\"https:\\\/\\\/networks.imdea.org\\\/#\\\/schema\\\/person\\\/f70fb6a680a52d2833b7db1bf8bbad67\",\"name\":\"in_admin\",\"image\":{\"@type\":\"ImageObject\",\"inLanguage\":\"es\",\"@id\":\"https:\\\/\\\/secure.gravatar.com\\\/avatar\\\/4fd5849709f4f0a3c17a6da181c537d91bc0fce2505fb75c0293ba6963162590?s=96&d=mm&r=g\",\"url\":\"https:\\\/\\\/secure.gravatar.com\\\/avatar\\\/4fd5849709f4f0a3c17a6da181c537d91bc0fce2505fb75c0293ba6963162590?s=96&d=mm&r=g\",\"contentUrl\":\"https:\\\/\\\/secure.gravatar.com\\\/avatar\\\/4fd5849709f4f0a3c17a6da181c537d91bc0fce2505fb75c0293ba6963162590?s=96&d=mm&r=g\",\"caption\":\"in_admin\"},\"url\":\"https:\\\/\\\/networks.imdea.org\\\/es\\\/author\\\/in_admin\\\/\"}]}<\/script>\n<!-- \/ Yoast SEO plugin. -->","yoast_head_json":{"title":"Pablo Caballero, nuevo Estudiante de doctorado - IMDEA Networks","robots":{"index":"index","follow":"follow","max-snippet":"max-snippet:-1","max-image-preview":"max-image-preview:large","max-video-preview":"max-video-preview:-1"},"canonical":"https:\/\/networks.imdea.org\/es\/pablo-caballero-nuevo-estudiante-de-doctorado\/","og_locale":"es_ES","og_type":"article","og_title":"Pablo Caballero, nuevo Estudiante de doctorado - IMDEA Networks","og_description":"Pablo Caballero Garc\u00e9s se ha incorporado a nuestro equipo de investigadores. Desde enero de 2014 trabajar\u00e1 como Estudiante de doctorado bajo la supervisi\u00f3n de Albert Banchs, Director Adjunto del Instituto. Antes de su incorporaci\u00f3n a IMDEA Networks y desde julio de 2013, Pablo fue becado durante seis meses por NEC Laboratories Europe en Heidelberg (Alemania)....","og_url":"https:\/\/networks.imdea.org\/es\/pablo-caballero-nuevo-estudiante-de-doctorado\/","og_site_name":"IMDEA Networks","article_published_time":"2014-01-28T10:02:43+00:00","article_modified_time":"2021-01-20T13:11:33+00:00","og_image":[{"width":160,"height":120,"url":"https:\/\/networks.imdea.org\/wp-content\/uploads\/2014\/01\/2014-01-27-news-img-160x120px.png","type":"image\/png"}],"author":"in_admin","twitter_card":"summary_large_image","twitter_misc":{"Escrito por":"in_admin","Tiempo de lectura":"1 minuto"},"schema":{"@context":"https:\/\/schema.org","@graph":[{"@type":"Article","@id":"https:\/\/networks.imdea.org\/es\/pablo-caballero-nuevo-estudiante-de-doctorado\/#article","isPartOf":{"@id":"https:\/\/networks.imdea.org\/es\/pablo-caballero-nuevo-estudiante-de-doctorado\/"},"author":{"name":"in_admin","@id":"https:\/\/networks.imdea.org\/#\/schema\/person\/f70fb6a680a52d2833b7db1bf8bbad67"},"headline":"Pablo Caballero, nuevo Estudiante de doctorado","datePublished":"2014-01-28T10:02:43+00:00","dateModified":"2021-01-20T13:11:33+00:00","mainEntityOfPage":{"@id":"https:\/\/networks.imdea.org\/es\/pablo-caballero-nuevo-estudiante-de-doctorado\/"},"wordCount":380,"commentCount":0,"image":{"@id":"https:\/\/networks.imdea.org\/es\/pablo-caballero-nuevo-estudiante-de-doctorado\/#primaryimage"},"thumbnailUrl":"https:\/\/networks.imdea.org\/wp-content\/uploads\/2014\/01\/2014-01-27-news-img-160x120px.png","keywords":["IMDEA Networks"],"articleSection":["Noticias"],"inLanguage":"es","potentialAction":[{"@type":"CommentAction","name":"Comment","target":["https:\/\/networks.imdea.org\/es\/pablo-caballero-nuevo-estudiante-de-doctorado\/#respond"]}]},{"@type":"WebPage","@id":"https:\/\/networks.imdea.org\/es\/pablo-caballero-nuevo-estudiante-de-doctorado\/","url":"https:\/\/networks.imdea.org\/es\/pablo-caballero-nuevo-estudiante-de-doctorado\/","name":"Pablo Caballero, nuevo Estudiante de doctorado - IMDEA Networks","isPartOf":{"@id":"https:\/\/networks.imdea.org\/es\/#website"},"primaryImageOfPage":{"@id":"https:\/\/networks.imdea.org\/es\/pablo-caballero-nuevo-estudiante-de-doctorado\/#primaryimage"},"image":{"@id":"https:\/\/networks.imdea.org\/es\/pablo-caballero-nuevo-estudiante-de-doctorado\/#primaryimage"},"thumbnailUrl":"https:\/\/networks.imdea.org\/wp-content\/uploads\/2014\/01\/2014-01-27-news-img-160x120px.png","datePublished":"2014-01-28T10:02:43+00:00","dateModified":"2021-01-20T13:11:33+00:00","author":{"@id":"https:\/\/networks.imdea.org\/#\/schema\/person\/f70fb6a680a52d2833b7db1bf8bbad67"},"breadcrumb":{"@id":"https:\/\/networks.imdea.org\/es\/pablo-caballero-nuevo-estudiante-de-doctorado\/#breadcrumb"},"inLanguage":"es","potentialAction":[{"@type":"ReadAction","target":[["https:\/\/networks.imdea.org\/es\/pablo-caballero-nuevo-estudiante-de-doctorado\/"]]}]},{"@type":"ImageObject","inLanguage":"es","@id":"https:\/\/networks.imdea.org\/es\/pablo-caballero-nuevo-estudiante-de-doctorado\/#primaryimage","url":"https:\/\/networks.imdea.org\/wp-content\/uploads\/2014\/01\/2014-01-27-news-img-160x120px.png","contentUrl":"https:\/\/networks.imdea.org\/wp-content\/uploads\/2014\/01\/2014-01-27-news-img-160x120px.png","width":160,"height":120,"caption":"http:\/\/www.networks.imdea.org\/sites\/default\/files\/images\/news\/2014-01-27-news-img-160x120px.png"},{"@type":"BreadcrumbList","@id":"https:\/\/networks.imdea.org\/es\/pablo-caballero-nuevo-estudiante-de-doctorado\/#breadcrumb","itemListElement":[{"@type":"ListItem","position":1,"name":"Home","item":"https:\/\/networks.imdea.org\/es\/"},{"@type":"ListItem","position":2,"name":"Pablo Caballero, nuevo Estudiante de doctorado"}]},{"@type":"WebSite","@id":"https:\/\/networks.imdea.org\/es\/#website","url":"https:\/\/networks.imdea.org\/es\/","name":"IMDEA Networks","description":"IMDEA Networks Multisite","potentialAction":[{"@type":"SearchAction","target":{"@type":"EntryPoint","urlTemplate":"https:\/\/networks.imdea.org\/es\/?s={search_term_string}"},"query-input":{"@type":"PropertyValueSpecification","valueRequired":true,"valueName":"search_term_string"}}],"inLanguage":"es"},{"@type":"Person","@id":"https:\/\/networks.imdea.org\/#\/schema\/person\/f70fb6a680a52d2833b7db1bf8bbad67","name":"in_admin","image":{"@type":"ImageObject","inLanguage":"es","@id":"https:\/\/secure.gravatar.com\/avatar\/4fd5849709f4f0a3c17a6da181c537d91bc0fce2505fb75c0293ba6963162590?s=96&d=mm&r=g","url":"https:\/\/secure.gravatar.com\/avatar\/4fd5849709f4f0a3c17a6da181c537d91bc0fce2505fb75c0293ba6963162590?s=96&d=mm&r=g","contentUrl":"https:\/\/secure.gravatar.com\/avatar\/4fd5849709f4f0a3c17a6da181c537d91bc0fce2505fb75c0293ba6963162590?s=96&d=mm&r=g","caption":"in_admin"},"url":"https:\/\/networks.imdea.org\/es\/author\/in_admin\/"}]}},"_links":{"self":[{"href":"https:\/\/networks.imdea.org\/es\/wp-json\/wp\/v2\/posts\/8245","targetHints":{"allow":["GET"]}}],"collection":[{"href":"https:\/\/networks.imdea.org\/es\/wp-json\/wp\/v2\/posts"}],"about":[{"href":"https:\/\/networks.imdea.org\/es\/wp-json\/wp\/v2\/types\/post"}],"author":[{"embeddable":true,"href":"https:\/\/networks.imdea.org\/es\/wp-json\/wp\/v2\/users\/1"}],"replies":[{"embeddable":true,"href":"https:\/\/networks.imdea.org\/es\/wp-json\/wp\/v2\/comments?post=8245"}],"version-history":[{"count":2,"href":"https:\/\/networks.imdea.org\/es\/wp-json\/wp\/v2\/posts\/8245\/revisions"}],"predecessor-version":[{"id":21183,"href":"https:\/\/networks.imdea.org\/es\/wp-json\/wp\/v2\/posts\/8245\/revisions\/21183"}],"wp:featuredmedia":[{"embeddable":true,"href":"https:\/\/networks.imdea.org\/es\/wp-json\/wp\/v2\/media\/8246"}],"wp:attachment":[{"href":"https:\/\/networks.imdea.org\/es\/wp-json\/wp\/v2\/media?parent=8245"}],"wp:term":[{"taxonomy":"category","embeddable":true,"href":"https:\/\/networks.imdea.org\/es\/wp-json\/wp\/v2\/categories?post=8245"},{"taxonomy":"post_tag","embeddable":true,"href":"https:\/\/networks.imdea.org\/es\/wp-json\/wp\/v2\/tags?post=8245"}],"curies":[{"name":"wp","href":"https:\/\/api.w.org\/{rel}","templated":true}]}}