{"id":8204,"date":"2010-07-27T22:00:00","date_gmt":"2010-07-27T22:00:00","guid":{"rendered":"https:\/\/networks.imdea.org\/institute-imdea-networks-anuncia-el-triste-fallecimiento-de-nicolas-georganas-laureado-investigador-lider-en-tecnologias-de-la-informacion\/"},"modified":"2021-01-04T17:39:00","modified_gmt":"2021-01-04T16:39:00","slug":"institute-imdea-networks-anuncia-el-triste-fallecimiento-de-nicolas-georganas-laureado-investigador-lider-en-tecnologias-de-la-informacion","status":"publish","type":"post","link":"https:\/\/networks.imdea.org\/es\/institute-imdea-networks-anuncia-el-triste-fallecimiento-de-nicolas-georganas-laureado-investigador-lider-en-tecnologias-de-la-informacion\/","title":{"rendered":"Institute IMDEA Networks anuncia el triste fallecimiento de Nicolas Georganas, laureado investigador, l\u00edder en tecnolog\u00edas de la informaci\u00f3n"},"content":{"rendered":"<p><\/p>\n<p class=\"rtejustify\">Con gran pesar Institute IMDEA Networks anuncia el fallecimiento de un antiguo colaborador, Dr. Nicolas D. Georganas, que falleci\u00f3 el pasado martes, 27 de julio, a los 67 a\u00f1os. Fue Profesor Universitario Distinguido de la Escuela de Ingenier\u00eda y Tecnolog\u00edas de la Informaci\u00f3n y Rector fundador de la Facultad de Ingenier\u00eda de la Universidad de Ottawa. Dr. Georganas fue Investigador Visitante de Institute IMDEA Networks y C\u00e1tedra de Excelencia de la Universidad Carlos III de Madrid durante el a\u00f1o acad\u00e9mico 2008-2009.<\/p>\n<hr \/>\n<p class=\"rtejustify\">El Dr. Nicolas D. Georganas era pionero en la investigaci\u00f3n de tecnolog\u00eda inform\u00e1tica y de redes, as\u00ed como experto en comunicaciones multimedia interactivas en la Escuela de Tecnolog\u00eda de la Informaci\u00f3n e Ingenier\u00eda de Ottawa, Canad\u00e1. Su trabajo en el dise\u00f1o y an\u00e1lisis del desempe\u00f1o de redes de comunicaci\u00f3n por ordenador, asignaci\u00f3n de canales din\u00e1micos\/h\u00edbridos en redes celulares m\u00f3viles y comunicaciones multimedia ha tenido un impacto excepcional en este campo. Recientemente, Dr. Georganas investig\u00f3 entornos colaborativos 3D t\u00e1ctiles-audiovisuales, con aplicaciones en la formaci\u00f3n m\u00e9dica, en juegos serios \u2013 serious gaming \u2013, y en seguridad. Tambi\u00e9n trabajaba en interfaces multimodales de nueva generaci\u00f3n incluyendo aspectos como una interacci\u00f3n m\u00e1s amigable en tiempo real entre usuarios y sus entornos.<\/p>\n<p class=\"rtejustify\">Durante su excepcional carrera profesional, Dr. Georganas acumul\u00f3 merecidos honores y reconocimiento: fue nombrado Officer of the Order of Canada (oficial de la orden de Canad\u00e1), recibi\u00f3 la Order of Ontario (orden de Ontario), la Queen Elizabeth II Golden Jubilee Medal (medalla del cincuenta aniversario de la reina Isabel II de Inglaterra) y el Killam Prize for Engineering (premio Killam de ingenier\u00eda), tambi\u00e9n fue nombrado miembro de la Royal Society of Canada (real asociaci\u00f3n de Canad\u00e1), entre otros muchos honores recibidos. En 2008 se convirti\u00f3 en secretario de la Academy of Science (academia de ciencia) y de la Royal Society of Canada.<\/p>\n<p class=\"rtejustify\">El que fue Vicepresidente Asociado de Investigaci\u00f3n (Externo) y Rector fundador de la Facultad de Ingenier\u00eda en la Universidad de Ottawa particip\u00f3 en las actividades de Institute IMDEA Networks habiendo fomentado desde su fundaci\u00f3n en 2006 la cooperaci\u00f3n temprana con investigadores internacionales afines. Realiz\u00f3 expertas contribuciones en varias \u00e1reas, destacando la preparaci\u00f3n y tutelaje de Ayudantes de Investigaci\u00f3n y la organizaci\u00f3n del Institute IMDEA Networks Annual International Workshop on Quantum Networking. Dr. Georganas proporcion\u00f3 tambi\u00e9n asesoramiento sobre el desarrollo estrat\u00e9gico del Instituto. El equipo humano que conforma Institute IMDEA Networks lamenta profundamente su p\u00e9rdida y desea transmitir sus condolencias tanto a sus familiares y allegados.<\/p>\n<p class=\"rtecenter\">\n<p>&nbsp;<\/p>","protected":false},"excerpt":{"rendered":"Con gran pesar Institute IMDEA Networks anuncia el fallecimiento de un antiguo colaborador, Dr. Nicolas D. Georganas, que falleci\u00f3 el pasado martes, 27 de julio, a los 67 a\u00f1os. Fue Profesor Universitario Distinguido de la Escuela de Ingenier\u00eda y Tecnolog\u00edas de la Informaci\u00f3n y Rector fundador de la Facultad de Ingenier\u00eda de la Universidad de&#8230;","protected":false},"author":1,"featured_media":8293,"comment_status":"open","ping_status":"open","sticky":false,"template":"","format":"standard","meta":{"_acf_changed":false,"footnotes":""},"categories":[1],"tags":[464],"class_list":["post-8204","post","type-post","status-publish","format-standard","has-post-thumbnail","hentry","category-sin-categoria","tag-imdea-networks"],"acf":[],"yoast_head":"<!-- This site is optimized with the Yoast SEO plugin v27.4 - https:\/\/yoast.com\/product\/yoast-seo-wordpress\/ -->\n<title>Institute IMDEA Networks anuncia el triste fallecimiento de Nicolas Georganas, laureado investigador, l\u00edder en tecnolog\u00edas de la informaci\u00f3n - IMDEA Networks<\/title>\n<meta name=\"robots\" content=\"index, follow, max-snippet:-1, max-image-preview:large, max-video-preview:-1\" \/>\n<link rel=\"canonical\" href=\"https:\/\/networks.imdea.org\/es\/institute-imdea-networks-anuncia-el-triste-fallecimiento-de-nicolas-georganas-laureado-investigador-lider-en-tecnologias-de-la-informacion\/\" \/>\n<meta property=\"og:locale\" content=\"es_ES\" \/>\n<meta property=\"og:type\" content=\"article\" \/>\n<meta property=\"og:title\" content=\"Institute IMDEA Networks anuncia el triste fallecimiento de Nicolas Georganas, laureado investigador, l\u00edder en tecnolog\u00edas de la informaci\u00f3n - IMDEA Networks\" \/>\n<meta property=\"og:description\" content=\"Con gran pesar Institute IMDEA Networks anuncia el fallecimiento de un antiguo colaborador, Dr. Nicolas D. Georganas, que falleci\u00f3 el pasado martes, 27 de julio, a los 67 a\u00f1os. Fue Profesor Universitario Distinguido de la Escuela de Ingenier\u00eda y Tecnolog\u00edas de la Informaci\u00f3n y Rector fundador de la Facultad de Ingenier\u00eda de la Universidad de...\" \/>\n<meta property=\"og:url\" content=\"https:\/\/networks.imdea.org\/es\/institute-imdea-networks-anuncia-el-triste-fallecimiento-de-nicolas-georganas-laureado-investigador-lider-en-tecnologias-de-la-informacion\/\" \/>\n<meta property=\"og:site_name\" content=\"IMDEA Networks\" \/>\n<meta property=\"article:published_time\" content=\"2010-07-27T22:00:00+00:00\" \/>\n<meta property=\"article:modified_time\" content=\"2021-01-04T16:39:00+00:00\" \/>\n<meta property=\"og:image\" content=\"https:\/\/networks.imdea.org\/wp-content\/uploads\/2009\/05\/1574_01_nicolas20georganas.png\" \/>\n\t<meta property=\"og:image:width\" content=\"250\" \/>\n\t<meta property=\"og:image:height\" content=\"180\" \/>\n\t<meta property=\"og:image:type\" content=\"image\/png\" \/>\n<meta name=\"author\" content=\"in_admin\" \/>\n<meta name=\"twitter:card\" content=\"summary_large_image\" \/>\n<meta name=\"twitter:label1\" content=\"Escrito por\" \/>\n\t<meta name=\"twitter:data1\" content=\"in_admin\" \/>\n\t<meta name=\"twitter:label2\" content=\"Tiempo de lectura\" \/>\n\t<meta name=\"twitter:data2\" content=\"4 minutos\" \/>\n<script type=\"application\/ld+json\" class=\"yoast-schema-graph\">{\"@context\":\"https:\\\/\\\/schema.org\",\"@graph\":[{\"@type\":\"Article\",\"@id\":\"https:\\\/\\\/networks.imdea.org\\\/es\\\/institute-imdea-networks-anuncia-el-triste-fallecimiento-de-nicolas-georganas-laureado-investigador-lider-en-tecnologias-de-la-informacion\\\/#article\",\"isPartOf\":{\"@id\":\"https:\\\/\\\/networks.imdea.org\\\/es\\\/institute-imdea-networks-anuncia-el-triste-fallecimiento-de-nicolas-georganas-laureado-investigador-lider-en-tecnologias-de-la-informacion\\\/\"},\"author\":{\"name\":\"in_admin\",\"@id\":\"https:\\\/\\\/networks.imdea.org\\\/#\\\/schema\\\/person\\\/f70fb6a680a52d2833b7db1bf8bbad67\"},\"headline\":\"Institute IMDEA Networks anuncia el triste fallecimiento de Nicolas Georganas, laureado investigador, l\u00edder en tecnolog\u00edas de la informaci\u00f3n\",\"datePublished\":\"2010-07-27T22:00:00+00:00\",\"dateModified\":\"2021-01-04T16:39:00+00:00\",\"mainEntityOfPage\":{\"@id\":\"https:\\\/\\\/networks.imdea.org\\\/es\\\/institute-imdea-networks-anuncia-el-triste-fallecimiento-de-nicolas-georganas-laureado-investigador-lider-en-tecnologias-de-la-informacion\\\/\"},\"wordCount\":853,\"commentCount\":0,\"image\":{\"@id\":\"https:\\\/\\\/networks.imdea.org\\\/es\\\/institute-imdea-networks-anuncia-el-triste-fallecimiento-de-nicolas-georganas-laureado-investigador-lider-en-tecnologias-de-la-informacion\\\/#primaryimage\"},\"thumbnailUrl\":\"https:\\\/\\\/networks.imdea.org\\\/wp-content\\\/uploads\\\/2009\\\/05\\\/1574_01_nicolas20georganas.png\",\"keywords\":[\"IMDEA Networks\"],\"articleSection\":[\"Noticias\"],\"inLanguage\":\"es\",\"potentialAction\":[{\"@type\":\"CommentAction\",\"name\":\"Comment\",\"target\":[\"https:\\\/\\\/networks.imdea.org\\\/es\\\/institute-imdea-networks-anuncia-el-triste-fallecimiento-de-nicolas-georganas-laureado-investigador-lider-en-tecnologias-de-la-informacion\\\/#respond\"]}]},{\"@type\":\"WebPage\",\"@id\":\"https:\\\/\\\/networks.imdea.org\\\/es\\\/institute-imdea-networks-anuncia-el-triste-fallecimiento-de-nicolas-georganas-laureado-investigador-lider-en-tecnologias-de-la-informacion\\\/\",\"url\":\"https:\\\/\\\/networks.imdea.org\\\/es\\\/institute-imdea-networks-anuncia-el-triste-fallecimiento-de-nicolas-georganas-laureado-investigador-lider-en-tecnologias-de-la-informacion\\\/\",\"name\":\"Institute IMDEA Networks anuncia el triste fallecimiento de Nicolas Georganas, laureado investigador, l\u00edder en tecnolog\u00edas de la informaci\u00f3n - IMDEA Networks\",\"isPartOf\":{\"@id\":\"https:\\\/\\\/networks.imdea.org\\\/es\\\/#website\"},\"primaryImageOfPage\":{\"@id\":\"https:\\\/\\\/networks.imdea.org\\\/es\\\/institute-imdea-networks-anuncia-el-triste-fallecimiento-de-nicolas-georganas-laureado-investigador-lider-en-tecnologias-de-la-informacion\\\/#primaryimage\"},\"image\":{\"@id\":\"https:\\\/\\\/networks.imdea.org\\\/es\\\/institute-imdea-networks-anuncia-el-triste-fallecimiento-de-nicolas-georganas-laureado-investigador-lider-en-tecnologias-de-la-informacion\\\/#primaryimage\"},\"thumbnailUrl\":\"https:\\\/\\\/networks.imdea.org\\\/wp-content\\\/uploads\\\/2009\\\/05\\\/1574_01_nicolas20georganas.png\",\"datePublished\":\"2010-07-27T22:00:00+00:00\",\"dateModified\":\"2021-01-04T16:39:00+00:00\",\"author\":{\"@id\":\"https:\\\/\\\/networks.imdea.org\\\/#\\\/schema\\\/person\\\/f70fb6a680a52d2833b7db1bf8bbad67\"},\"breadcrumb\":{\"@id\":\"https:\\\/\\\/networks.imdea.org\\\/es\\\/institute-imdea-networks-anuncia-el-triste-fallecimiento-de-nicolas-georganas-laureado-investigador-lider-en-tecnologias-de-la-informacion\\\/#breadcrumb\"},\"inLanguage\":\"es\",\"potentialAction\":[{\"@type\":\"ReadAction\",\"target\":[[\"https:\\\/\\\/networks.imdea.org\\\/es\\\/institute-imdea-networks-anuncia-el-triste-fallecimiento-de-nicolas-georganas-laureado-investigador-lider-en-tecnologias-de-la-informacion\\\/\"]]}]},{\"@type\":\"ImageObject\",\"inLanguage\":\"es\",\"@id\":\"https:\\\/\\\/networks.imdea.org\\\/es\\\/institute-imdea-networks-anuncia-el-triste-fallecimiento-de-nicolas-georganas-laureado-investigador-lider-en-tecnologias-de-la-informacion\\\/#primaryimage\",\"url\":\"https:\\\/\\\/networks.imdea.org\\\/wp-content\\\/uploads\\\/2009\\\/05\\\/1574_01_nicolas20georganas.png\",\"contentUrl\":\"https:\\\/\\\/networks.imdea.org\\\/wp-content\\\/uploads\\\/2009\\\/05\\\/1574_01_nicolas20georganas.png\",\"width\":250,\"height\":180,\"caption\":\"http:\\\/\\\/www.networks.imdea.org\\\/sites\\\/default\\\/files\\\/images\\\/news\\\/1574_01_Nicolas%20Georganas.jpg\"},{\"@type\":\"BreadcrumbList\",\"@id\":\"https:\\\/\\\/networks.imdea.org\\\/es\\\/institute-imdea-networks-anuncia-el-triste-fallecimiento-de-nicolas-georganas-laureado-investigador-lider-en-tecnologias-de-la-informacion\\\/#breadcrumb\",\"itemListElement\":[{\"@type\":\"ListItem\",\"position\":1,\"name\":\"Home\",\"item\":\"https:\\\/\\\/networks.imdea.org\\\/es\\\/\"},{\"@type\":\"ListItem\",\"position\":2,\"name\":\"Institute IMDEA Networks anuncia el triste fallecimiento de Nicolas Georganas, laureado investigador, l\u00edder en tecnolog\u00edas de la informaci\u00f3n\"}]},{\"@type\":\"WebSite\",\"@id\":\"https:\\\/\\\/networks.imdea.org\\\/es\\\/#website\",\"url\":\"https:\\\/\\\/networks.imdea.org\\\/es\\\/\",\"name\":\"IMDEA Networks\",\"description\":\"IMDEA Networks Multisite\",\"potentialAction\":[{\"@type\":\"SearchAction\",\"target\":{\"@type\":\"EntryPoint\",\"urlTemplate\":\"https:\\\/\\\/networks.imdea.org\\\/es\\\/?s={search_term_string}\"},\"query-input\":{\"@type\":\"PropertyValueSpecification\",\"valueRequired\":true,\"valueName\":\"search_term_string\"}}],\"inLanguage\":\"es\"},{\"@type\":\"Person\",\"@id\":\"https:\\\/\\\/networks.imdea.org\\\/#\\\/schema\\\/person\\\/f70fb6a680a52d2833b7db1bf8bbad67\",\"name\":\"in_admin\",\"image\":{\"@type\":\"ImageObject\",\"inLanguage\":\"es\",\"@id\":\"https:\\\/\\\/secure.gravatar.com\\\/avatar\\\/4fd5849709f4f0a3c17a6da181c537d91bc0fce2505fb75c0293ba6963162590?s=96&d=mm&r=g\",\"url\":\"https:\\\/\\\/secure.gravatar.com\\\/avatar\\\/4fd5849709f4f0a3c17a6da181c537d91bc0fce2505fb75c0293ba6963162590?s=96&d=mm&r=g\",\"contentUrl\":\"https:\\\/\\\/secure.gravatar.com\\\/avatar\\\/4fd5849709f4f0a3c17a6da181c537d91bc0fce2505fb75c0293ba6963162590?s=96&d=mm&r=g\",\"caption\":\"in_admin\"},\"url\":\"https:\\\/\\\/networks.imdea.org\\\/es\\\/author\\\/in_admin\\\/\"}]}<\/script>\n<!-- \/ Yoast SEO plugin. -->","yoast_head_json":{"title":"Institute IMDEA Networks anuncia el triste fallecimiento de Nicolas Georganas, laureado investigador, l\u00edder en tecnolog\u00edas de la informaci\u00f3n - IMDEA Networks","robots":{"index":"index","follow":"follow","max-snippet":"max-snippet:-1","max-image-preview":"max-image-preview:large","max-video-preview":"max-video-preview:-1"},"canonical":"https:\/\/networks.imdea.org\/es\/institute-imdea-networks-anuncia-el-triste-fallecimiento-de-nicolas-georganas-laureado-investigador-lider-en-tecnologias-de-la-informacion\/","og_locale":"es_ES","og_type":"article","og_title":"Institute IMDEA Networks anuncia el triste fallecimiento de Nicolas Georganas, laureado investigador, l\u00edder en tecnolog\u00edas de la informaci\u00f3n - IMDEA Networks","og_description":"Con gran pesar Institute IMDEA Networks anuncia el fallecimiento de un antiguo colaborador, Dr. Nicolas D. Georganas, que falleci\u00f3 el pasado martes, 27 de julio, a los 67 a\u00f1os. Fue Profesor Universitario Distinguido de la Escuela de Ingenier\u00eda y Tecnolog\u00edas de la Informaci\u00f3n y Rector fundador de la Facultad de Ingenier\u00eda de la Universidad de...","og_url":"https:\/\/networks.imdea.org\/es\/institute-imdea-networks-anuncia-el-triste-fallecimiento-de-nicolas-georganas-laureado-investigador-lider-en-tecnologias-de-la-informacion\/","og_site_name":"IMDEA Networks","article_published_time":"2010-07-27T22:00:00+00:00","article_modified_time":"2021-01-04T16:39:00+00:00","og_image":[{"width":250,"height":180,"url":"https:\/\/networks.imdea.org\/wp-content\/uploads\/2009\/05\/1574_01_nicolas20georganas.png","type":"image\/png"}],"author":"in_admin","twitter_card":"summary_large_image","twitter_misc":{"Escrito por":"in_admin","Tiempo de lectura":"4 minutos"},"schema":{"@context":"https:\/\/schema.org","@graph":[{"@type":"Article","@id":"https:\/\/networks.imdea.org\/es\/institute-imdea-networks-anuncia-el-triste-fallecimiento-de-nicolas-georganas-laureado-investigador-lider-en-tecnologias-de-la-informacion\/#article","isPartOf":{"@id":"https:\/\/networks.imdea.org\/es\/institute-imdea-networks-anuncia-el-triste-fallecimiento-de-nicolas-georganas-laureado-investigador-lider-en-tecnologias-de-la-informacion\/"},"author":{"name":"in_admin","@id":"https:\/\/networks.imdea.org\/#\/schema\/person\/f70fb6a680a52d2833b7db1bf8bbad67"},"headline":"Institute IMDEA Networks anuncia el triste fallecimiento de Nicolas Georganas, laureado investigador, l\u00edder en tecnolog\u00edas de la informaci\u00f3n","datePublished":"2010-07-27T22:00:00+00:00","dateModified":"2021-01-04T16:39:00+00:00","mainEntityOfPage":{"@id":"https:\/\/networks.imdea.org\/es\/institute-imdea-networks-anuncia-el-triste-fallecimiento-de-nicolas-georganas-laureado-investigador-lider-en-tecnologias-de-la-informacion\/"},"wordCount":853,"commentCount":0,"image":{"@id":"https:\/\/networks.imdea.org\/es\/institute-imdea-networks-anuncia-el-triste-fallecimiento-de-nicolas-georganas-laureado-investigador-lider-en-tecnologias-de-la-informacion\/#primaryimage"},"thumbnailUrl":"https:\/\/networks.imdea.org\/wp-content\/uploads\/2009\/05\/1574_01_nicolas20georganas.png","keywords":["IMDEA Networks"],"articleSection":["Noticias"],"inLanguage":"es","potentialAction":[{"@type":"CommentAction","name":"Comment","target":["https:\/\/networks.imdea.org\/es\/institute-imdea-networks-anuncia-el-triste-fallecimiento-de-nicolas-georganas-laureado-investigador-lider-en-tecnologias-de-la-informacion\/#respond"]}]},{"@type":"WebPage","@id":"https:\/\/networks.imdea.org\/es\/institute-imdea-networks-anuncia-el-triste-fallecimiento-de-nicolas-georganas-laureado-investigador-lider-en-tecnologias-de-la-informacion\/","url":"https:\/\/networks.imdea.org\/es\/institute-imdea-networks-anuncia-el-triste-fallecimiento-de-nicolas-georganas-laureado-investigador-lider-en-tecnologias-de-la-informacion\/","name":"Institute IMDEA Networks anuncia el triste fallecimiento de Nicolas Georganas, laureado investigador, l\u00edder en tecnolog\u00edas de la informaci\u00f3n - IMDEA Networks","isPartOf":{"@id":"https:\/\/networks.imdea.org\/es\/#website"},"primaryImageOfPage":{"@id":"https:\/\/networks.imdea.org\/es\/institute-imdea-networks-anuncia-el-triste-fallecimiento-de-nicolas-georganas-laureado-investigador-lider-en-tecnologias-de-la-informacion\/#primaryimage"},"image":{"@id":"https:\/\/networks.imdea.org\/es\/institute-imdea-networks-anuncia-el-triste-fallecimiento-de-nicolas-georganas-laureado-investigador-lider-en-tecnologias-de-la-informacion\/#primaryimage"},"thumbnailUrl":"https:\/\/networks.imdea.org\/wp-content\/uploads\/2009\/05\/1574_01_nicolas20georganas.png","datePublished":"2010-07-27T22:00:00+00:00","dateModified":"2021-01-04T16:39:00+00:00","author":{"@id":"https:\/\/networks.imdea.org\/#\/schema\/person\/f70fb6a680a52d2833b7db1bf8bbad67"},"breadcrumb":{"@id":"https:\/\/networks.imdea.org\/es\/institute-imdea-networks-anuncia-el-triste-fallecimiento-de-nicolas-georganas-laureado-investigador-lider-en-tecnologias-de-la-informacion\/#breadcrumb"},"inLanguage":"es","potentialAction":[{"@type":"ReadAction","target":[["https:\/\/networks.imdea.org\/es\/institute-imdea-networks-anuncia-el-triste-fallecimiento-de-nicolas-georganas-laureado-investigador-lider-en-tecnologias-de-la-informacion\/"]]}]},{"@type":"ImageObject","inLanguage":"es","@id":"https:\/\/networks.imdea.org\/es\/institute-imdea-networks-anuncia-el-triste-fallecimiento-de-nicolas-georganas-laureado-investigador-lider-en-tecnologias-de-la-informacion\/#primaryimage","url":"https:\/\/networks.imdea.org\/wp-content\/uploads\/2009\/05\/1574_01_nicolas20georganas.png","contentUrl":"https:\/\/networks.imdea.org\/wp-content\/uploads\/2009\/05\/1574_01_nicolas20georganas.png","width":250,"height":180,"caption":"http:\/\/www.networks.imdea.org\/sites\/default\/files\/images\/news\/1574_01_Nicolas%20Georganas.jpg"},{"@type":"BreadcrumbList","@id":"https:\/\/networks.imdea.org\/es\/institute-imdea-networks-anuncia-el-triste-fallecimiento-de-nicolas-georganas-laureado-investigador-lider-en-tecnologias-de-la-informacion\/#breadcrumb","itemListElement":[{"@type":"ListItem","position":1,"name":"Home","item":"https:\/\/networks.imdea.org\/es\/"},{"@type":"ListItem","position":2,"name":"Institute IMDEA Networks anuncia el triste fallecimiento de Nicolas Georganas, laureado investigador, l\u00edder en tecnolog\u00edas de la informaci\u00f3n"}]},{"@type":"WebSite","@id":"https:\/\/networks.imdea.org\/es\/#website","url":"https:\/\/networks.imdea.org\/es\/","name":"IMDEA Networks","description":"IMDEA Networks Multisite","potentialAction":[{"@type":"SearchAction","target":{"@type":"EntryPoint","urlTemplate":"https:\/\/networks.imdea.org\/es\/?s={search_term_string}"},"query-input":{"@type":"PropertyValueSpecification","valueRequired":true,"valueName":"search_term_string"}}],"inLanguage":"es"},{"@type":"Person","@id":"https:\/\/networks.imdea.org\/#\/schema\/person\/f70fb6a680a52d2833b7db1bf8bbad67","name":"in_admin","image":{"@type":"ImageObject","inLanguage":"es","@id":"https:\/\/secure.gravatar.com\/avatar\/4fd5849709f4f0a3c17a6da181c537d91bc0fce2505fb75c0293ba6963162590?s=96&d=mm&r=g","url":"https:\/\/secure.gravatar.com\/avatar\/4fd5849709f4f0a3c17a6da181c537d91bc0fce2505fb75c0293ba6963162590?s=96&d=mm&r=g","contentUrl":"https:\/\/secure.gravatar.com\/avatar\/4fd5849709f4f0a3c17a6da181c537d91bc0fce2505fb75c0293ba6963162590?s=96&d=mm&r=g","caption":"in_admin"},"url":"https:\/\/networks.imdea.org\/es\/author\/in_admin\/"}]}},"_links":{"self":[{"href":"https:\/\/networks.imdea.org\/es\/wp-json\/wp\/v2\/posts\/8204","targetHints":{"allow":["GET"]}}],"collection":[{"href":"https:\/\/networks.imdea.org\/es\/wp-json\/wp\/v2\/posts"}],"about":[{"href":"https:\/\/networks.imdea.org\/es\/wp-json\/wp\/v2\/types\/post"}],"author":[{"embeddable":true,"href":"https:\/\/networks.imdea.org\/es\/wp-json\/wp\/v2\/users\/1"}],"replies":[{"embeddable":true,"href":"https:\/\/networks.imdea.org\/es\/wp-json\/wp\/v2\/comments?post=8204"}],"version-history":[{"count":2,"href":"https:\/\/networks.imdea.org\/es\/wp-json\/wp\/v2\/posts\/8204\/revisions"}],"predecessor-version":[{"id":20775,"href":"https:\/\/networks.imdea.org\/es\/wp-json\/wp\/v2\/posts\/8204\/revisions\/20775"}],"wp:featuredmedia":[{"embeddable":true,"href":"https:\/\/networks.imdea.org\/es\/wp-json\/wp\/v2\/media\/8293"}],"wp:attachment":[{"href":"https:\/\/networks.imdea.org\/es\/wp-json\/wp\/v2\/media?parent=8204"}],"wp:term":[{"taxonomy":"category","embeddable":true,"href":"https:\/\/networks.imdea.org\/es\/wp-json\/wp\/v2\/categories?post=8204"},{"taxonomy":"post_tag","embeddable":true,"href":"https:\/\/networks.imdea.org\/es\/wp-json\/wp\/v2\/tags?post=8204"}],"curies":[{"name":"wp","href":"https:\/\/api.w.org\/{rel}","templated":true}]}}