{"id":7927,"date":"2019-10-31T08:50:14","date_gmt":"2019-10-31T08:50:14","guid":{"rendered":"https:\/\/networks.imdea.org\/joerg-widmer-nombrado-miembro-distinguido-de-la-acm\/"},"modified":"2021-01-14T10:36:53","modified_gmt":"2021-01-14T09:36:53","slug":"joerg-widmer-nombrado-miembro-distinguido-de-la-acm","status":"publish","type":"post","link":"https:\/\/networks.imdea.org\/es\/joerg-widmer-nombrado-miembro-distinguido-de-la-acm\/","title":{"rendered":"Joerg Widmer, nombrado miembro distinguido de la ACM"},"content":{"rendered":"<p><\/p>\n<p class=\"rtejustify\"><strong>El Dr. Joerg Widmer, Profesor de Investigaci\u00f3n y Director de Investigaci\u00f3n de IMDEA Networks, ha sido nombrado \u00abMiembro Distinguido\u00bb por la Association for Computing Machinery (ACM). Ha recibido este premio altamente reconocido por sus destacadas contribuciones cient\u00edficas en el campo de la inform\u00e1tica.<\/strong><\/p>\n<p class=\"rtejustify\">Joerg Widmer ha centrado su investigaci\u00f3n en redes inal\u00e1mbricas, desde comunicaci\u00f3n de ondas milim\u00e9tricas de muy alta frecuencia y dise\u00f1o de capas MAC hasta arquitecturas de redes m\u00f3viles. Ha sido nombrado miembro distinguido de la prestigiosa ACM por ayudar en el avance de la excelencia en las contribuciones educativas, de ingenier\u00eda y cient\u00edficas a la inform\u00e1tica.<\/p>\n<p class=\"rtejustify\">Ha recibido esta distinci\u00f3n junto a 61 miembros antiguos de la ACM. Todos los participantes de la convocatoria de 2019 han sido seleccionados por sus pares en funci\u00f3n de los logros tecnol\u00f3gicos que han conseguido y que apuntalan la forma en que vivimos, trabajamos y jugamos. Seg\u00fan el presidente de la asociaci\u00f3n, Cherri M. Pancake, su \u201cobjetivo principal es construir una comunidad donde los profesionales de la inform\u00e1tica puedan crecer profesionalmente y, a su vez, contribuir al campo y a la sociedad en general\u201d. \u201cEstamos encantados de dar este reconocimiento a estas personas por sus aportaciones a la inform\u00e1tica y esperamos que las carreras de estos miembros distinguidos de la ACM contin\u00faen prosperando a trav\u00e9s de su participaci\u00f3n con ACM\u201d, dice Pancake.<\/p>\n<p class=\"rtejustify\">Los innovadores de la ACM 2019 trabajan en universidades, corporaciones e instituciones de investigaci\u00f3n punteras a nivel mundial. Provienen de pa\u00edses como Canad\u00e1, China, Alemania, Qatar, Singapur, Taiw\u00e1n, Reino Unido y Estados Unidos. Es asimismo importante destacar sus logros en diferentes \u00e1reas como la inteligencia artificial, la interacci\u00f3n humano-computadora, la ingenier\u00eda inform\u00e1tica y la educaci\u00f3n en inform\u00e1tica, ciberseguridad, gr\u00e1ficos y redes.<\/p>\n<p class=\"rtejustify\">Los candidatos que desean ser reconocidos por el programa de miembros distinguidos de ACM deben tener al menos 15 a\u00f1os de experiencia profesional en el campo de la computaci\u00f3n, 5 a\u00f1os de membres\u00eda profesional continua en ACM y haber alcanzado un nivel significativo de logro o haber tenido un impacto relevante en el \u00e1mbito de la inform\u00e1tica, y\/o tecnolog\u00eda de la informaci\u00f3n. Esta distinci\u00f3n supone que el investigador sirva como mentor y modelo a seguir, guiando el desarrollo de la carrera t\u00e9cnica y contribuyendo al campo m\u00e1s all\u00e1 de la norma.<\/p>\n<h5 class=\"rtejustify\"><strong>Acerca de Joerg Widmer<\/strong><\/h5>\n<div>\n<p class=\"rtejustify\"><img loading=\"lazy\" decoding=\"async\" width=\"200\" height=\"300\" class=\"size-medium wp-image-11031 alignright\" src=\"https:\/\/networks.imdea.org\/wp-content\/uploads\/2019\/10\/joerg_widmer_2019_c1-200x300.jpg\" alt=\"Joerg Widmer\" \/>El profesor Widmer recibi\u00f3 su maestr\u00eda y doctorado en ciencias de la computaci\u00f3n en la Universidad de Mannheim, Alemania, en 2000 y 2003, respectivamente. De 2005 a 2010, fue gerente del Grupo de Investigaci\u00f3n de Redes Ubicuas en DOCOMO Euro-Labs en M\u00fanich, Alemania, liderando varios proyectos en el \u00e1rea de redes m\u00f3viles y celulares. Antes, trabaj\u00f3 como investigador postdoctoral en EPFL, Suiza, en comunicaci\u00f3n de banda ultra ancha y codificaci\u00f3n de red. Fue investigador visitante en el Instituto Internacional de Ciencias de la Computaci\u00f3n en Berkeley, California, EE. UU. Y en el University College de Londres, Reino Unido.<\/p>\n<p class=\"rtejustify\">Widmer es autor de m\u00e1s de 100 art\u00edculos de conferencias y revistas y tres RFCs de IETF, posee 13 patentes, forma parte del consejo editorial de IEEE Transactions on Communications y participa regularmente en comit\u00e9s de programas de varias conferencias importantes. Recientemente recibi\u00f3 una beca de consolidaci\u00f3n ERC, el Premio de Investigaci\u00f3n Friedrich Wilhelm Bessel de la Fundaci\u00f3n Alexander von Humboldt, as\u00ed como una beca espa\u00f1ola Ram\u00f3n y Cajal. Es miembro senior de IEEE y ACM. Desde 2010 es profesor de investigaci\u00f3n y director de investigaci\u00f3n en el Instituto IMDEA Networks en Madrid, Espa\u00f1a.<\/p>\n<\/div>\n<p><\/p>","protected":false},"excerpt":{"rendered":"El Dr. Joerg Widmer, Profesor de Investigaci\u00f3n y Director de Investigaci\u00f3n de IMDEA Networks, ha sido nombrado \u00abMiembro Distinguido\u00bb por la Association for Computing Machinery (ACM). Ha recibido este premio altamente reconocido por sus destacadas contribuciones cient\u00edficas en el campo de la inform\u00e1tica. Joerg Widmer ha centrado su investigaci\u00f3n en redes inal\u00e1mbricas, desde comunicaci\u00f3n de&#8230;","protected":false},"author":1,"featured_media":7928,"comment_status":"open","ping_status":"open","sticky":false,"template":"","format":"standard","meta":{"_acf_changed":false,"footnotes":""},"categories":[1],"tags":[464,473,465,477,471,476],"class_list":["post-7927","post","type-post","status-publish","format-standard","has-post-thumbnail","hentry","category-sin-categoria","tag-imdea-networks","tag-innovation","tag-internet","tag-network-security","tag-privacy","tag-wireless-networking"],"acf":[],"yoast_head":"<!-- This site is optimized with the Yoast SEO plugin v27.4 - https:\/\/yoast.com\/product\/yoast-seo-wordpress\/ -->\n<title>Joerg Widmer, nombrado miembro distinguido de la ACM - IMDEA Networks<\/title>\n<meta name=\"robots\" content=\"index, follow, max-snippet:-1, max-image-preview:large, max-video-preview:-1\" \/>\n<link rel=\"canonical\" href=\"https:\/\/networks.imdea.org\/es\/joerg-widmer-nombrado-miembro-distinguido-de-la-acm\/\" \/>\n<meta property=\"og:locale\" content=\"es_ES\" \/>\n<meta property=\"og:type\" content=\"article\" \/>\n<meta property=\"og:title\" content=\"Joerg Widmer, nombrado miembro distinguido de la ACM - IMDEA Networks\" \/>\n<meta property=\"og:description\" content=\"El Dr. Joerg Widmer, Profesor de Investigaci\u00f3n y Director de Investigaci\u00f3n de IMDEA Networks, ha sido nombrado \u00abMiembro Distinguido\u00bb por la Association for Computing Machinery (ACM). Ha recibido este premio altamente reconocido por sus destacadas contribuciones cient\u00edficas en el campo de la inform\u00e1tica. Joerg Widmer ha centrado su investigaci\u00f3n en redes inal\u00e1mbricas, desde comunicaci\u00f3n de...\" \/>\n<meta property=\"og:url\" content=\"https:\/\/networks.imdea.org\/es\/joerg-widmer-nombrado-miembro-distinguido-de-la-acm\/\" \/>\n<meta property=\"og:site_name\" content=\"IMDEA Networks\" \/>\n<meta property=\"article:published_time\" content=\"2019-10-31T08:50:14+00:00\" \/>\n<meta property=\"article:modified_time\" content=\"2021-01-14T09:36:53+00:00\" \/>\n<meta property=\"og:image\" content=\"https:\/\/networks.imdea.org\/wp-content\/uploads\/2019\/10\/2019-10-31-news-image700x400v3.jpg\" \/>\n\t<meta property=\"og:image:width\" content=\"700\" \/>\n\t<meta property=\"og:image:height\" content=\"255\" \/>\n\t<meta property=\"og:image:type\" content=\"image\/jpeg\" \/>\n<meta name=\"author\" content=\"in_admin\" \/>\n<meta name=\"twitter:card\" content=\"summary_large_image\" \/>\n<meta name=\"twitter:label1\" content=\"Escrito por\" \/>\n\t<meta name=\"twitter:data1\" content=\"in_admin\" \/>\n\t<meta name=\"twitter:label2\" content=\"Tiempo de lectura\" \/>\n\t<meta name=\"twitter:data2\" content=\"3 minutos\" \/>\n<script type=\"application\/ld+json\" class=\"yoast-schema-graph\">{\"@context\":\"https:\\\/\\\/schema.org\",\"@graph\":[{\"@type\":\"Article\",\"@id\":\"https:\\\/\\\/networks.imdea.org\\\/es\\\/joerg-widmer-nombrado-miembro-distinguido-de-la-acm\\\/#article\",\"isPartOf\":{\"@id\":\"https:\\\/\\\/networks.imdea.org\\\/es\\\/joerg-widmer-nombrado-miembro-distinguido-de-la-acm\\\/\"},\"author\":{\"name\":\"in_admin\",\"@id\":\"https:\\\/\\\/networks.imdea.org\\\/#\\\/schema\\\/person\\\/f70fb6a680a52d2833b7db1bf8bbad67\"},\"headline\":\"Joerg Widmer, nombrado miembro distinguido de la ACM\",\"datePublished\":\"2019-10-31T08:50:14+00:00\",\"dateModified\":\"2021-01-14T09:36:53+00:00\",\"mainEntityOfPage\":{\"@id\":\"https:\\\/\\\/networks.imdea.org\\\/es\\\/joerg-widmer-nombrado-miembro-distinguido-de-la-acm\\\/\"},\"wordCount\":1140,\"commentCount\":0,\"image\":{\"@id\":\"https:\\\/\\\/networks.imdea.org\\\/es\\\/joerg-widmer-nombrado-miembro-distinguido-de-la-acm\\\/#primaryimage\"},\"thumbnailUrl\":\"https:\\\/\\\/networks.imdea.org\\\/wp-content\\\/uploads\\\/2019\\\/10\\\/2019-10-31-news-image700x400v3.jpg\",\"keywords\":[\"IMDEA Networks\",\"Innovation\",\"Internet\",\"Network security\",\"Privacy\",\"Wireless networking\"],\"articleSection\":[\"Noticias\"],\"inLanguage\":\"es\",\"potentialAction\":[{\"@type\":\"CommentAction\",\"name\":\"Comment\",\"target\":[\"https:\\\/\\\/networks.imdea.org\\\/es\\\/joerg-widmer-nombrado-miembro-distinguido-de-la-acm\\\/#respond\"]}]},{\"@type\":\"WebPage\",\"@id\":\"https:\\\/\\\/networks.imdea.org\\\/es\\\/joerg-widmer-nombrado-miembro-distinguido-de-la-acm\\\/\",\"url\":\"https:\\\/\\\/networks.imdea.org\\\/es\\\/joerg-widmer-nombrado-miembro-distinguido-de-la-acm\\\/\",\"name\":\"Joerg Widmer, nombrado miembro distinguido de la ACM - IMDEA Networks\",\"isPartOf\":{\"@id\":\"https:\\\/\\\/networks.imdea.org\\\/es\\\/#website\"},\"primaryImageOfPage\":{\"@id\":\"https:\\\/\\\/networks.imdea.org\\\/es\\\/joerg-widmer-nombrado-miembro-distinguido-de-la-acm\\\/#primaryimage\"},\"image\":{\"@id\":\"https:\\\/\\\/networks.imdea.org\\\/es\\\/joerg-widmer-nombrado-miembro-distinguido-de-la-acm\\\/#primaryimage\"},\"thumbnailUrl\":\"https:\\\/\\\/networks.imdea.org\\\/wp-content\\\/uploads\\\/2019\\\/10\\\/2019-10-31-news-image700x400v3.jpg\",\"datePublished\":\"2019-10-31T08:50:14+00:00\",\"dateModified\":\"2021-01-14T09:36:53+00:00\",\"author\":{\"@id\":\"https:\\\/\\\/networks.imdea.org\\\/#\\\/schema\\\/person\\\/f70fb6a680a52d2833b7db1bf8bbad67\"},\"breadcrumb\":{\"@id\":\"https:\\\/\\\/networks.imdea.org\\\/es\\\/joerg-widmer-nombrado-miembro-distinguido-de-la-acm\\\/#breadcrumb\"},\"inLanguage\":\"es\",\"potentialAction\":[{\"@type\":\"ReadAction\",\"target\":[[\"https:\\\/\\\/networks.imdea.org\\\/es\\\/joerg-widmer-nombrado-miembro-distinguido-de-la-acm\\\/\"]]}]},{\"@type\":\"ImageObject\",\"inLanguage\":\"es\",\"@id\":\"https:\\\/\\\/networks.imdea.org\\\/es\\\/joerg-widmer-nombrado-miembro-distinguido-de-la-acm\\\/#primaryimage\",\"url\":\"https:\\\/\\\/networks.imdea.org\\\/wp-content\\\/uploads\\\/2019\\\/10\\\/2019-10-31-news-image700x400v3.jpg\",\"contentUrl\":\"https:\\\/\\\/networks.imdea.org\\\/wp-content\\\/uploads\\\/2019\\\/10\\\/2019-10-31-news-image700x400v3.jpg\",\"width\":700,\"height\":255,\"caption\":\"http:\\\/\\\/www.networks.imdea.org\\\/sites\\\/default\\\/files\\\/images\\\/news\\\/2019-10-31-news-image700x400v3.jpg\"},{\"@type\":\"BreadcrumbList\",\"@id\":\"https:\\\/\\\/networks.imdea.org\\\/es\\\/joerg-widmer-nombrado-miembro-distinguido-de-la-acm\\\/#breadcrumb\",\"itemListElement\":[{\"@type\":\"ListItem\",\"position\":1,\"name\":\"Home\",\"item\":\"https:\\\/\\\/networks.imdea.org\\\/es\\\/\"},{\"@type\":\"ListItem\",\"position\":2,\"name\":\"Joerg Widmer, nombrado miembro distinguido de la ACM\"}]},{\"@type\":\"WebSite\",\"@id\":\"https:\\\/\\\/networks.imdea.org\\\/es\\\/#website\",\"url\":\"https:\\\/\\\/networks.imdea.org\\\/es\\\/\",\"name\":\"IMDEA Networks\",\"description\":\"IMDEA Networks Multisite\",\"potentialAction\":[{\"@type\":\"SearchAction\",\"target\":{\"@type\":\"EntryPoint\",\"urlTemplate\":\"https:\\\/\\\/networks.imdea.org\\\/es\\\/?s={search_term_string}\"},\"query-input\":{\"@type\":\"PropertyValueSpecification\",\"valueRequired\":true,\"valueName\":\"search_term_string\"}}],\"inLanguage\":\"es\"},{\"@type\":\"Person\",\"@id\":\"https:\\\/\\\/networks.imdea.org\\\/#\\\/schema\\\/person\\\/f70fb6a680a52d2833b7db1bf8bbad67\",\"name\":\"in_admin\",\"image\":{\"@type\":\"ImageObject\",\"inLanguage\":\"es\",\"@id\":\"https:\\\/\\\/secure.gravatar.com\\\/avatar\\\/4fd5849709f4f0a3c17a6da181c537d91bc0fce2505fb75c0293ba6963162590?s=96&d=mm&r=g\",\"url\":\"https:\\\/\\\/secure.gravatar.com\\\/avatar\\\/4fd5849709f4f0a3c17a6da181c537d91bc0fce2505fb75c0293ba6963162590?s=96&d=mm&r=g\",\"contentUrl\":\"https:\\\/\\\/secure.gravatar.com\\\/avatar\\\/4fd5849709f4f0a3c17a6da181c537d91bc0fce2505fb75c0293ba6963162590?s=96&d=mm&r=g\",\"caption\":\"in_admin\"},\"url\":\"https:\\\/\\\/networks.imdea.org\\\/es\\\/author\\\/in_admin\\\/\"}]}<\/script>\n<!-- \/ Yoast SEO plugin. -->","yoast_head_json":{"title":"Joerg Widmer, nombrado miembro distinguido de la ACM - IMDEA Networks","robots":{"index":"index","follow":"follow","max-snippet":"max-snippet:-1","max-image-preview":"max-image-preview:large","max-video-preview":"max-video-preview:-1"},"canonical":"https:\/\/networks.imdea.org\/es\/joerg-widmer-nombrado-miembro-distinguido-de-la-acm\/","og_locale":"es_ES","og_type":"article","og_title":"Joerg Widmer, nombrado miembro distinguido de la ACM - IMDEA Networks","og_description":"El Dr. Joerg Widmer, Profesor de Investigaci\u00f3n y Director de Investigaci\u00f3n de IMDEA Networks, ha sido nombrado \u00abMiembro Distinguido\u00bb por la Association for Computing Machinery (ACM). Ha recibido este premio altamente reconocido por sus destacadas contribuciones cient\u00edficas en el campo de la inform\u00e1tica. Joerg Widmer ha centrado su investigaci\u00f3n en redes inal\u00e1mbricas, desde comunicaci\u00f3n de...","og_url":"https:\/\/networks.imdea.org\/es\/joerg-widmer-nombrado-miembro-distinguido-de-la-acm\/","og_site_name":"IMDEA Networks","article_published_time":"2019-10-31T08:50:14+00:00","article_modified_time":"2021-01-14T09:36:53+00:00","og_image":[{"width":700,"height":255,"url":"https:\/\/networks.imdea.org\/wp-content\/uploads\/2019\/10\/2019-10-31-news-image700x400v3.jpg","type":"image\/jpeg"}],"author":"in_admin","twitter_card":"summary_large_image","twitter_misc":{"Escrito por":"in_admin","Tiempo de lectura":"3 minutos"},"schema":{"@context":"https:\/\/schema.org","@graph":[{"@type":"Article","@id":"https:\/\/networks.imdea.org\/es\/joerg-widmer-nombrado-miembro-distinguido-de-la-acm\/#article","isPartOf":{"@id":"https:\/\/networks.imdea.org\/es\/joerg-widmer-nombrado-miembro-distinguido-de-la-acm\/"},"author":{"name":"in_admin","@id":"https:\/\/networks.imdea.org\/#\/schema\/person\/f70fb6a680a52d2833b7db1bf8bbad67"},"headline":"Joerg Widmer, nombrado miembro distinguido de la ACM","datePublished":"2019-10-31T08:50:14+00:00","dateModified":"2021-01-14T09:36:53+00:00","mainEntityOfPage":{"@id":"https:\/\/networks.imdea.org\/es\/joerg-widmer-nombrado-miembro-distinguido-de-la-acm\/"},"wordCount":1140,"commentCount":0,"image":{"@id":"https:\/\/networks.imdea.org\/es\/joerg-widmer-nombrado-miembro-distinguido-de-la-acm\/#primaryimage"},"thumbnailUrl":"https:\/\/networks.imdea.org\/wp-content\/uploads\/2019\/10\/2019-10-31-news-image700x400v3.jpg","keywords":["IMDEA Networks","Innovation","Internet","Network security","Privacy","Wireless networking"],"articleSection":["Noticias"],"inLanguage":"es","potentialAction":[{"@type":"CommentAction","name":"Comment","target":["https:\/\/networks.imdea.org\/es\/joerg-widmer-nombrado-miembro-distinguido-de-la-acm\/#respond"]}]},{"@type":"WebPage","@id":"https:\/\/networks.imdea.org\/es\/joerg-widmer-nombrado-miembro-distinguido-de-la-acm\/","url":"https:\/\/networks.imdea.org\/es\/joerg-widmer-nombrado-miembro-distinguido-de-la-acm\/","name":"Joerg Widmer, nombrado miembro distinguido de la ACM - IMDEA Networks","isPartOf":{"@id":"https:\/\/networks.imdea.org\/es\/#website"},"primaryImageOfPage":{"@id":"https:\/\/networks.imdea.org\/es\/joerg-widmer-nombrado-miembro-distinguido-de-la-acm\/#primaryimage"},"image":{"@id":"https:\/\/networks.imdea.org\/es\/joerg-widmer-nombrado-miembro-distinguido-de-la-acm\/#primaryimage"},"thumbnailUrl":"https:\/\/networks.imdea.org\/wp-content\/uploads\/2019\/10\/2019-10-31-news-image700x400v3.jpg","datePublished":"2019-10-31T08:50:14+00:00","dateModified":"2021-01-14T09:36:53+00:00","author":{"@id":"https:\/\/networks.imdea.org\/#\/schema\/person\/f70fb6a680a52d2833b7db1bf8bbad67"},"breadcrumb":{"@id":"https:\/\/networks.imdea.org\/es\/joerg-widmer-nombrado-miembro-distinguido-de-la-acm\/#breadcrumb"},"inLanguage":"es","potentialAction":[{"@type":"ReadAction","target":[["https:\/\/networks.imdea.org\/es\/joerg-widmer-nombrado-miembro-distinguido-de-la-acm\/"]]}]},{"@type":"ImageObject","inLanguage":"es","@id":"https:\/\/networks.imdea.org\/es\/joerg-widmer-nombrado-miembro-distinguido-de-la-acm\/#primaryimage","url":"https:\/\/networks.imdea.org\/wp-content\/uploads\/2019\/10\/2019-10-31-news-image700x400v3.jpg","contentUrl":"https:\/\/networks.imdea.org\/wp-content\/uploads\/2019\/10\/2019-10-31-news-image700x400v3.jpg","width":700,"height":255,"caption":"http:\/\/www.networks.imdea.org\/sites\/default\/files\/images\/news\/2019-10-31-news-image700x400v3.jpg"},{"@type":"BreadcrumbList","@id":"https:\/\/networks.imdea.org\/es\/joerg-widmer-nombrado-miembro-distinguido-de-la-acm\/#breadcrumb","itemListElement":[{"@type":"ListItem","position":1,"name":"Home","item":"https:\/\/networks.imdea.org\/es\/"},{"@type":"ListItem","position":2,"name":"Joerg Widmer, nombrado miembro distinguido de la ACM"}]},{"@type":"WebSite","@id":"https:\/\/networks.imdea.org\/es\/#website","url":"https:\/\/networks.imdea.org\/es\/","name":"IMDEA Networks","description":"IMDEA Networks Multisite","potentialAction":[{"@type":"SearchAction","target":{"@type":"EntryPoint","urlTemplate":"https:\/\/networks.imdea.org\/es\/?s={search_term_string}"},"query-input":{"@type":"PropertyValueSpecification","valueRequired":true,"valueName":"search_term_string"}}],"inLanguage":"es"},{"@type":"Person","@id":"https:\/\/networks.imdea.org\/#\/schema\/person\/f70fb6a680a52d2833b7db1bf8bbad67","name":"in_admin","image":{"@type":"ImageObject","inLanguage":"es","@id":"https:\/\/secure.gravatar.com\/avatar\/4fd5849709f4f0a3c17a6da181c537d91bc0fce2505fb75c0293ba6963162590?s=96&d=mm&r=g","url":"https:\/\/secure.gravatar.com\/avatar\/4fd5849709f4f0a3c17a6da181c537d91bc0fce2505fb75c0293ba6963162590?s=96&d=mm&r=g","contentUrl":"https:\/\/secure.gravatar.com\/avatar\/4fd5849709f4f0a3c17a6da181c537d91bc0fce2505fb75c0293ba6963162590?s=96&d=mm&r=g","caption":"in_admin"},"url":"https:\/\/networks.imdea.org\/es\/author\/in_admin\/"}]}},"_links":{"self":[{"href":"https:\/\/networks.imdea.org\/es\/wp-json\/wp\/v2\/posts\/7927","targetHints":{"allow":["GET"]}}],"collection":[{"href":"https:\/\/networks.imdea.org\/es\/wp-json\/wp\/v2\/posts"}],"about":[{"href":"https:\/\/networks.imdea.org\/es\/wp-json\/wp\/v2\/types\/post"}],"author":[{"embeddable":true,"href":"https:\/\/networks.imdea.org\/es\/wp-json\/wp\/v2\/users\/1"}],"replies":[{"embeddable":true,"href":"https:\/\/networks.imdea.org\/es\/wp-json\/wp\/v2\/comments?post=7927"}],"version-history":[{"count":4,"href":"https:\/\/networks.imdea.org\/es\/wp-json\/wp\/v2\/posts\/7927\/revisions"}],"predecessor-version":[{"id":21016,"href":"https:\/\/networks.imdea.org\/es\/wp-json\/wp\/v2\/posts\/7927\/revisions\/21016"}],"wp:featuredmedia":[{"embeddable":true,"href":"https:\/\/networks.imdea.org\/es\/wp-json\/wp\/v2\/media\/7928"}],"wp:attachment":[{"href":"https:\/\/networks.imdea.org\/es\/wp-json\/wp\/v2\/media?parent=7927"}],"wp:term":[{"taxonomy":"category","embeddable":true,"href":"https:\/\/networks.imdea.org\/es\/wp-json\/wp\/v2\/categories?post=7927"},{"taxonomy":"post_tag","embeddable":true,"href":"https:\/\/networks.imdea.org\/es\/wp-json\/wp\/v2\/tags?post=7927"}],"curies":[{"name":"wp","href":"https:\/\/api.w.org\/{rel}","templated":true}]}}