{"id":7863,"date":"2019-09-30T08:38:51","date_gmt":"2019-09-30T08:38:51","guid":{"rendered":"https:\/\/networks.imdea.org\/arturo-azcorra-explica-las-caracteristicas-de-la-tecnologia-5g-en-una-entrevista-para-el-periodico-la-nacion\/"},"modified":"2021-01-14T10:20:06","modified_gmt":"2021-01-14T09:20:06","slug":"arturo-azcorra-explica-las-caracteristicas-de-la-tecnologia-5g-en-una-entrevista-para-el-periodico-la-nacion","status":"publish","type":"post","link":"https:\/\/networks.imdea.org\/es\/arturo-azcorra-explica-las-caracteristicas-de-la-tecnologia-5g-en-una-entrevista-para-el-periodico-la-nacion\/","title":{"rendered":"Arturo Azcorra explica las caracter\u00edsticas de la tecnolog\u00eda 5G en una entrevista para el peri\u00f3dico La Naci\u00f3n"},"content":{"rendered":"<p><strong>Arturo Azcorra, director del instituto de investigaci\u00f3n IMDEA Networks y catedr\u00e1tico en la Universidad Carlos III de Madrid, es entrevistado por el peri\u00f3dico La Naci\u00f3n de Costa Rica sobre las comunicaciones 5G.<\/strong><\/p>\n<p>Durante su visita a Costa Rica, donde imparti\u00f3 el taller \u201c\u00bfQu\u00e9 es 5G y por qu\u00e9 es disruptivo?\u201d en la Universidad Fid\u00e9litas, el Dr. Azcorra concedi\u00f3 una entrevista para la secci\u00f3n de Tecnolog\u00eda del peri\u00f3dico La Naci\u00f3n. En ella explica el objetivo de la tecnolog\u00eda 5G de redise\u00f1ar las comunicaciones m\u00f3viles, suponiendo un hito importante en el mundo tecnol\u00f3gico actual. M\u00e1s all\u00e1 del uso tradicional, las redes 5G se centran principalmente en ofrecer apoyo a objetos, reduciendo la latencia en las aplicaciones de misi\u00f3n cr\u00edtica y aportando comunicaci\u00f3n de maquinaria masiva en \u00e1reas como la sanidad, la producci\u00f3n, la energ\u00eda, el transporte, la seguridad, etc., acogiendo el Internet de las Cosas.<\/p>","protected":false},"excerpt":{"rendered":"Arturo Azcorra, director del instituto de investigaci\u00f3n IMDEA Networks y catedr\u00e1tico en la Universidad Carlos III de Madrid, es entrevistado por el peri\u00f3dico La Naci\u00f3n de Costa Rica sobre las comunicaciones 5G. Durante su visita a Costa Rica, donde imparti\u00f3 el taller \u201c\u00bfQu\u00e9 es 5G y por qu\u00e9 es disruptivo?\u201d en la Universidad Fid\u00e9litas, el&#8230;","protected":false},"author":1,"featured_media":11447,"comment_status":"open","ping_status":"open","sticky":false,"template":"","format":"standard","meta":{"_acf_changed":false,"footnotes":""},"categories":[1],"tags":[468,469,464,473,465,472],"class_list":["post-7863","post","type-post","status-publish","format-standard","has-post-thumbnail","hentry","category-sin-categoria","tag-5g","tag-5tonic","tag-imdea-networks","tag-innovation","tag-internet","tag-wireless-communications"],"acf":[],"yoast_head":"<!-- This site is optimized with the Yoast SEO plugin v27.4 - https:\/\/yoast.com\/product\/yoast-seo-wordpress\/ -->\n<title>Arturo Azcorra explica las caracter\u00edsticas de la tecnolog\u00eda 5G en una entrevista para el peri\u00f3dico La Naci\u00f3n - IMDEA Networks<\/title>\n<meta name=\"robots\" content=\"index, follow, max-snippet:-1, max-image-preview:large, max-video-preview:-1\" \/>\n<link rel=\"canonical\" href=\"https:\/\/networks.imdea.org\/es\/arturo-azcorra-explica-las-caracteristicas-de-la-tecnologia-5g-en-una-entrevista-para-el-periodico-la-nacion\/\" \/>\n<meta property=\"og:locale\" content=\"es_ES\" \/>\n<meta property=\"og:type\" content=\"article\" \/>\n<meta property=\"og:title\" content=\"Arturo Azcorra explica las caracter\u00edsticas de la tecnolog\u00eda 5G en una entrevista para el peri\u00f3dico La Naci\u00f3n - IMDEA Networks\" \/>\n<meta property=\"og:description\" content=\"Arturo Azcorra, director del instituto de investigaci\u00f3n IMDEA Networks y catedr\u00e1tico en la Universidad Carlos III de Madrid, es entrevistado por el peri\u00f3dico La Naci\u00f3n de Costa Rica sobre las comunicaciones 5G. Durante su visita a Costa Rica, donde imparti\u00f3 el taller \u201c\u00bfQu\u00e9 es 5G y por qu\u00e9 es disruptivo?\u201d en la Universidad Fid\u00e9litas, el...\" \/>\n<meta property=\"og:url\" content=\"https:\/\/networks.imdea.org\/es\/arturo-azcorra-explica-las-caracteristicas-de-la-tecnologia-5g-en-una-entrevista-para-el-periodico-la-nacion\/\" \/>\n<meta property=\"og:site_name\" content=\"IMDEA Networks\" \/>\n<meta property=\"article:published_time\" content=\"2019-09-30T08:38:51+00:00\" \/>\n<meta property=\"article:modified_time\" content=\"2021-01-14T09:20:06+00:00\" \/>\n<meta property=\"og:image\" content=\"https:\/\/networks.imdea.org\/wp-content\/uploads\/2019\/09\/5g_2.jpg\" \/>\n\t<meta property=\"og:image:width\" content=\"810\" \/>\n\t<meta property=\"og:image:height\" content=\"608\" \/>\n\t<meta property=\"og:image:type\" content=\"image\/jpeg\" \/>\n<meta name=\"author\" content=\"in_admin\" \/>\n<meta name=\"twitter:card\" content=\"summary_large_image\" \/>\n<meta name=\"twitter:label1\" content=\"Escrito por\" \/>\n\t<meta name=\"twitter:data1\" content=\"in_admin\" \/>\n\t<meta name=\"twitter:label2\" content=\"Tiempo de lectura\" \/>\n\t<meta name=\"twitter:data2\" content=\"1 minuto\" \/>\n<script type=\"application\/ld+json\" class=\"yoast-schema-graph\">{\"@context\":\"https:\\\/\\\/schema.org\",\"@graph\":[{\"@type\":\"Article\",\"@id\":\"https:\\\/\\\/networks.imdea.org\\\/es\\\/arturo-azcorra-explica-las-caracteristicas-de-la-tecnologia-5g-en-una-entrevista-para-el-periodico-la-nacion\\\/#article\",\"isPartOf\":{\"@id\":\"https:\\\/\\\/networks.imdea.org\\\/es\\\/arturo-azcorra-explica-las-caracteristicas-de-la-tecnologia-5g-en-una-entrevista-para-el-periodico-la-nacion\\\/\"},\"author\":{\"name\":\"in_admin\",\"@id\":\"https:\\\/\\\/networks.imdea.org\\\/#\\\/schema\\\/person\\\/f70fb6a680a52d2833b7db1bf8bbad67\"},\"headline\":\"Arturo Azcorra explica las caracter\u00edsticas de la tecnolog\u00eda 5G en una entrevista para el peri\u00f3dico La Naci\u00f3n\",\"datePublished\":\"2019-09-30T08:38:51+00:00\",\"dateModified\":\"2021-01-14T09:20:06+00:00\",\"mainEntityOfPage\":{\"@id\":\"https:\\\/\\\/networks.imdea.org\\\/es\\\/arturo-azcorra-explica-las-caracteristicas-de-la-tecnologia-5g-en-una-entrevista-para-el-periodico-la-nacion\\\/\"},\"wordCount\":330,\"commentCount\":0,\"image\":{\"@id\":\"https:\\\/\\\/networks.imdea.org\\\/es\\\/arturo-azcorra-explica-las-caracteristicas-de-la-tecnologia-5g-en-una-entrevista-para-el-periodico-la-nacion\\\/#primaryimage\"},\"thumbnailUrl\":\"https:\\\/\\\/networks.imdea.org\\\/wp-content\\\/uploads\\\/2019\\\/09\\\/5g_2.jpg\",\"keywords\":[\"5G\",\"5TONIC\",\"IMDEA Networks\",\"Innovation\",\"Internet\",\"Wireless communications\"],\"articleSection\":[\"Noticias\"],\"inLanguage\":\"es\",\"potentialAction\":[{\"@type\":\"CommentAction\",\"name\":\"Comment\",\"target\":[\"https:\\\/\\\/networks.imdea.org\\\/es\\\/arturo-azcorra-explica-las-caracteristicas-de-la-tecnologia-5g-en-una-entrevista-para-el-periodico-la-nacion\\\/#respond\"]}]},{\"@type\":\"WebPage\",\"@id\":\"https:\\\/\\\/networks.imdea.org\\\/es\\\/arturo-azcorra-explica-las-caracteristicas-de-la-tecnologia-5g-en-una-entrevista-para-el-periodico-la-nacion\\\/\",\"url\":\"https:\\\/\\\/networks.imdea.org\\\/es\\\/arturo-azcorra-explica-las-caracteristicas-de-la-tecnologia-5g-en-una-entrevista-para-el-periodico-la-nacion\\\/\",\"name\":\"Arturo Azcorra explica las caracter\u00edsticas de la tecnolog\u00eda 5G en una entrevista para el peri\u00f3dico La Naci\u00f3n - IMDEA Networks\",\"isPartOf\":{\"@id\":\"https:\\\/\\\/networks.imdea.org\\\/es\\\/#website\"},\"primaryImageOfPage\":{\"@id\":\"https:\\\/\\\/networks.imdea.org\\\/es\\\/arturo-azcorra-explica-las-caracteristicas-de-la-tecnologia-5g-en-una-entrevista-para-el-periodico-la-nacion\\\/#primaryimage\"},\"image\":{\"@id\":\"https:\\\/\\\/networks.imdea.org\\\/es\\\/arturo-azcorra-explica-las-caracteristicas-de-la-tecnologia-5g-en-una-entrevista-para-el-periodico-la-nacion\\\/#primaryimage\"},\"thumbnailUrl\":\"https:\\\/\\\/networks.imdea.org\\\/wp-content\\\/uploads\\\/2019\\\/09\\\/5g_2.jpg\",\"datePublished\":\"2019-09-30T08:38:51+00:00\",\"dateModified\":\"2021-01-14T09:20:06+00:00\",\"author\":{\"@id\":\"https:\\\/\\\/networks.imdea.org\\\/#\\\/schema\\\/person\\\/f70fb6a680a52d2833b7db1bf8bbad67\"},\"breadcrumb\":{\"@id\":\"https:\\\/\\\/networks.imdea.org\\\/es\\\/arturo-azcorra-explica-las-caracteristicas-de-la-tecnologia-5g-en-una-entrevista-para-el-periodico-la-nacion\\\/#breadcrumb\"},\"inLanguage\":\"es\",\"potentialAction\":[{\"@type\":\"ReadAction\",\"target\":[[\"https:\\\/\\\/networks.imdea.org\\\/es\\\/arturo-azcorra-explica-las-caracteristicas-de-la-tecnologia-5g-en-una-entrevista-para-el-periodico-la-nacion\\\/\"]]}]},{\"@type\":\"ImageObject\",\"inLanguage\":\"es\",\"@id\":\"https:\\\/\\\/networks.imdea.org\\\/es\\\/arturo-azcorra-explica-las-caracteristicas-de-la-tecnologia-5g-en-una-entrevista-para-el-periodico-la-nacion\\\/#primaryimage\",\"url\":\"https:\\\/\\\/networks.imdea.org\\\/wp-content\\\/uploads\\\/2019\\\/09\\\/5g_2.jpg\",\"contentUrl\":\"https:\\\/\\\/networks.imdea.org\\\/wp-content\\\/uploads\\\/2019\\\/09\\\/5g_2.jpg\",\"width\":810,\"height\":608,\"caption\":\"5g\"},{\"@type\":\"BreadcrumbList\",\"@id\":\"https:\\\/\\\/networks.imdea.org\\\/es\\\/arturo-azcorra-explica-las-caracteristicas-de-la-tecnologia-5g-en-una-entrevista-para-el-periodico-la-nacion\\\/#breadcrumb\",\"itemListElement\":[{\"@type\":\"ListItem\",\"position\":1,\"name\":\"Home\",\"item\":\"https:\\\/\\\/networks.imdea.org\\\/es\\\/\"},{\"@type\":\"ListItem\",\"position\":2,\"name\":\"Arturo Azcorra explica las caracter\u00edsticas de la tecnolog\u00eda 5G en una entrevista para el peri\u00f3dico La Naci\u00f3n\"}]},{\"@type\":\"WebSite\",\"@id\":\"https:\\\/\\\/networks.imdea.org\\\/es\\\/#website\",\"url\":\"https:\\\/\\\/networks.imdea.org\\\/es\\\/\",\"name\":\"IMDEA Networks\",\"description\":\"IMDEA Networks Multisite\",\"potentialAction\":[{\"@type\":\"SearchAction\",\"target\":{\"@type\":\"EntryPoint\",\"urlTemplate\":\"https:\\\/\\\/networks.imdea.org\\\/es\\\/?s={search_term_string}\"},\"query-input\":{\"@type\":\"PropertyValueSpecification\",\"valueRequired\":true,\"valueName\":\"search_term_string\"}}],\"inLanguage\":\"es\"},{\"@type\":\"Person\",\"@id\":\"https:\\\/\\\/networks.imdea.org\\\/#\\\/schema\\\/person\\\/f70fb6a680a52d2833b7db1bf8bbad67\",\"name\":\"in_admin\",\"image\":{\"@type\":\"ImageObject\",\"inLanguage\":\"es\",\"@id\":\"https:\\\/\\\/secure.gravatar.com\\\/avatar\\\/4fd5849709f4f0a3c17a6da181c537d91bc0fce2505fb75c0293ba6963162590?s=96&d=mm&r=g\",\"url\":\"https:\\\/\\\/secure.gravatar.com\\\/avatar\\\/4fd5849709f4f0a3c17a6da181c537d91bc0fce2505fb75c0293ba6963162590?s=96&d=mm&r=g\",\"contentUrl\":\"https:\\\/\\\/secure.gravatar.com\\\/avatar\\\/4fd5849709f4f0a3c17a6da181c537d91bc0fce2505fb75c0293ba6963162590?s=96&d=mm&r=g\",\"caption\":\"in_admin\"},\"url\":\"https:\\\/\\\/networks.imdea.org\\\/es\\\/author\\\/in_admin\\\/\"}]}<\/script>\n<!-- \/ Yoast SEO plugin. -->","yoast_head_json":{"title":"Arturo Azcorra explica las caracter\u00edsticas de la tecnolog\u00eda 5G en una entrevista para el peri\u00f3dico La Naci\u00f3n - IMDEA Networks","robots":{"index":"index","follow":"follow","max-snippet":"max-snippet:-1","max-image-preview":"max-image-preview:large","max-video-preview":"max-video-preview:-1"},"canonical":"https:\/\/networks.imdea.org\/es\/arturo-azcorra-explica-las-caracteristicas-de-la-tecnologia-5g-en-una-entrevista-para-el-periodico-la-nacion\/","og_locale":"es_ES","og_type":"article","og_title":"Arturo Azcorra explica las caracter\u00edsticas de la tecnolog\u00eda 5G en una entrevista para el peri\u00f3dico La Naci\u00f3n - IMDEA Networks","og_description":"Arturo Azcorra, director del instituto de investigaci\u00f3n IMDEA Networks y catedr\u00e1tico en la Universidad Carlos III de Madrid, es entrevistado por el peri\u00f3dico La Naci\u00f3n de Costa Rica sobre las comunicaciones 5G. Durante su visita a Costa Rica, donde imparti\u00f3 el taller \u201c\u00bfQu\u00e9 es 5G y por qu\u00e9 es disruptivo?\u201d en la Universidad Fid\u00e9litas, el...","og_url":"https:\/\/networks.imdea.org\/es\/arturo-azcorra-explica-las-caracteristicas-de-la-tecnologia-5g-en-una-entrevista-para-el-periodico-la-nacion\/","og_site_name":"IMDEA Networks","article_published_time":"2019-09-30T08:38:51+00:00","article_modified_time":"2021-01-14T09:20:06+00:00","og_image":[{"width":810,"height":608,"url":"https:\/\/networks.imdea.org\/wp-content\/uploads\/2019\/09\/5g_2.jpg","type":"image\/jpeg"}],"author":"in_admin","twitter_card":"summary_large_image","twitter_misc":{"Escrito por":"in_admin","Tiempo de lectura":"1 minuto"},"schema":{"@context":"https:\/\/schema.org","@graph":[{"@type":"Article","@id":"https:\/\/networks.imdea.org\/es\/arturo-azcorra-explica-las-caracteristicas-de-la-tecnologia-5g-en-una-entrevista-para-el-periodico-la-nacion\/#article","isPartOf":{"@id":"https:\/\/networks.imdea.org\/es\/arturo-azcorra-explica-las-caracteristicas-de-la-tecnologia-5g-en-una-entrevista-para-el-periodico-la-nacion\/"},"author":{"name":"in_admin","@id":"https:\/\/networks.imdea.org\/#\/schema\/person\/f70fb6a680a52d2833b7db1bf8bbad67"},"headline":"Arturo Azcorra explica las caracter\u00edsticas de la tecnolog\u00eda 5G en una entrevista para el peri\u00f3dico La Naci\u00f3n","datePublished":"2019-09-30T08:38:51+00:00","dateModified":"2021-01-14T09:20:06+00:00","mainEntityOfPage":{"@id":"https:\/\/networks.imdea.org\/es\/arturo-azcorra-explica-las-caracteristicas-de-la-tecnologia-5g-en-una-entrevista-para-el-periodico-la-nacion\/"},"wordCount":330,"commentCount":0,"image":{"@id":"https:\/\/networks.imdea.org\/es\/arturo-azcorra-explica-las-caracteristicas-de-la-tecnologia-5g-en-una-entrevista-para-el-periodico-la-nacion\/#primaryimage"},"thumbnailUrl":"https:\/\/networks.imdea.org\/wp-content\/uploads\/2019\/09\/5g_2.jpg","keywords":["5G","5TONIC","IMDEA Networks","Innovation","Internet","Wireless communications"],"articleSection":["Noticias"],"inLanguage":"es","potentialAction":[{"@type":"CommentAction","name":"Comment","target":["https:\/\/networks.imdea.org\/es\/arturo-azcorra-explica-las-caracteristicas-de-la-tecnologia-5g-en-una-entrevista-para-el-periodico-la-nacion\/#respond"]}]},{"@type":"WebPage","@id":"https:\/\/networks.imdea.org\/es\/arturo-azcorra-explica-las-caracteristicas-de-la-tecnologia-5g-en-una-entrevista-para-el-periodico-la-nacion\/","url":"https:\/\/networks.imdea.org\/es\/arturo-azcorra-explica-las-caracteristicas-de-la-tecnologia-5g-en-una-entrevista-para-el-periodico-la-nacion\/","name":"Arturo Azcorra explica las caracter\u00edsticas de la tecnolog\u00eda 5G en una entrevista para el peri\u00f3dico La Naci\u00f3n - IMDEA Networks","isPartOf":{"@id":"https:\/\/networks.imdea.org\/es\/#website"},"primaryImageOfPage":{"@id":"https:\/\/networks.imdea.org\/es\/arturo-azcorra-explica-las-caracteristicas-de-la-tecnologia-5g-en-una-entrevista-para-el-periodico-la-nacion\/#primaryimage"},"image":{"@id":"https:\/\/networks.imdea.org\/es\/arturo-azcorra-explica-las-caracteristicas-de-la-tecnologia-5g-en-una-entrevista-para-el-periodico-la-nacion\/#primaryimage"},"thumbnailUrl":"https:\/\/networks.imdea.org\/wp-content\/uploads\/2019\/09\/5g_2.jpg","datePublished":"2019-09-30T08:38:51+00:00","dateModified":"2021-01-14T09:20:06+00:00","author":{"@id":"https:\/\/networks.imdea.org\/#\/schema\/person\/f70fb6a680a52d2833b7db1bf8bbad67"},"breadcrumb":{"@id":"https:\/\/networks.imdea.org\/es\/arturo-azcorra-explica-las-caracteristicas-de-la-tecnologia-5g-en-una-entrevista-para-el-periodico-la-nacion\/#breadcrumb"},"inLanguage":"es","potentialAction":[{"@type":"ReadAction","target":[["https:\/\/networks.imdea.org\/es\/arturo-azcorra-explica-las-caracteristicas-de-la-tecnologia-5g-en-una-entrevista-para-el-periodico-la-nacion\/"]]}]},{"@type":"ImageObject","inLanguage":"es","@id":"https:\/\/networks.imdea.org\/es\/arturo-azcorra-explica-las-caracteristicas-de-la-tecnologia-5g-en-una-entrevista-para-el-periodico-la-nacion\/#primaryimage","url":"https:\/\/networks.imdea.org\/wp-content\/uploads\/2019\/09\/5g_2.jpg","contentUrl":"https:\/\/networks.imdea.org\/wp-content\/uploads\/2019\/09\/5g_2.jpg","width":810,"height":608,"caption":"5g"},{"@type":"BreadcrumbList","@id":"https:\/\/networks.imdea.org\/es\/arturo-azcorra-explica-las-caracteristicas-de-la-tecnologia-5g-en-una-entrevista-para-el-periodico-la-nacion\/#breadcrumb","itemListElement":[{"@type":"ListItem","position":1,"name":"Home","item":"https:\/\/networks.imdea.org\/es\/"},{"@type":"ListItem","position":2,"name":"Arturo Azcorra explica las caracter\u00edsticas de la tecnolog\u00eda 5G en una entrevista para el peri\u00f3dico La Naci\u00f3n"}]},{"@type":"WebSite","@id":"https:\/\/networks.imdea.org\/es\/#website","url":"https:\/\/networks.imdea.org\/es\/","name":"IMDEA Networks","description":"IMDEA Networks Multisite","potentialAction":[{"@type":"SearchAction","target":{"@type":"EntryPoint","urlTemplate":"https:\/\/networks.imdea.org\/es\/?s={search_term_string}"},"query-input":{"@type":"PropertyValueSpecification","valueRequired":true,"valueName":"search_term_string"}}],"inLanguage":"es"},{"@type":"Person","@id":"https:\/\/networks.imdea.org\/#\/schema\/person\/f70fb6a680a52d2833b7db1bf8bbad67","name":"in_admin","image":{"@type":"ImageObject","inLanguage":"es","@id":"https:\/\/secure.gravatar.com\/avatar\/4fd5849709f4f0a3c17a6da181c537d91bc0fce2505fb75c0293ba6963162590?s=96&d=mm&r=g","url":"https:\/\/secure.gravatar.com\/avatar\/4fd5849709f4f0a3c17a6da181c537d91bc0fce2505fb75c0293ba6963162590?s=96&d=mm&r=g","contentUrl":"https:\/\/secure.gravatar.com\/avatar\/4fd5849709f4f0a3c17a6da181c537d91bc0fce2505fb75c0293ba6963162590?s=96&d=mm&r=g","caption":"in_admin"},"url":"https:\/\/networks.imdea.org\/es\/author\/in_admin\/"}]}},"_links":{"self":[{"href":"https:\/\/networks.imdea.org\/es\/wp-json\/wp\/v2\/posts\/7863","targetHints":{"allow":["GET"]}}],"collection":[{"href":"https:\/\/networks.imdea.org\/es\/wp-json\/wp\/v2\/posts"}],"about":[{"href":"https:\/\/networks.imdea.org\/es\/wp-json\/wp\/v2\/types\/post"}],"author":[{"embeddable":true,"href":"https:\/\/networks.imdea.org\/es\/wp-json\/wp\/v2\/users\/1"}],"replies":[{"embeddable":true,"href":"https:\/\/networks.imdea.org\/es\/wp-json\/wp\/v2\/comments?post=7863"}],"version-history":[{"count":5,"href":"https:\/\/networks.imdea.org\/es\/wp-json\/wp\/v2\/posts\/7863\/revisions"}],"predecessor-version":[{"id":21009,"href":"https:\/\/networks.imdea.org\/es\/wp-json\/wp\/v2\/posts\/7863\/revisions\/21009"}],"wp:featuredmedia":[{"embeddable":true,"href":"https:\/\/networks.imdea.org\/es\/wp-json\/wp\/v2\/media\/11447"}],"wp:attachment":[{"href":"https:\/\/networks.imdea.org\/es\/wp-json\/wp\/v2\/media?parent=7863"}],"wp:term":[{"taxonomy":"category","embeddable":true,"href":"https:\/\/networks.imdea.org\/es\/wp-json\/wp\/v2\/categories?post=7863"},{"taxonomy":"post_tag","embeddable":true,"href":"https:\/\/networks.imdea.org\/es\/wp-json\/wp\/v2\/tags?post=7863"}],"curies":[{"name":"wp","href":"https:\/\/api.w.org\/{rel}","templated":true}]}}