{"id":7852,"date":"2019-06-27T11:59:06","date_gmt":"2019-06-27T11:59:06","guid":{"rendered":"https:\/\/networks.imdea.org\/miembros-de-5tonic-protagonizan-el-congreso-eucnc\/"},"modified":"2020-10-21T13:12:52","modified_gmt":"2020-10-21T11:12:52","slug":"miembros-de-5tonic-protagonizan-el-congreso-eucnc","status":"publish","type":"post","link":"https:\/\/networks.imdea.org\/es\/miembros-de-5tonic-protagonizan-el-congreso-eucnc\/","title":{"rendered":"Miembros de 5TONIC protagonizan el congreso EuCNC"},"content":{"rendered":"<p><strong>Las organizaciones que componen 5TONIC (Madrid), uno de los primeros laboratorios de co-creaci\u00f3n de casos de uso 5G, tuvieron gran protagonismo en el Congreso Europeo sobre Redes y Comunicaciones (EuCNC 2019) celebrado la semana pasada en Valencia. Los miembros de 5TONIC realizaron demostraciones, talleres y presentaciones destacando el trabajo del laboratorio para lograr avances en tecnolog\u00eda 5G \u2013 especialmente en aplicaciones para mercados verticales.<\/strong><\/p>\n<p>El congreso, auspiciado por la Comisi\u00f3n Europea, es considerado uno de los escaparates m\u00e1s importantes del mundo donde dar muestra de las investigaciones y los desarrollos de vanguardia en tecnolog\u00edas de redes y comunicaci\u00f3n.<\/p>\n<p>Con el 5G acaparando la atenci\u00f3n, junto con el trabajo que se lleva a cabo en varios proyectos 5G financiados por la Comisi\u00f3n Europea, los equipos de 5TONIC y sus organizaciones miembros, incluidos Telef\u00f3nica, Universidad Carlos III de Madrid (UC3M), IMDEA Networks Institute y Ericsson, pudieron mostrar ejemplos de avances reales logrados en diversidad de proyectos en el laboratorio de Madrid.<\/p>\n<p><strong>Entre las seis demostraciones presentadas por 5TONIC,<\/strong> sus organizaciones miembros y colaboradores, <strong>una mostr\u00f3 el funcionamiento, en el laboratorio 5TONIC de Madrid, de veh\u00edculos de guiados autom\u00e1tico (AGV) de ASTI Mobile Robotics, <\/strong>controlado con un PLC (controlador l\u00f3gico programable) virtual sobre computaci\u00f3n multiple en el borde y retransmitido en directo al stand de 5G EVE en Valencia. La demostraci\u00f3n tambi\u00e9n incluy\u00f3 el procesamiento en tiempo real del v\u00eddeo capturado por una c\u00e1mara colocada en uno de los AGV, as\u00ed como un panel con los principales KPIs de la demostraci\u00f3n. Otras demostraciones presentadas por el laboratorio fueron ejemplos de <strong>computaci\u00f3n m\u00f3vil en el borde o en la nube, rob\u00f3tica, automatizaci\u00f3n y an\u00e1lisis sobre arquitecturas 5G.<\/strong><\/p>\n<div>\n<div id=\"attachment_11321\" style=\"width: 210px\" class=\"wp-caption alignright\"><img loading=\"lazy\" decoding=\"async\" aria-describedby=\"caption-attachment-11321\" class=\"wp-image-11321 size-medium\" src=\"https:\/\/networks.imdea.org\/wp-content\/uploads\/2019\/06\/demo-5g-eucnc-200x300.png\" alt=\"\" width=\"200\" height=\"300\" \/><p id=\"caption-attachment-11321\" class=\"wp-caption-text\">Las demos de 5G EVE se encuentran en el \u00e1rea de EuCNC Hall<\/p><\/div>\n<p>Representantes de varios de los proyectos en los que participa el laboratorio\u00a0<strong>(<\/strong><a href=\"https:\/\/5g-transformer.eu\/\" target=\"_blank\" rel=\"noopener noreferrer\">5G-TRANSFORME<\/a><a href=\"https:\/\/5g-transformer.eu\/\" target=\"_blank\" rel=\"noopener noreferrer\">R<\/a>, <a href=\"https:\/\/5g-ppp.eu\/5g-eve\/\" target=\"_blank\" rel=\"noopener noreferrer\">5G-EVE<\/a>, <a href=\"https:\/\/www.5g-vinni.eu\/\" target=\"_blank\" rel=\"noopener noreferrer\">5G-VINNI<\/a>, <a href=\"http:\/\/5growth.eu\/\" target=\"_blank\" rel=\"noopener noreferrer\">5GROWTH<\/a>, <a href=\"https:\/\/5ginfire.eu\/\" target=\"_blank\" rel=\"noopener noreferrer\">5GINFIRE<\/a>, <a href=\"https:\/\/metro-haul.eu\/\" target=\"_blank\" rel=\"noopener noreferrer\">METROHAUL<\/a>, and <a href=\"http:\/\/www.civiquantum.eu\/\" target=\"_blank\" rel=\"noopener noreferrer\">CIVIQ<\/a>) dieron ponencias en una serie de talleres y sesiones del congreso, <strong>abordando cuestiones que van desde la orquestaci\u00f3n de servicios en redes E2E (extremo a extremo) a redes cu\u00e1nticas, o propuestas avanzadas sobre redes \u00f3pticas y aplicaciones de la IA<\/strong>. Ser part\u00edcipe de todos estos proyectos da pie a la validaci\u00f3n de distintos componentes de las futuras infraestructuras 5G, al tiempo que permite comprender y potenciar el uso del 5G en sectores industriales\u00a0verticales. El uso de plataformas 5G de extremo a extremo y un enfoque basado en pruebas de campo son la base de la creaci\u00f3n de valor a\u00f1adido para industrias y sociedades.<\/p>\n<p>Adem\u00e1s, el Vicepresidente de 5TONIC, Arturo Azcorra, particip\u00f3 en un panel plenario, siendo uno de los principales conferenciantes del congreso. \u00ab\u00c9ste es un foro muy importante para mostrar la tecnolog\u00eda y los avances europeos\u00bb, dijo Azcorra. \u201cEste a\u00f1o 5TONIC jug\u00f3 un papel muy importante en el evento, consolidando su estatus como uno de los principales centros de desarrollo y pruebas 5G en Europa. El trabajo que se lleva a cabo en nuestro laboratorio de co-creaci\u00f3n en Madrid est\u00e1 a la vanguardia del desarrollo de tecnolog\u00eda 5G y pudimos demostrar nuestro \u00e9xito y nuestros logros en EuCNC \u00ab.<\/p>\n<p>\u201c5TONIC est\u00e1 siendo instrumental en la validaci\u00f3n y optimizaci\u00f3n temprana de los elementos habilitadores del 5G, y se est\u00e1 convirtiendo en lugar clave para impulsar las tecnolog\u00edas de red de pr\u00f3xima generaci\u00f3n a trav\u00e9s de sucesivos saltos evolutivos. Telef\u00f3nica hace uso de 5TONIC como un recurso clave para la innovaci\u00f3n abierta en 5G, impulsando la evoluci\u00f3n de la tecnolog\u00eda y explorando servicios diferenciales para nuestros clientes\u201d, dijo Javier Gavil\u00e1n, Director de Planificaci\u00f3n y Tecnolog\u00eda de Telef\u00f3nica, CTIO Global.<\/p>\n<div id=\"attachment_11320\" style=\"width: 710px\" class=\"wp-caption alignnone\"><img loading=\"lazy\" decoding=\"async\" aria-describedby=\"caption-attachment-11320\" class=\"wp-image-11320 size-full\" src=\"https:\/\/networks.imdea.org\/wp-content\/uploads\/2019\/06\/global-5g-event.png\" alt=\"\" width=\"700\" height=\"525\" \/><p id=\"caption-attachment-11320\" class=\"wp-caption-text\">El vicepresidente de 5TONIC, Arturo Azcorra, durante su discurso de apertura en EuCNC 2019<\/p><\/div>\n<p>&nbsp;<\/p>\n<\/div>\n<p><\/p>","protected":false},"excerpt":{"rendered":"Las organizaciones que componen 5TONIC (Madrid), uno de los primeros laboratorios de co-creaci\u00f3n de casos de uso 5G, tuvieron gran protagonismo en el Congreso Europeo sobre Redes y Comunicaciones (EuCNC 2019) celebrado la semana pasada en Valencia. Los miembros de 5TONIC realizaron demostraciones, talleres y presentaciones destacando el trabajo del laboratorio para lograr avances en&#8230;","protected":false},"author":1,"featured_media":8781,"comment_status":"open","ping_status":"open","sticky":false,"template":"","format":"standard","meta":{"_acf_changed":false,"footnotes":""},"categories":[1],"tags":[468,469,464,465,470,484,487,472,476],"class_list":["post-7852","post","type-post","status-publish","format-standard","has-post-thumbnail","hentry","category-sin-categoria","tag-5g","tag-5tonic","tag-imdea-networks","tag-internet","tag-internet-of-things-iot","tag-network-virtualization","tag-vehicular-networks","tag-wireless-communications","tag-wireless-networking"],"acf":[],"yoast_head":"<!-- This site is optimized with the Yoast SEO plugin v27.4 - https:\/\/yoast.com\/product\/yoast-seo-wordpress\/ -->\n<title>Miembros de 5TONIC protagonizan el congreso EuCNC - IMDEA Networks<\/title>\n<meta name=\"robots\" content=\"index, follow, max-snippet:-1, max-image-preview:large, max-video-preview:-1\" \/>\n<link rel=\"canonical\" href=\"https:\/\/networks.imdea.org\/es\/5tonic-members-take-center-stage-at-eucnc-conference\/\" \/>\n<meta property=\"og:locale\" content=\"es_ES\" \/>\n<meta property=\"og:type\" content=\"article\" \/>\n<meta property=\"og:title\" content=\"Miembros de 5TONIC protagonizan el congreso EuCNC - IMDEA Networks\" \/>\n<meta property=\"og:description\" content=\"Las organizaciones que componen 5TONIC (Madrid), uno de los primeros laboratorios de co-creaci\u00f3n de casos de uso 5G, tuvieron gran protagonismo en el Congreso Europeo sobre Redes y Comunicaciones (EuCNC 2019) celebrado la semana pasada en Valencia. Los miembros de 5TONIC realizaron demostraciones, talleres y presentaciones destacando el trabajo del laboratorio para lograr avances en...\" \/>\n<meta property=\"og:url\" content=\"https:\/\/networks.imdea.org\/es\/5tonic-members-take-center-stage-at-eucnc-conference\/\" \/>\n<meta property=\"og:site_name\" content=\"IMDEA Networks\" \/>\n<meta property=\"article:published_time\" content=\"2019-06-27T11:59:06+00:00\" \/>\n<meta property=\"article:modified_time\" content=\"2020-10-21T11:12:52+00:00\" \/>\n<meta property=\"og:image\" content=\"https:\/\/networks.imdea.org\/wp-content\/uploads\/2019\/06\/2019-06-27-news-img-700x400px.png\" \/>\n\t<meta property=\"og:image:width\" content=\"700\" \/>\n\t<meta property=\"og:image:height\" content=\"400\" \/>\n\t<meta property=\"og:image:type\" content=\"image\/png\" \/>\n<meta name=\"author\" content=\"in_admin\" \/>\n<meta name=\"twitter:card\" content=\"summary_large_image\" \/>\n<meta name=\"twitter:label1\" content=\"Escrito por\" \/>\n\t<meta name=\"twitter:data1\" content=\"in_admin\" \/>\n\t<meta name=\"twitter:label2\" content=\"Tiempo de lectura\" \/>\n\t<meta name=\"twitter:data2\" content=\"6 minutos\" \/>\n<script type=\"application\/ld+json\" class=\"yoast-schema-graph\">{\"@context\":\"https:\\\/\\\/schema.org\",\"@graph\":[{\"@type\":\"Article\",\"@id\":\"https:\\\/\\\/networks.imdea.org\\\/5tonic-members-take-center-stage-at-eucnc-conference\\\/#article\",\"isPartOf\":{\"@id\":\"https:\\\/\\\/networks.imdea.org\\\/5tonic-members-take-center-stage-at-eucnc-conference\\\/\"},\"author\":{\"name\":\"in_admin\",\"@id\":\"https:\\\/\\\/networks.imdea.org\\\/#\\\/schema\\\/person\\\/f70fb6a680a52d2833b7db1bf8bbad67\"},\"headline\":\"Miembros de 5TONIC protagonizan el congreso EuCNC\",\"datePublished\":\"2019-06-27T11:59:06+00:00\",\"dateModified\":\"2020-10-21T11:12:52+00:00\",\"mainEntityOfPage\":{\"@id\":\"https:\\\/\\\/networks.imdea.org\\\/5tonic-members-take-center-stage-at-eucnc-conference\\\/\"},\"wordCount\":1201,\"commentCount\":0,\"image\":{\"@id\":\"https:\\\/\\\/networks.imdea.org\\\/5tonic-members-take-center-stage-at-eucnc-conference\\\/#primaryimage\"},\"thumbnailUrl\":\"https:\\\/\\\/networks.imdea.org\\\/wp-content\\\/uploads\\\/2019\\\/06\\\/2019-06-27-news-img-700x400px.png\",\"keywords\":[\"5G\",\"5TONIC\",\"IMDEA Networks\",\"Internet\",\"Internet of Things (IoT)\",\"Network virtualization\",\"Vehicular networks\",\"Wireless communications\",\"Wireless networking\"],\"articleSection\":[\"Noticias\"],\"inLanguage\":\"es\",\"potentialAction\":[{\"@type\":\"CommentAction\",\"name\":\"Comment\",\"target\":[\"https:\\\/\\\/networks.imdea.org\\\/5tonic-members-take-center-stage-at-eucnc-conference\\\/#respond\"]}]},{\"@type\":\"WebPage\",\"@id\":\"https:\\\/\\\/networks.imdea.org\\\/es\\\/5tonic-members-take-center-stage-at-eucnc-conference\\\/\",\"url\":\"https:\\\/\\\/networks.imdea.org\\\/es\\\/5tonic-members-take-center-stage-at-eucnc-conference\\\/\",\"name\":\"Miembros de 5TONIC protagonizan el congreso EuCNC - IMDEA Networks\",\"isPartOf\":{\"@id\":\"https:\\\/\\\/networks.imdea.org\\\/es\\\/#website\"},\"primaryImageOfPage\":{\"@id\":\"https:\\\/\\\/networks.imdea.org\\\/es\\\/5tonic-members-take-center-stage-at-eucnc-conference\\\/#primaryimage\"},\"image\":{\"@id\":\"https:\\\/\\\/networks.imdea.org\\\/5tonic-members-take-center-stage-at-eucnc-conference\\\/#primaryimage\"},\"thumbnailUrl\":\"https:\\\/\\\/networks.imdea.org\\\/wp-content\\\/uploads\\\/2019\\\/06\\\/2019-06-27-news-img-700x400px.png\",\"datePublished\":\"2019-06-27T11:59:06+00:00\",\"dateModified\":\"2020-10-21T11:12:52+00:00\",\"author\":{\"@id\":\"https:\\\/\\\/networks.imdea.org\\\/#\\\/schema\\\/person\\\/f70fb6a680a52d2833b7db1bf8bbad67\"},\"breadcrumb\":{\"@id\":\"https:\\\/\\\/networks.imdea.org\\\/es\\\/5tonic-members-take-center-stage-at-eucnc-conference\\\/#breadcrumb\"},\"inLanguage\":\"es\",\"potentialAction\":[{\"@type\":\"ReadAction\",\"target\":[[\"https:\\\/\\\/networks.imdea.org\\\/es\\\/5tonic-members-take-center-stage-at-eucnc-conference\\\/\"]]}]},{\"@type\":\"ImageObject\",\"inLanguage\":\"es\",\"@id\":\"https:\\\/\\\/networks.imdea.org\\\/es\\\/5tonic-members-take-center-stage-at-eucnc-conference\\\/#primaryimage\",\"url\":\"https:\\\/\\\/networks.imdea.org\\\/wp-content\\\/uploads\\\/2019\\\/06\\\/2019-06-27-news-img-700x400px.png\",\"contentUrl\":\"https:\\\/\\\/networks.imdea.org\\\/wp-content\\\/uploads\\\/2019\\\/06\\\/2019-06-27-news-img-700x400px.png\",\"width\":700,\"height\":400,\"caption\":\"http:\\\/\\\/www.networks.imdea.org\\\/sites\\\/default\\\/files\\\/images\\\/news\\\/2019\\\/2019-06-27-news-img-700x400px.png\"},{\"@type\":\"BreadcrumbList\",\"@id\":\"https:\\\/\\\/networks.imdea.org\\\/es\\\/5tonic-members-take-center-stage-at-eucnc-conference\\\/#breadcrumb\",\"itemListElement\":[{\"@type\":\"ListItem\",\"position\":1,\"name\":\"Home\",\"item\":\"https:\\\/\\\/networks.imdea.org\\\/es\\\/\"},{\"@type\":\"ListItem\",\"position\":2,\"name\":\"5TONIC Members take center stage at EuCNC Conference\"}]},{\"@type\":\"WebSite\",\"@id\":\"https:\\\/\\\/networks.imdea.org\\\/es\\\/#website\",\"url\":\"https:\\\/\\\/networks.imdea.org\\\/es\\\/\",\"name\":\"IMDEA Networks\",\"description\":\"IMDEA Networks Multisite\",\"potentialAction\":[{\"@type\":\"SearchAction\",\"target\":{\"@type\":\"EntryPoint\",\"urlTemplate\":\"https:\\\/\\\/networks.imdea.org\\\/es\\\/?s={search_term_string}\"},\"query-input\":{\"@type\":\"PropertyValueSpecification\",\"valueRequired\":true,\"valueName\":\"search_term_string\"}}],\"inLanguage\":\"es\"},{\"@type\":\"Person\",\"@id\":\"https:\\\/\\\/networks.imdea.org\\\/#\\\/schema\\\/person\\\/f70fb6a680a52d2833b7db1bf8bbad67\",\"name\":\"in_admin\",\"image\":{\"@type\":\"ImageObject\",\"inLanguage\":\"es\",\"@id\":\"https:\\\/\\\/secure.gravatar.com\\\/avatar\\\/4fd5849709f4f0a3c17a6da181c537d91bc0fce2505fb75c0293ba6963162590?s=96&d=mm&r=g\",\"url\":\"https:\\\/\\\/secure.gravatar.com\\\/avatar\\\/4fd5849709f4f0a3c17a6da181c537d91bc0fce2505fb75c0293ba6963162590?s=96&d=mm&r=g\",\"contentUrl\":\"https:\\\/\\\/secure.gravatar.com\\\/avatar\\\/4fd5849709f4f0a3c17a6da181c537d91bc0fce2505fb75c0293ba6963162590?s=96&d=mm&r=g\",\"caption\":\"in_admin\"},\"url\":\"https:\\\/\\\/networks.imdea.org\\\/es\\\/author\\\/in_admin\\\/\"}]}<\/script>\n<!-- \/ Yoast SEO plugin. -->","yoast_head_json":{"title":"Miembros de 5TONIC protagonizan el congreso EuCNC - IMDEA Networks","robots":{"index":"index","follow":"follow","max-snippet":"max-snippet:-1","max-image-preview":"max-image-preview:large","max-video-preview":"max-video-preview:-1"},"canonical":"https:\/\/networks.imdea.org\/es\/5tonic-members-take-center-stage-at-eucnc-conference\/","og_locale":"es_ES","og_type":"article","og_title":"Miembros de 5TONIC protagonizan el congreso EuCNC - IMDEA Networks","og_description":"Las organizaciones que componen 5TONIC (Madrid), uno de los primeros laboratorios de co-creaci\u00f3n de casos de uso 5G, tuvieron gran protagonismo en el Congreso Europeo sobre Redes y Comunicaciones (EuCNC 2019) celebrado la semana pasada en Valencia. Los miembros de 5TONIC realizaron demostraciones, talleres y presentaciones destacando el trabajo del laboratorio para lograr avances en...","og_url":"https:\/\/networks.imdea.org\/es\/5tonic-members-take-center-stage-at-eucnc-conference\/","og_site_name":"IMDEA Networks","article_published_time":"2019-06-27T11:59:06+00:00","article_modified_time":"2020-10-21T11:12:52+00:00","og_image":[{"width":700,"height":400,"url":"https:\/\/networks.imdea.org\/wp-content\/uploads\/2019\/06\/2019-06-27-news-img-700x400px.png","type":"image\/png"}],"author":"in_admin","twitter_card":"summary_large_image","twitter_misc":{"Escrito por":"in_admin","Tiempo de lectura":"6 minutos"},"schema":{"@context":"https:\/\/schema.org","@graph":[{"@type":"Article","@id":"https:\/\/networks.imdea.org\/5tonic-members-take-center-stage-at-eucnc-conference\/#article","isPartOf":{"@id":"https:\/\/networks.imdea.org\/5tonic-members-take-center-stage-at-eucnc-conference\/"},"author":{"name":"in_admin","@id":"https:\/\/networks.imdea.org\/#\/schema\/person\/f70fb6a680a52d2833b7db1bf8bbad67"},"headline":"Miembros de 5TONIC protagonizan el congreso EuCNC","datePublished":"2019-06-27T11:59:06+00:00","dateModified":"2020-10-21T11:12:52+00:00","mainEntityOfPage":{"@id":"https:\/\/networks.imdea.org\/5tonic-members-take-center-stage-at-eucnc-conference\/"},"wordCount":1201,"commentCount":0,"image":{"@id":"https:\/\/networks.imdea.org\/5tonic-members-take-center-stage-at-eucnc-conference\/#primaryimage"},"thumbnailUrl":"https:\/\/networks.imdea.org\/wp-content\/uploads\/2019\/06\/2019-06-27-news-img-700x400px.png","keywords":["5G","5TONIC","IMDEA Networks","Internet","Internet of Things (IoT)","Network virtualization","Vehicular networks","Wireless communications","Wireless networking"],"articleSection":["Noticias"],"inLanguage":"es","potentialAction":[{"@type":"CommentAction","name":"Comment","target":["https:\/\/networks.imdea.org\/5tonic-members-take-center-stage-at-eucnc-conference\/#respond"]}]},{"@type":"WebPage","@id":"https:\/\/networks.imdea.org\/es\/5tonic-members-take-center-stage-at-eucnc-conference\/","url":"https:\/\/networks.imdea.org\/es\/5tonic-members-take-center-stage-at-eucnc-conference\/","name":"Miembros de 5TONIC protagonizan el congreso EuCNC - IMDEA Networks","isPartOf":{"@id":"https:\/\/networks.imdea.org\/es\/#website"},"primaryImageOfPage":{"@id":"https:\/\/networks.imdea.org\/es\/5tonic-members-take-center-stage-at-eucnc-conference\/#primaryimage"},"image":{"@id":"https:\/\/networks.imdea.org\/5tonic-members-take-center-stage-at-eucnc-conference\/#primaryimage"},"thumbnailUrl":"https:\/\/networks.imdea.org\/wp-content\/uploads\/2019\/06\/2019-06-27-news-img-700x400px.png","datePublished":"2019-06-27T11:59:06+00:00","dateModified":"2020-10-21T11:12:52+00:00","author":{"@id":"https:\/\/networks.imdea.org\/#\/schema\/person\/f70fb6a680a52d2833b7db1bf8bbad67"},"breadcrumb":{"@id":"https:\/\/networks.imdea.org\/es\/5tonic-members-take-center-stage-at-eucnc-conference\/#breadcrumb"},"inLanguage":"es","potentialAction":[{"@type":"ReadAction","target":[["https:\/\/networks.imdea.org\/es\/5tonic-members-take-center-stage-at-eucnc-conference\/"]]}]},{"@type":"ImageObject","inLanguage":"es","@id":"https:\/\/networks.imdea.org\/es\/5tonic-members-take-center-stage-at-eucnc-conference\/#primaryimage","url":"https:\/\/networks.imdea.org\/wp-content\/uploads\/2019\/06\/2019-06-27-news-img-700x400px.png","contentUrl":"https:\/\/networks.imdea.org\/wp-content\/uploads\/2019\/06\/2019-06-27-news-img-700x400px.png","width":700,"height":400,"caption":"http:\/\/www.networks.imdea.org\/sites\/default\/files\/images\/news\/2019\/2019-06-27-news-img-700x400px.png"},{"@type":"BreadcrumbList","@id":"https:\/\/networks.imdea.org\/es\/5tonic-members-take-center-stage-at-eucnc-conference\/#breadcrumb","itemListElement":[{"@type":"ListItem","position":1,"name":"Home","item":"https:\/\/networks.imdea.org\/es\/"},{"@type":"ListItem","position":2,"name":"5TONIC Members take center stage at EuCNC Conference"}]},{"@type":"WebSite","@id":"https:\/\/networks.imdea.org\/es\/#website","url":"https:\/\/networks.imdea.org\/es\/","name":"IMDEA Networks","description":"IMDEA Networks Multisite","potentialAction":[{"@type":"SearchAction","target":{"@type":"EntryPoint","urlTemplate":"https:\/\/networks.imdea.org\/es\/?s={search_term_string}"},"query-input":{"@type":"PropertyValueSpecification","valueRequired":true,"valueName":"search_term_string"}}],"inLanguage":"es"},{"@type":"Person","@id":"https:\/\/networks.imdea.org\/#\/schema\/person\/f70fb6a680a52d2833b7db1bf8bbad67","name":"in_admin","image":{"@type":"ImageObject","inLanguage":"es","@id":"https:\/\/secure.gravatar.com\/avatar\/4fd5849709f4f0a3c17a6da181c537d91bc0fce2505fb75c0293ba6963162590?s=96&d=mm&r=g","url":"https:\/\/secure.gravatar.com\/avatar\/4fd5849709f4f0a3c17a6da181c537d91bc0fce2505fb75c0293ba6963162590?s=96&d=mm&r=g","contentUrl":"https:\/\/secure.gravatar.com\/avatar\/4fd5849709f4f0a3c17a6da181c537d91bc0fce2505fb75c0293ba6963162590?s=96&d=mm&r=g","caption":"in_admin"},"url":"https:\/\/networks.imdea.org\/es\/author\/in_admin\/"}]}},"_links":{"self":[{"href":"https:\/\/networks.imdea.org\/es\/wp-json\/wp\/v2\/posts\/7852","targetHints":{"allow":["GET"]}}],"collection":[{"href":"https:\/\/networks.imdea.org\/es\/wp-json\/wp\/v2\/posts"}],"about":[{"href":"https:\/\/networks.imdea.org\/es\/wp-json\/wp\/v2\/types\/post"}],"author":[{"embeddable":true,"href":"https:\/\/networks.imdea.org\/es\/wp-json\/wp\/v2\/users\/1"}],"replies":[{"embeddable":true,"href":"https:\/\/networks.imdea.org\/es\/wp-json\/wp\/v2\/comments?post=7852"}],"version-history":[{"count":2,"href":"https:\/\/networks.imdea.org\/es\/wp-json\/wp\/v2\/posts\/7852\/revisions"}],"predecessor-version":[{"id":11323,"href":"https:\/\/networks.imdea.org\/es\/wp-json\/wp\/v2\/posts\/7852\/revisions\/11323"}],"wp:featuredmedia":[{"embeddable":true,"href":"https:\/\/networks.imdea.org\/es\/wp-json\/wp\/v2\/media\/8781"}],"wp:attachment":[{"href":"https:\/\/networks.imdea.org\/es\/wp-json\/wp\/v2\/media?parent=7852"}],"wp:term":[{"taxonomy":"category","embeddable":true,"href":"https:\/\/networks.imdea.org\/es\/wp-json\/wp\/v2\/categories?post=7852"},{"taxonomy":"post_tag","embeddable":true,"href":"https:\/\/networks.imdea.org\/es\/wp-json\/wp\/v2\/tags?post=7852"}],"curies":[{"name":"wp","href":"https:\/\/api.w.org\/{rel}","templated":true}]}}