{"id":29331,"date":"2025-11-27T12:21:31","date_gmt":"2025-11-27T11:21:31","guid":{"rendered":"https:\/\/networks.imdea.org\/?p=29331"},"modified":"2025-11-27T12:48:40","modified_gmt":"2025-11-27T11:48:40","slug":"imdea-networks-showcases-its-advances-at-the-closing-of-the-quantum-communications-plan","status":"publish","type":"post","link":"https:\/\/networks.imdea.org\/es\/imdea-networks-muestra-sus-avances-en-el-cierre-del-plan-de-comunicaciones-cuanticas\/","title":{"rendered":"IMDEA Networks muestra sus avances en el cierre del Plan de Comunicaciones Cu\u00e1nticas"},"content":{"rendered":"<p>En el marco del proyecto <strong>MadQuantum-CM<\/strong>, IMDEA Networks ha participado en el evento final del <strong>Plan Complementario de Comunicaciones Cu\u00e1nticas<\/strong>, celebrado en noviembre en Barcelona, en el <a href=\"https:\/\/www.icfo.eu\/es\/\" target=\"_blank\" rel=\"noopener\">ICFO<\/a> (<strong>Instituto de Ciencias Fot\u00f3nicas<\/strong>). El acto reuni\u00f3 a instituciones cient\u00edficas, universidades, centros tecnol\u00f3gicos y representantes de los programas regionales que conforman el Plan Complementario de Comunicaciones Cu\u00e1nticas, impulsado por el Gobierno de Espa\u00f1a junto con varias comunidades aut\u00f3nomas.<\/p>\n<p>Este evento marc\u00f3 la clausura oficial del plan, cuyo objetivo ha sido sentar las bases para una infraestructura nacional de comunicaciones cu\u00e1nticas y reforzar la participaci\u00f3n de Espa\u00f1a en iniciativas europeas como la futura <strong>EuroQCI<\/strong>. A lo largo de las dos jornadas se presentaron avances, demostraciones y resultados de los distintos nodos regionales, entre ellos MadQuantum-CM, el proyecto de Comunicaciones Cu\u00e1nticas de la Comunidad de Madrid.<\/p>\n<p>IMDEA Networks ha desempe\u00f1ado un papel relevante dentro de las actividades de MadQuantum-CM, con un banco de pruebas avanzado para la experimentaci\u00f3n en comunicaciones cu\u00e1nticas seguras, integrado en el laboratorio <a href=\"https:\/\/nextonic.org\/\" target=\"_blank\" rel=\"noopener\">NEXTONIC<\/a>. Esta infraestructura forma asimismo parte de MadQCI, la red de comunicaciones cu\u00e1nticas de la Comunidad de Madrid, situando a <strong>IMDEA Networks como un nodo estrat\u00e9gico para el desarrollo y validaci\u00f3n de tecnolog\u00edas cu\u00e1nticas<\/strong>. El banco de pruebas desarrollado en NEXTONIC ha permitido el despliegue y evaluaci\u00f3n de varios desarrollos del proyecto, entre los que se incluyen:<\/p>\n<ul>\n<li>Un plano virtualizado y desagregado para la gesti\u00f3n de distribuci\u00f3n de claves cu\u00e1nticas (QKD), basado en tecnolog\u00edas SDN y orquestaci\u00f3n de servicios alineada con los est\u00e1ndares ETSI.<\/li>\n<li>La integraci\u00f3n en el banco de pruebas de gemelos digitales de redes QKD multidominio, utilizando tecnolog\u00edas como Quditto para emular escenarios avanzados y evaluar riesgos como la interceptaci\u00f3n.<\/li>\n<li>El despliegue de una infraestructura h\u00edbrida de pruebas que combina dispositivos QKD y PQC comerciales con m\u00f3dulos emulados y PUFs, lo que permite la validaci\u00f3n conjunta de soluciones cu\u00e1nticas y poscu\u00e1nticas.<\/li>\n<\/ul>\n<p>Diversos grupos de investigaci\u00f3n de IMDEA Networks y de la Universidad Carlos III de Madrid (UC3M) han participado activamente en el proyecto MadQuantum-CM, contribuyendo con importantes resultados cient\u00edficos y tecnol\u00f3gicos. Los logros del proyecto fueron anunciados en el evento por su l\u00edder, el profesor de la UPM Vicente Mart\u00edn.<\/p>\n<p>Adem\u00e1s, durante la jornada, IMDEA Networks present\u00f3 sus avances cient\u00edficos mediante dos p\u00f3steres preparados por las investigadoras <strong>\u00c1ngela D\u00edaz Bricio y Blanca L\u00f3pez<\/strong>, que mostraron resultados relacionados con las redes cu\u00e1nticas y sus aplicaciones. Los profesores de la UC3M Francisco Varela e Iv\u00e1n Vidal tambi\u00e9n participaron en las sesiones t\u00e9cnicas y contribuyeron a las discusiones sobre el desarrollo de infraestructuras cu\u00e1nticas en Espa\u00f1a.<\/p>\n<p>\u201cNEXTONIC est\u00e1 comprometido con convertirse en un habilitador clave en el desarrollo de las redes de comunicaci\u00f3n del futuro, como 6G y las redes de comunicaciones cu\u00e1nticas\u201d, afirm\u00f3 <strong>Carlos Bernados<\/strong>, vicepresidente de NEXTONIC, catedr\u00e1tico en la UC3M e investigador a tiempo parcial en IMDEA Networks. \u201cEl banco de pruebas que IMDEA Networks y la UC3M han dise\u00f1ado, desarrollado y desplegado en el laboratorio NEXTONIC en el marco del proyecto MadQuabrum-CM representa un hito significativo en esta direcci\u00f3n. Esta infraestructura de vanguardia refuerza nuestro compromiso de posicionar NEXTONIC como un referente y centro de excelencia para los sistemas de comunicaci\u00f3n preparados para la era cu\u00e1ntica\u201d.<\/p>\n<p>La participaci\u00f3n conjunta de NEXTONIC, IMDEA Networks y la UC3M en el Plan Complementario de Comunicaciones Cu\u00e1nticas refuerza el papel de la Comunidad de Madrid como uno de los principales polos de innovaci\u00f3n en tecnolog\u00edas cu\u00e1nticas en Espa\u00f1a. La consolidaci\u00f3n de infraestructuras como MadQCI y el banco de pruebas NEXTONIC QCI ayudar\u00e1 a impulsar nuevas capacidades cient\u00edficas y tecnol\u00f3gicas, facilitando futuras colaboraciones y contribuyendo al despliegue de la red cu\u00e1ntica espa\u00f1ola y su integraci\u00f3n con las iniciativas europeas.<\/p>","protected":false},"excerpt":{"rendered":"En el marco del proyecto MadQuantum-CM, IMDEA Networks ha participado en el evento final del Plan Complementario de Comunicaciones Cu\u00e1nticas, celebrado en noviembre en Barcelona, en el ICFO (Instituto de Ciencias Fot\u00f3nicas). El acto reuni\u00f3 a instituciones cient\u00edficas, universidades, centros tecnol\u00f3gicos y representantes de los programas regionales que conforman el Plan Complementario de Comunicaciones Cu\u00e1nticas,&#8230;","protected":false},"author":145,"featured_media":29332,"comment_status":"closed","ping_status":"closed","sticky":false,"template":"","format":"standard","meta":{"_acf_changed":false,"footnotes":""},"categories":[1],"tags":[464,473,1238,1208,467],"class_list":["post-29331","post","type-post","status-publish","format-standard","has-post-thumbnail","hentry","category-sin-categoria","tag-imdea-networks","tag-innovation","tag-nextonic","tag-quantum-communication","tag-uc3m"],"acf":[],"yoast_head":"<!-- This site is optimized with the Yoast SEO plugin v27.4 - https:\/\/yoast.com\/product\/yoast-seo-wordpress\/ -->\n<title>IMDEA Networks muestra sus avances en el cierre del Plan de Comunicaciones Cu\u00e1nticas - IMDEA Networks<\/title>\n<meta name=\"robots\" content=\"index, follow, max-snippet:-1, max-image-preview:large, max-video-preview:-1\" \/>\n<link rel=\"canonical\" href=\"https:\/\/networks.imdea.org\/es\/imdea-networks-showcases-its-advances-at-the-closing-of-the-quantum-communications-plan\/\" \/>\n<meta property=\"og:locale\" content=\"es_ES\" \/>\n<meta property=\"og:type\" content=\"article\" \/>\n<meta property=\"og:title\" content=\"IMDEA Networks muestra sus avances en el cierre del Plan de Comunicaciones Cu\u00e1nticas - IMDEA Networks\" \/>\n<meta property=\"og:description\" content=\"En el marco del proyecto MadQuantum-CM, IMDEA Networks ha participado en el evento final del Plan Complementario de Comunicaciones Cu\u00e1nticas, celebrado en noviembre en Barcelona, en el ICFO (Instituto de Ciencias Fot\u00f3nicas). El acto reuni\u00f3 a instituciones cient\u00edficas, universidades, centros tecnol\u00f3gicos y representantes de los programas regionales que conforman el Plan Complementario de Comunicaciones Cu\u00e1nticas,...\" \/>\n<meta property=\"og:url\" content=\"https:\/\/networks.imdea.org\/es\/imdea-networks-showcases-its-advances-at-the-closing-of-the-quantum-communications-plan\/\" \/>\n<meta property=\"og:site_name\" content=\"IMDEA Networks\" \/>\n<meta property=\"article:published_time\" content=\"2025-11-27T11:21:31+00:00\" \/>\n<meta property=\"article:modified_time\" content=\"2025-11-27T11:48:40+00:00\" \/>\n<meta property=\"og:image\" content=\"https:\/\/networks.imdea.org\/wp-content\/uploads\/2025\/11\/media-file-comunicacion-cuantica-1024x576.png\" \/>\n\t<meta property=\"og:image:width\" content=\"1024\" \/>\n\t<meta property=\"og:image:height\" content=\"576\" \/>\n\t<meta property=\"og:image:type\" content=\"image\/png\" \/>\n<meta name=\"author\" content=\"Marta Dorado\" \/>\n<meta name=\"twitter:card\" content=\"summary_large_image\" \/>\n<meta name=\"twitter:label1\" content=\"Escrito por\" \/>\n\t<meta name=\"twitter:data1\" content=\"Marta Dorado\" \/>\n\t<meta name=\"twitter:label2\" content=\"Tiempo de lectura\" \/>\n\t<meta name=\"twitter:data2\" content=\"3 minutos\" \/>\n<script type=\"application\/ld+json\" class=\"yoast-schema-graph\">{\"@context\":\"https:\\\/\\\/schema.org\",\"@graph\":[{\"@type\":\"Article\",\"@id\":\"https:\\\/\\\/networks.imdea.org\\\/imdea-networks-showcases-its-advances-at-the-closing-of-the-quantum-communications-plan\\\/#article\",\"isPartOf\":{\"@id\":\"https:\\\/\\\/networks.imdea.org\\\/imdea-networks-showcases-its-advances-at-the-closing-of-the-quantum-communications-plan\\\/\"},\"author\":{\"name\":\"Marta Dorado\",\"@id\":\"https:\\\/\\\/networks.imdea.org\\\/#\\\/schema\\\/person\\\/1dbef87c79bf3d3657cbd4cc6c129e74\"},\"headline\":\"IMDEA Networks muestra sus avances en el cierre del Plan de Comunicaciones Cu\u00e1nticas\",\"datePublished\":\"2025-11-27T11:21:31+00:00\",\"dateModified\":\"2025-11-27T11:48:40+00:00\",\"mainEntityOfPage\":{\"@id\":\"https:\\\/\\\/networks.imdea.org\\\/imdea-networks-showcases-its-advances-at-the-closing-of-the-quantum-communications-plan\\\/\"},\"wordCount\":1255,\"image\":{\"@id\":\"https:\\\/\\\/networks.imdea.org\\\/imdea-networks-showcases-its-advances-at-the-closing-of-the-quantum-communications-plan\\\/#primaryimage\"},\"thumbnailUrl\":\"https:\\\/\\\/networks.imdea.org\\\/wp-content\\\/uploads\\\/2025\\\/11\\\/media-file-comunicacion-cuantica.png\",\"keywords\":[\"IMDEA Networks\",\"Innovation\",\"NEXTONIC\",\"Quantum Communication\",\"UC3M\"],\"articleSection\":[\"Noticias\"],\"inLanguage\":\"es\"},{\"@type\":\"WebPage\",\"@id\":\"https:\\\/\\\/networks.imdea.org\\\/es\\\/imdea-networks-showcases-its-advances-at-the-closing-of-the-quantum-communications-plan\\\/\",\"url\":\"https:\\\/\\\/networks.imdea.org\\\/es\\\/imdea-networks-showcases-its-advances-at-the-closing-of-the-quantum-communications-plan\\\/\",\"name\":\"IMDEA Networks muestra sus avances en el cierre del Plan de Comunicaciones Cu\u00e1nticas - IMDEA Networks\",\"isPartOf\":{\"@id\":\"https:\\\/\\\/networks.imdea.org\\\/es\\\/#website\"},\"primaryImageOfPage\":{\"@id\":\"https:\\\/\\\/networks.imdea.org\\\/es\\\/imdea-networks-showcases-its-advances-at-the-closing-of-the-quantum-communications-plan\\\/#primaryimage\"},\"image\":{\"@id\":\"https:\\\/\\\/networks.imdea.org\\\/imdea-networks-showcases-its-advances-at-the-closing-of-the-quantum-communications-plan\\\/#primaryimage\"},\"thumbnailUrl\":\"https:\\\/\\\/networks.imdea.org\\\/wp-content\\\/uploads\\\/2025\\\/11\\\/media-file-comunicacion-cuantica.png\",\"datePublished\":\"2025-11-27T11:21:31+00:00\",\"dateModified\":\"2025-11-27T11:48:40+00:00\",\"author\":{\"@id\":\"https:\\\/\\\/networks.imdea.org\\\/#\\\/schema\\\/person\\\/1dbef87c79bf3d3657cbd4cc6c129e74\"},\"breadcrumb\":{\"@id\":\"https:\\\/\\\/networks.imdea.org\\\/es\\\/imdea-networks-showcases-its-advances-at-the-closing-of-the-quantum-communications-plan\\\/#breadcrumb\"},\"inLanguage\":\"es\",\"potentialAction\":[{\"@type\":\"ReadAction\",\"target\":[[\"https:\\\/\\\/networks.imdea.org\\\/es\\\/imdea-networks-showcases-its-advances-at-the-closing-of-the-quantum-communications-plan\\\/\"]]}]},{\"@type\":\"ImageObject\",\"inLanguage\":\"es\",\"@id\":\"https:\\\/\\\/networks.imdea.org\\\/es\\\/imdea-networks-showcases-its-advances-at-the-closing-of-the-quantum-communications-plan\\\/#primaryimage\",\"url\":\"https:\\\/\\\/networks.imdea.org\\\/wp-content\\\/uploads\\\/2025\\\/11\\\/media-file-comunicacion-cuantica.png\",\"contentUrl\":\"https:\\\/\\\/networks.imdea.org\\\/wp-content\\\/uploads\\\/2025\\\/11\\\/media-file-comunicacion-cuantica.png\",\"width\":1920,\"height\":1080},{\"@type\":\"BreadcrumbList\",\"@id\":\"https:\\\/\\\/networks.imdea.org\\\/es\\\/imdea-networks-showcases-its-advances-at-the-closing-of-the-quantum-communications-plan\\\/#breadcrumb\",\"itemListElement\":[{\"@type\":\"ListItem\",\"position\":1,\"name\":\"Home\",\"item\":\"https:\\\/\\\/networks.imdea.org\\\/es\\\/\"},{\"@type\":\"ListItem\",\"position\":2,\"name\":\"IMDEA Networks showcases its advances at the closing of the Quantum Communications Plan\"}]},{\"@type\":\"WebSite\",\"@id\":\"https:\\\/\\\/networks.imdea.org\\\/es\\\/#website\",\"url\":\"https:\\\/\\\/networks.imdea.org\\\/es\\\/\",\"name\":\"IMDEA Networks\",\"description\":\"IMDEA Networks Multisite\",\"potentialAction\":[{\"@type\":\"SearchAction\",\"target\":{\"@type\":\"EntryPoint\",\"urlTemplate\":\"https:\\\/\\\/networks.imdea.org\\\/es\\\/?s={search_term_string}\"},\"query-input\":{\"@type\":\"PropertyValueSpecification\",\"valueRequired\":true,\"valueName\":\"search_term_string\"}}],\"inLanguage\":\"es\"},{\"@type\":\"Person\",\"@id\":\"https:\\\/\\\/networks.imdea.org\\\/#\\\/schema\\\/person\\\/1dbef87c79bf3d3657cbd4cc6c129e74\",\"name\":\"Marta Dorado\",\"image\":{\"@type\":\"ImageObject\",\"inLanguage\":\"es\",\"@id\":\"https:\\\/\\\/secure.gravatar.com\\\/avatar\\\/a6b289793dc91627659ec2e23425956502b6bd683dce1548a16e9ea0d40fecfb?s=96&d=mm&r=g\",\"url\":\"https:\\\/\\\/secure.gravatar.com\\\/avatar\\\/a6b289793dc91627659ec2e23425956502b6bd683dce1548a16e9ea0d40fecfb?s=96&d=mm&r=g\",\"contentUrl\":\"https:\\\/\\\/secure.gravatar.com\\\/avatar\\\/a6b289793dc91627659ec2e23425956502b6bd683dce1548a16e9ea0d40fecfb?s=96&d=mm&r=g\",\"caption\":\"Marta Dorado\"},\"url\":\"https:\\\/\\\/networks.imdea.org\\\/es\\\/author\\\/marta-doradoimdea-org\\\/\"}]}<\/script>\n<!-- \/ Yoast SEO plugin. -->","yoast_head_json":{"title":"IMDEA Networks muestra sus avances en el cierre del Plan de Comunicaciones Cu\u00e1nticas - IMDEA Networks","robots":{"index":"index","follow":"follow","max-snippet":"max-snippet:-1","max-image-preview":"max-image-preview:large","max-video-preview":"max-video-preview:-1"},"canonical":"https:\/\/networks.imdea.org\/es\/imdea-networks-showcases-its-advances-at-the-closing-of-the-quantum-communications-plan\/","og_locale":"es_ES","og_type":"article","og_title":"IMDEA Networks muestra sus avances en el cierre del Plan de Comunicaciones Cu\u00e1nticas - IMDEA Networks","og_description":"En el marco del proyecto MadQuantum-CM, IMDEA Networks ha participado en el evento final del Plan Complementario de Comunicaciones Cu\u00e1nticas, celebrado en noviembre en Barcelona, en el ICFO (Instituto de Ciencias Fot\u00f3nicas). El acto reuni\u00f3 a instituciones cient\u00edficas, universidades, centros tecnol\u00f3gicos y representantes de los programas regionales que conforman el Plan Complementario de Comunicaciones Cu\u00e1nticas,...","og_url":"https:\/\/networks.imdea.org\/es\/imdea-networks-showcases-its-advances-at-the-closing-of-the-quantum-communications-plan\/","og_site_name":"IMDEA Networks","article_published_time":"2025-11-27T11:21:31+00:00","article_modified_time":"2025-11-27T11:48:40+00:00","og_image":[{"width":1024,"height":576,"url":"https:\/\/networks.imdea.org\/wp-content\/uploads\/2025\/11\/media-file-comunicacion-cuantica-1024x576.png","type":"image\/png"}],"author":"Marta Dorado","twitter_card":"summary_large_image","twitter_misc":{"Escrito por":"Marta Dorado","Tiempo de lectura":"3 minutos"},"schema":{"@context":"https:\/\/schema.org","@graph":[{"@type":"Article","@id":"https:\/\/networks.imdea.org\/imdea-networks-showcases-its-advances-at-the-closing-of-the-quantum-communications-plan\/#article","isPartOf":{"@id":"https:\/\/networks.imdea.org\/imdea-networks-showcases-its-advances-at-the-closing-of-the-quantum-communications-plan\/"},"author":{"name":"Marta Dorado","@id":"https:\/\/networks.imdea.org\/#\/schema\/person\/1dbef87c79bf3d3657cbd4cc6c129e74"},"headline":"IMDEA Networks muestra sus avances en el cierre del Plan de Comunicaciones Cu\u00e1nticas","datePublished":"2025-11-27T11:21:31+00:00","dateModified":"2025-11-27T11:48:40+00:00","mainEntityOfPage":{"@id":"https:\/\/networks.imdea.org\/imdea-networks-showcases-its-advances-at-the-closing-of-the-quantum-communications-plan\/"},"wordCount":1255,"image":{"@id":"https:\/\/networks.imdea.org\/imdea-networks-showcases-its-advances-at-the-closing-of-the-quantum-communications-plan\/#primaryimage"},"thumbnailUrl":"https:\/\/networks.imdea.org\/wp-content\/uploads\/2025\/11\/media-file-comunicacion-cuantica.png","keywords":["IMDEA Networks","Innovation","NEXTONIC","Quantum Communication","UC3M"],"articleSection":["Noticias"],"inLanguage":"es"},{"@type":"WebPage","@id":"https:\/\/networks.imdea.org\/es\/imdea-networks-showcases-its-advances-at-the-closing-of-the-quantum-communications-plan\/","url":"https:\/\/networks.imdea.org\/es\/imdea-networks-showcases-its-advances-at-the-closing-of-the-quantum-communications-plan\/","name":"IMDEA Networks muestra sus avances en el cierre del Plan de Comunicaciones Cu\u00e1nticas - IMDEA Networks","isPartOf":{"@id":"https:\/\/networks.imdea.org\/es\/#website"},"primaryImageOfPage":{"@id":"https:\/\/networks.imdea.org\/es\/imdea-networks-showcases-its-advances-at-the-closing-of-the-quantum-communications-plan\/#primaryimage"},"image":{"@id":"https:\/\/networks.imdea.org\/imdea-networks-showcases-its-advances-at-the-closing-of-the-quantum-communications-plan\/#primaryimage"},"thumbnailUrl":"https:\/\/networks.imdea.org\/wp-content\/uploads\/2025\/11\/media-file-comunicacion-cuantica.png","datePublished":"2025-11-27T11:21:31+00:00","dateModified":"2025-11-27T11:48:40+00:00","author":{"@id":"https:\/\/networks.imdea.org\/#\/schema\/person\/1dbef87c79bf3d3657cbd4cc6c129e74"},"breadcrumb":{"@id":"https:\/\/networks.imdea.org\/es\/imdea-networks-showcases-its-advances-at-the-closing-of-the-quantum-communications-plan\/#breadcrumb"},"inLanguage":"es","potentialAction":[{"@type":"ReadAction","target":[["https:\/\/networks.imdea.org\/es\/imdea-networks-showcases-its-advances-at-the-closing-of-the-quantum-communications-plan\/"]]}]},{"@type":"ImageObject","inLanguage":"es","@id":"https:\/\/networks.imdea.org\/es\/imdea-networks-showcases-its-advances-at-the-closing-of-the-quantum-communications-plan\/#primaryimage","url":"https:\/\/networks.imdea.org\/wp-content\/uploads\/2025\/11\/media-file-comunicacion-cuantica.png","contentUrl":"https:\/\/networks.imdea.org\/wp-content\/uploads\/2025\/11\/media-file-comunicacion-cuantica.png","width":1920,"height":1080},{"@type":"BreadcrumbList","@id":"https:\/\/networks.imdea.org\/es\/imdea-networks-showcases-its-advances-at-the-closing-of-the-quantum-communications-plan\/#breadcrumb","itemListElement":[{"@type":"ListItem","position":1,"name":"Home","item":"https:\/\/networks.imdea.org\/es\/"},{"@type":"ListItem","position":2,"name":"IMDEA Networks showcases its advances at the closing of the Quantum Communications Plan"}]},{"@type":"WebSite","@id":"https:\/\/networks.imdea.org\/es\/#website","url":"https:\/\/networks.imdea.org\/es\/","name":"IMDEA Networks","description":"IMDEA Networks Multisite","potentialAction":[{"@type":"SearchAction","target":{"@type":"EntryPoint","urlTemplate":"https:\/\/networks.imdea.org\/es\/?s={search_term_string}"},"query-input":{"@type":"PropertyValueSpecification","valueRequired":true,"valueName":"search_term_string"}}],"inLanguage":"es"},{"@type":"Person","@id":"https:\/\/networks.imdea.org\/#\/schema\/person\/1dbef87c79bf3d3657cbd4cc6c129e74","name":"Marta Dorado","image":{"@type":"ImageObject","inLanguage":"es","@id":"https:\/\/secure.gravatar.com\/avatar\/a6b289793dc91627659ec2e23425956502b6bd683dce1548a16e9ea0d40fecfb?s=96&d=mm&r=g","url":"https:\/\/secure.gravatar.com\/avatar\/a6b289793dc91627659ec2e23425956502b6bd683dce1548a16e9ea0d40fecfb?s=96&d=mm&r=g","contentUrl":"https:\/\/secure.gravatar.com\/avatar\/a6b289793dc91627659ec2e23425956502b6bd683dce1548a16e9ea0d40fecfb?s=96&d=mm&r=g","caption":"Marta Dorado"},"url":"https:\/\/networks.imdea.org\/es\/author\/marta-doradoimdea-org\/"}]}},"_links":{"self":[{"href":"https:\/\/networks.imdea.org\/es\/wp-json\/wp\/v2\/posts\/29331","targetHints":{"allow":["GET"]}}],"collection":[{"href":"https:\/\/networks.imdea.org\/es\/wp-json\/wp\/v2\/posts"}],"about":[{"href":"https:\/\/networks.imdea.org\/es\/wp-json\/wp\/v2\/types\/post"}],"author":[{"embeddable":true,"href":"https:\/\/networks.imdea.org\/es\/wp-json\/wp\/v2\/users\/145"}],"replies":[{"embeddable":true,"href":"https:\/\/networks.imdea.org\/es\/wp-json\/wp\/v2\/comments?post=29331"}],"version-history":[{"count":4,"href":"https:\/\/networks.imdea.org\/es\/wp-json\/wp\/v2\/posts\/29331\/revisions"}],"predecessor-version":[{"id":29336,"href":"https:\/\/networks.imdea.org\/es\/wp-json\/wp\/v2\/posts\/29331\/revisions\/29336"}],"wp:featuredmedia":[{"embeddable":true,"href":"https:\/\/networks.imdea.org\/es\/wp-json\/wp\/v2\/media\/29332"}],"wp:attachment":[{"href":"https:\/\/networks.imdea.org\/es\/wp-json\/wp\/v2\/media?parent=29331"}],"wp:term":[{"taxonomy":"category","embeddable":true,"href":"https:\/\/networks.imdea.org\/es\/wp-json\/wp\/v2\/categories?post=29331"},{"taxonomy":"post_tag","embeddable":true,"href":"https:\/\/networks.imdea.org\/es\/wp-json\/wp\/v2\/tags?post=29331"}],"curies":[{"name":"wp","href":"https:\/\/api.w.org\/{rel}","templated":true}]}}