{"id":28701,"date":"2025-05-23T11:04:27","date_gmt":"2025-05-23T09:04:27","guid":{"rendered":"https:\/\/networks.imdea.org\/?p=28701"},"modified":"2025-05-23T12:06:38","modified_gmt":"2025-05-23T10:06:38","slug":"imdea-networks-drives-digital-innovation-at-horizon-europe-cluster-4-info-day","status":"publish","type":"post","link":"https:\/\/networks.imdea.org\/es\/imdea-networks-promueve-la-innovacion-digital-en-las-jornadas-cluster-4-de-horizonte-europa\/","title":{"rendered":"IMDEA Networks promueve la innovaci\u00f3n digital en las jornadas Cl\u00faster 4 de Horizonte Europa"},"content":{"rendered":"<p><a href=\"https:\/\/networks.imdea.org\/\">IMDEA Networks<\/a>, en colaboraci\u00f3n con el Centro para el Desarrollo Tecnol\u00f3gico y la Innovaci\u00f3n (<a href=\"https:\/\/www.cdti.es\/\">CDTI<\/a>), organiz\u00f3 el pasado 22 de mayo las jornadas Cl\u00faster 4 HE, financiadas por el Ministerio de Ciencia, Innovaci\u00f3n y Universidades (MICIU) y la Agencia Estatal de Investigaci\u00f3n (AEI), en el marco del proyecto INCREASE-HE. El objetivo de esta iniciativa es reforzar la participaci\u00f3n de IMDEA Networks en Horizonte Europa, actuando como entidad tractora para fomentar la implicaci\u00f3n de organizaciones espa\u00f1olas, especialmente empresas, en el Programa Marco.<img loading=\"lazy\" decoding=\"async\" width=\"300\" height=\"225\" class=\"size-medium wp-image-28702 alignright\" src=\"https:\/\/networks.imdea.org\/wp-content\/uploads\/2025\/05\/media-file-2025-05-22-jornadas-cdti-imdea-networks-3-300x225.jpg\" alt=\"\" \/><\/p>\n<p>El acto de apertura estuvo presidido por el director de IMDEA Networks, <strong>Albert Banchs<\/strong>. La jornada, conducida por expertos del CDTI, ofreci\u00f3 claves estrat\u00e9gicas para abordar con \u00e9xito las <strong>pr\u00f3ximas convocatorias del nuevo Programa de Trabajo 2025 de Horizonte Europa, centradas en el Cl\u00faster 4 y la iniciativa SNS-JU<\/strong>, consideradas entre las m\u00e1s relevantes en el \u00e1mbito de la I+D+i para el sector TIC europeo. Adem\u00e1s, se present\u00f3 la nueva iniciativa de la Uni\u00f3n Europea <em>3C Networks<\/em>, dise\u00f1ada para promover la innovaci\u00f3n, la seguridad y la resiliencia de las infraestructuras digitales mediante la colaboraci\u00f3n p\u00fablico-privada. Al finalizar las ponencias, las personas asistentes pudieron recibir asesoramiento personalizado del CDTI para la preparaci\u00f3n de propuestas enmarcadas en las convocatorias abordadas durante el evento.<\/p>\n<p>En la segunda parte del evento, <a href=\"https:\/\/www.5tonic.org\/\" target=\"_blank\" rel=\"noopener\">5TONIC<\/a>, el laboratorio abierto de investigaci\u00f3n e innovaci\u00f3n en nuevas tecnolog\u00edas fundado por Telef\u00f3nica e IMDEA Networks, destacaron el papel clave de la colaboraci\u00f3n p\u00fablico-privada en el impulso de la innovaci\u00f3n digital, mediante la presentaci\u00f3n de dos nuevos casos de uso desarrollados y validados en sus instalaciones.<\/p>\n<p>Con el respaldo de socios industriales y acad\u00e9micos, representantes del laboratorio mostraron c\u00f3mo esta colaboraci\u00f3n puede materializarse en soluciones tecnol\u00f3gicas concretas y aplicables.<\/p>\n<p>Las demostraciones tambi\u00e9n subrayaron la relevancia de contar con entornos de prueba e innovaci\u00f3n como el de 5TONIC, donde es posible experimentar y validar tecnolog\u00edas antes de su implementaci\u00f3n en escenarios reales.<\/p>\n<p>El primer caso de uso, presentado por Ericsson, demostr\u00f3 la <a href=\"https:\/\/networks.imdea.org\/es\/5tonic-y-ericsson-prueban-el-5g-sa-en-ondas-milimetricas-en-el-movistar-arena\/\" target=\"_blank\" rel=\"noopener\">aplicaci\u00f3n de redes privadas 5G en bandas milim\u00e9tricas en el Movistar Arena<\/a> durante los partidos Movistar Estudiantes vs. Super Agropal Palencia y Real Madrid vs. Baskonia. Se llevaron a cabo tres aplicaciones innovadoras en los \u00e1mbitos de seguridad, transporte y turismo: <strong>Smart Crowd Monitoring<\/strong>, que velaba por la seguridad en eventos con IA y sensores avanzados; <strong>Mass Casualty Incident,<\/strong> que coordinaba casos de emergencia con pulseras inteligentes, e <strong>Immersive Fan Engagement<\/strong>, una experiencia inmersiva con Realidad Virtual para mejorar la interacci\u00f3n con los aficionados.<\/p>\n<p>El segundo caso, presentado por la Universidad Carlos III de Madrid, expon\u00eda <strong>soluciones multidominio y multitecnolog\u00eda para redes de comunicaciones deterministas y de baja latencia en entornos industriales<\/strong>. El objetivo principal era dise\u00f1ar infraestructuras de red avanzadas con tecnolog\u00edas integradas como el 5G, WiFi o Ethernet industrial, para afianzar una conectividad altamente fiable, predecible y con m\u00ednima latencia para aplicaciones cr\u00edticas como rob\u00f3tica industrial, control de maquinaria en tiempo real o sistemas aut\u00f3nomos, marcando un avance significativo hacia el desarrollo de la industria 5.0.<\/p>\n<p><strong>Carlos Jes\u00fas Bernardos, vicepresidente de 5TONIC y catedr\u00e1tico de la UC3M, se\u00f1al\u00f3: <\/strong>\u201cEste evento representa una oportunidad excepcional para mostrar el verdadero valor de la colaboraci\u00f3n p\u00fablico-privada. Gracias a estas sinergias, hemos podido avanzar en la innovaci\u00f3n sobre redes 5G y seguir desarrollando soluciones que nos acercan a las pr\u00f3ximas generaciones de conectividad. Adem\u00e1s, la participaci\u00f3n de empresas en jornadas y convocatorias como estas favorecen la creaci\u00f3n del ecosistema de investigaci\u00f3n e innovaci\u00f3n que 5TONIC desea. As\u00ed, comienza el futuro de una sociedad inteligente, sostenible y conectada.\u201d<\/p>\n<p><img loading=\"lazy\" decoding=\"async\" class=\"wp-image-28639 aligncenter\" src=\"https:\/\/networks.imdea.org\/wp-content\/uploads\/2023\/01\/media-file-logo-increase_gpe2022-1024x251.jpg\" alt=\"\" width=\"578\" height=\"142\" \/><\/p>","protected":false},"excerpt":{"rendered":"IMDEA Networks, en colaboraci\u00f3n con el Centro para el Desarrollo Tecnol\u00f3gico y la Innovaci\u00f3n (CDTI), organiz\u00f3 el pasado 22 de mayo las jornadas Cl\u00faster 4 HE, financiadas por el Ministerio de Ciencia, Innovaci\u00f3n y Universidades (MICIU) y la Agencia Estatal de Investigaci\u00f3n (AEI), en el marco del proyecto INCREASE-HE. El objetivo de esta iniciativa es&#8230;","protected":false},"author":145,"featured_media":28703,"comment_status":"closed","ping_status":"closed","sticky":false,"template":"","format":"standard","meta":{"_acf_changed":false,"footnotes":""},"categories":[1],"tags":[468,469,1209,464,473,465],"class_list":["post-28701","post","type-post","status-publish","format-standard","has-post-thumbnail","hentry","category-sin-categoria","tag-5g","tag-5tonic","tag-6g","tag-imdea-networks","tag-innovation","tag-internet"],"acf":[],"yoast_head":"<!-- This site is optimized with the Yoast SEO plugin v27.4 - https:\/\/yoast.com\/product\/yoast-seo-wordpress\/ -->\n<title>IMDEA Networks promueve la innovaci\u00f3n digital en las jornadas Cl\u00faster 4 de Horizonte Europa - IMDEA Networks<\/title>\n<meta name=\"robots\" content=\"index, follow, max-snippet:-1, max-image-preview:large, max-video-preview:-1\" \/>\n<link rel=\"canonical\" href=\"https:\/\/networks.imdea.org\/es\/imdea-networks-drives-digital-innovation-at-horizon-europe-cluster-4-info-day\/\" \/>\n<meta property=\"og:locale\" content=\"es_ES\" \/>\n<meta property=\"og:type\" content=\"article\" \/>\n<meta property=\"og:title\" content=\"IMDEA Networks promueve la innovaci\u00f3n digital en las jornadas Cl\u00faster 4 de Horizonte Europa - IMDEA Networks\" \/>\n<meta property=\"og:description\" content=\"IMDEA Networks, en colaboraci\u00f3n con el Centro para el Desarrollo Tecnol\u00f3gico y la Innovaci\u00f3n (CDTI), organiz\u00f3 el pasado 22 de mayo las jornadas Cl\u00faster 4 HE, financiadas por el Ministerio de Ciencia, Innovaci\u00f3n y Universidades (MICIU) y la Agencia Estatal de Investigaci\u00f3n (AEI), en el marco del proyecto INCREASE-HE. El objetivo de esta iniciativa es...\" \/>\n<meta property=\"og:url\" content=\"https:\/\/networks.imdea.org\/es\/imdea-networks-drives-digital-innovation-at-horizon-europe-cluster-4-info-day\/\" \/>\n<meta property=\"og:site_name\" content=\"IMDEA Networks\" \/>\n<meta property=\"article:published_time\" content=\"2025-05-23T09:04:27+00:00\" \/>\n<meta property=\"article:modified_time\" content=\"2025-05-23T10:06:38+00:00\" \/>\n<meta property=\"og:image\" content=\"https:\/\/networks.imdea.org\/wp-content\/uploads\/2025\/05\/media-file-2025-05-22-jornadas-cdti-imdea-networks-1-scaled.jpg\" \/>\n\t<meta property=\"og:image:width\" content=\"2560\" \/>\n\t<meta property=\"og:image:height\" content=\"1920\" \/>\n\t<meta property=\"og:image:type\" content=\"image\/jpeg\" \/>\n<meta name=\"author\" content=\"Marta Dorado\" \/>\n<meta name=\"twitter:card\" content=\"summary_large_image\" \/>\n<meta name=\"twitter:label1\" content=\"Escrito por\" \/>\n\t<meta name=\"twitter:data1\" content=\"Marta Dorado\" \/>\n\t<meta name=\"twitter:label2\" content=\"Tiempo de lectura\" \/>\n\t<meta name=\"twitter:data2\" content=\"3 minutos\" \/>\n<script type=\"application\/ld+json\" class=\"yoast-schema-graph\">{\"@context\":\"https:\\\/\\\/schema.org\",\"@graph\":[{\"@type\":\"Article\",\"@id\":\"https:\\\/\\\/networks.imdea.org\\\/imdea-networks-drives-digital-innovation-at-horizon-europe-cluster-4-info-day\\\/#article\",\"isPartOf\":{\"@id\":\"https:\\\/\\\/networks.imdea.org\\\/imdea-networks-drives-digital-innovation-at-horizon-europe-cluster-4-info-day\\\/\"},\"author\":{\"name\":\"Marta Dorado\",\"@id\":\"https:\\\/\\\/networks.imdea.org\\\/#\\\/schema\\\/person\\\/1dbef87c79bf3d3657cbd4cc6c129e74\"},\"headline\":\"IMDEA Networks promueve la innovaci\u00f3n digital en las jornadas Cl\u00faster 4 de Horizonte Europa\",\"datePublished\":\"2025-05-23T09:04:27+00:00\",\"dateModified\":\"2025-05-23T10:06:38+00:00\",\"mainEntityOfPage\":{\"@id\":\"https:\\\/\\\/networks.imdea.org\\\/imdea-networks-drives-digital-innovation-at-horizon-europe-cluster-4-info-day\\\/\"},\"wordCount\":1187,\"image\":{\"@id\":\"https:\\\/\\\/networks.imdea.org\\\/imdea-networks-drives-digital-innovation-at-horizon-europe-cluster-4-info-day\\\/#primaryimage\"},\"thumbnailUrl\":\"https:\\\/\\\/networks.imdea.org\\\/wp-content\\\/uploads\\\/2025\\\/05\\\/media-file-2025-05-22-jornadas-cdti-imdea-networks-1-scaled.jpg\",\"keywords\":[\"5G\",\"5TONIC\",\"6G\",\"IMDEA Networks\",\"Innovation\",\"Internet\"],\"articleSection\":[\"Noticias\"],\"inLanguage\":\"es\"},{\"@type\":\"WebPage\",\"@id\":\"https:\\\/\\\/networks.imdea.org\\\/es\\\/imdea-networks-drives-digital-innovation-at-horizon-europe-cluster-4-info-day\\\/\",\"url\":\"https:\\\/\\\/networks.imdea.org\\\/es\\\/imdea-networks-drives-digital-innovation-at-horizon-europe-cluster-4-info-day\\\/\",\"name\":\"IMDEA Networks promueve la innovaci\u00f3n digital en las jornadas Cl\u00faster 4 de Horizonte Europa - IMDEA Networks\",\"isPartOf\":{\"@id\":\"https:\\\/\\\/networks.imdea.org\\\/es\\\/#website\"},\"primaryImageOfPage\":{\"@id\":\"https:\\\/\\\/networks.imdea.org\\\/es\\\/imdea-networks-drives-digital-innovation-at-horizon-europe-cluster-4-info-day\\\/#primaryimage\"},\"image\":{\"@id\":\"https:\\\/\\\/networks.imdea.org\\\/imdea-networks-drives-digital-innovation-at-horizon-europe-cluster-4-info-day\\\/#primaryimage\"},\"thumbnailUrl\":\"https:\\\/\\\/networks.imdea.org\\\/wp-content\\\/uploads\\\/2025\\\/05\\\/media-file-2025-05-22-jornadas-cdti-imdea-networks-1-scaled.jpg\",\"datePublished\":\"2025-05-23T09:04:27+00:00\",\"dateModified\":\"2025-05-23T10:06:38+00:00\",\"author\":{\"@id\":\"https:\\\/\\\/networks.imdea.org\\\/#\\\/schema\\\/person\\\/1dbef87c79bf3d3657cbd4cc6c129e74\"},\"breadcrumb\":{\"@id\":\"https:\\\/\\\/networks.imdea.org\\\/es\\\/imdea-networks-drives-digital-innovation-at-horizon-europe-cluster-4-info-day\\\/#breadcrumb\"},\"inLanguage\":\"es\",\"potentialAction\":[{\"@type\":\"ReadAction\",\"target\":[[\"https:\\\/\\\/networks.imdea.org\\\/es\\\/imdea-networks-drives-digital-innovation-at-horizon-europe-cluster-4-info-day\\\/\"]]}]},{\"@type\":\"ImageObject\",\"inLanguage\":\"es\",\"@id\":\"https:\\\/\\\/networks.imdea.org\\\/es\\\/imdea-networks-drives-digital-innovation-at-horizon-europe-cluster-4-info-day\\\/#primaryimage\",\"url\":\"https:\\\/\\\/networks.imdea.org\\\/wp-content\\\/uploads\\\/2025\\\/05\\\/media-file-2025-05-22-jornadas-cdti-imdea-networks-1-scaled.jpg\",\"contentUrl\":\"https:\\\/\\\/networks.imdea.org\\\/wp-content\\\/uploads\\\/2025\\\/05\\\/media-file-2025-05-22-jornadas-cdti-imdea-networks-1-scaled.jpg\",\"width\":2560,\"height\":1920},{\"@type\":\"BreadcrumbList\",\"@id\":\"https:\\\/\\\/networks.imdea.org\\\/es\\\/imdea-networks-drives-digital-innovation-at-horizon-europe-cluster-4-info-day\\\/#breadcrumb\",\"itemListElement\":[{\"@type\":\"ListItem\",\"position\":1,\"name\":\"Home\",\"item\":\"https:\\\/\\\/networks.imdea.org\\\/es\\\/\"},{\"@type\":\"ListItem\",\"position\":2,\"name\":\"IMDEA Networks drives Digital Innovation at Horizon Europe Cluster 4 Info Day\"}]},{\"@type\":\"WebSite\",\"@id\":\"https:\\\/\\\/networks.imdea.org\\\/es\\\/#website\",\"url\":\"https:\\\/\\\/networks.imdea.org\\\/es\\\/\",\"name\":\"IMDEA Networks\",\"description\":\"IMDEA Networks Multisite\",\"potentialAction\":[{\"@type\":\"SearchAction\",\"target\":{\"@type\":\"EntryPoint\",\"urlTemplate\":\"https:\\\/\\\/networks.imdea.org\\\/es\\\/?s={search_term_string}\"},\"query-input\":{\"@type\":\"PropertyValueSpecification\",\"valueRequired\":true,\"valueName\":\"search_term_string\"}}],\"inLanguage\":\"es\"},{\"@type\":\"Person\",\"@id\":\"https:\\\/\\\/networks.imdea.org\\\/#\\\/schema\\\/person\\\/1dbef87c79bf3d3657cbd4cc6c129e74\",\"name\":\"Marta Dorado\",\"image\":{\"@type\":\"ImageObject\",\"inLanguage\":\"es\",\"@id\":\"https:\\\/\\\/secure.gravatar.com\\\/avatar\\\/a6b289793dc91627659ec2e23425956502b6bd683dce1548a16e9ea0d40fecfb?s=96&d=mm&r=g\",\"url\":\"https:\\\/\\\/secure.gravatar.com\\\/avatar\\\/a6b289793dc91627659ec2e23425956502b6bd683dce1548a16e9ea0d40fecfb?s=96&d=mm&r=g\",\"contentUrl\":\"https:\\\/\\\/secure.gravatar.com\\\/avatar\\\/a6b289793dc91627659ec2e23425956502b6bd683dce1548a16e9ea0d40fecfb?s=96&d=mm&r=g\",\"caption\":\"Marta Dorado\"},\"url\":\"https:\\\/\\\/networks.imdea.org\\\/es\\\/author\\\/marta-doradoimdea-org\\\/\"}]}<\/script>\n<!-- \/ Yoast SEO plugin. -->","yoast_head_json":{"title":"IMDEA Networks promueve la innovaci\u00f3n digital en las jornadas Cl\u00faster 4 de Horizonte Europa - IMDEA Networks","robots":{"index":"index","follow":"follow","max-snippet":"max-snippet:-1","max-image-preview":"max-image-preview:large","max-video-preview":"max-video-preview:-1"},"canonical":"https:\/\/networks.imdea.org\/es\/imdea-networks-drives-digital-innovation-at-horizon-europe-cluster-4-info-day\/","og_locale":"es_ES","og_type":"article","og_title":"IMDEA Networks promueve la innovaci\u00f3n digital en las jornadas Cl\u00faster 4 de Horizonte Europa - IMDEA Networks","og_description":"IMDEA Networks, en colaboraci\u00f3n con el Centro para el Desarrollo Tecnol\u00f3gico y la Innovaci\u00f3n (CDTI), organiz\u00f3 el pasado 22 de mayo las jornadas Cl\u00faster 4 HE, financiadas por el Ministerio de Ciencia, Innovaci\u00f3n y Universidades (MICIU) y la Agencia Estatal de Investigaci\u00f3n (AEI), en el marco del proyecto INCREASE-HE. El objetivo de esta iniciativa es...","og_url":"https:\/\/networks.imdea.org\/es\/imdea-networks-drives-digital-innovation-at-horizon-europe-cluster-4-info-day\/","og_site_name":"IMDEA Networks","article_published_time":"2025-05-23T09:04:27+00:00","article_modified_time":"2025-05-23T10:06:38+00:00","og_image":[{"width":2560,"height":1920,"url":"https:\/\/networks.imdea.org\/wp-content\/uploads\/2025\/05\/media-file-2025-05-22-jornadas-cdti-imdea-networks-1-scaled.jpg","type":"image\/jpeg"}],"author":"Marta Dorado","twitter_card":"summary_large_image","twitter_misc":{"Escrito por":"Marta Dorado","Tiempo de lectura":"3 minutos"},"schema":{"@context":"https:\/\/schema.org","@graph":[{"@type":"Article","@id":"https:\/\/networks.imdea.org\/imdea-networks-drives-digital-innovation-at-horizon-europe-cluster-4-info-day\/#article","isPartOf":{"@id":"https:\/\/networks.imdea.org\/imdea-networks-drives-digital-innovation-at-horizon-europe-cluster-4-info-day\/"},"author":{"name":"Marta Dorado","@id":"https:\/\/networks.imdea.org\/#\/schema\/person\/1dbef87c79bf3d3657cbd4cc6c129e74"},"headline":"IMDEA Networks promueve la innovaci\u00f3n digital en las jornadas Cl\u00faster 4 de Horizonte Europa","datePublished":"2025-05-23T09:04:27+00:00","dateModified":"2025-05-23T10:06:38+00:00","mainEntityOfPage":{"@id":"https:\/\/networks.imdea.org\/imdea-networks-drives-digital-innovation-at-horizon-europe-cluster-4-info-day\/"},"wordCount":1187,"image":{"@id":"https:\/\/networks.imdea.org\/imdea-networks-drives-digital-innovation-at-horizon-europe-cluster-4-info-day\/#primaryimage"},"thumbnailUrl":"https:\/\/networks.imdea.org\/wp-content\/uploads\/2025\/05\/media-file-2025-05-22-jornadas-cdti-imdea-networks-1-scaled.jpg","keywords":["5G","5TONIC","6G","IMDEA Networks","Innovation","Internet"],"articleSection":["Noticias"],"inLanguage":"es"},{"@type":"WebPage","@id":"https:\/\/networks.imdea.org\/es\/imdea-networks-drives-digital-innovation-at-horizon-europe-cluster-4-info-day\/","url":"https:\/\/networks.imdea.org\/es\/imdea-networks-drives-digital-innovation-at-horizon-europe-cluster-4-info-day\/","name":"IMDEA Networks promueve la innovaci\u00f3n digital en las jornadas Cl\u00faster 4 de Horizonte Europa - IMDEA Networks","isPartOf":{"@id":"https:\/\/networks.imdea.org\/es\/#website"},"primaryImageOfPage":{"@id":"https:\/\/networks.imdea.org\/es\/imdea-networks-drives-digital-innovation-at-horizon-europe-cluster-4-info-day\/#primaryimage"},"image":{"@id":"https:\/\/networks.imdea.org\/imdea-networks-drives-digital-innovation-at-horizon-europe-cluster-4-info-day\/#primaryimage"},"thumbnailUrl":"https:\/\/networks.imdea.org\/wp-content\/uploads\/2025\/05\/media-file-2025-05-22-jornadas-cdti-imdea-networks-1-scaled.jpg","datePublished":"2025-05-23T09:04:27+00:00","dateModified":"2025-05-23T10:06:38+00:00","author":{"@id":"https:\/\/networks.imdea.org\/#\/schema\/person\/1dbef87c79bf3d3657cbd4cc6c129e74"},"breadcrumb":{"@id":"https:\/\/networks.imdea.org\/es\/imdea-networks-drives-digital-innovation-at-horizon-europe-cluster-4-info-day\/#breadcrumb"},"inLanguage":"es","potentialAction":[{"@type":"ReadAction","target":[["https:\/\/networks.imdea.org\/es\/imdea-networks-drives-digital-innovation-at-horizon-europe-cluster-4-info-day\/"]]}]},{"@type":"ImageObject","inLanguage":"es","@id":"https:\/\/networks.imdea.org\/es\/imdea-networks-drives-digital-innovation-at-horizon-europe-cluster-4-info-day\/#primaryimage","url":"https:\/\/networks.imdea.org\/wp-content\/uploads\/2025\/05\/media-file-2025-05-22-jornadas-cdti-imdea-networks-1-scaled.jpg","contentUrl":"https:\/\/networks.imdea.org\/wp-content\/uploads\/2025\/05\/media-file-2025-05-22-jornadas-cdti-imdea-networks-1-scaled.jpg","width":2560,"height":1920},{"@type":"BreadcrumbList","@id":"https:\/\/networks.imdea.org\/es\/imdea-networks-drives-digital-innovation-at-horizon-europe-cluster-4-info-day\/#breadcrumb","itemListElement":[{"@type":"ListItem","position":1,"name":"Home","item":"https:\/\/networks.imdea.org\/es\/"},{"@type":"ListItem","position":2,"name":"IMDEA Networks drives Digital Innovation at Horizon Europe Cluster 4 Info Day"}]},{"@type":"WebSite","@id":"https:\/\/networks.imdea.org\/es\/#website","url":"https:\/\/networks.imdea.org\/es\/","name":"IMDEA Networks","description":"IMDEA Networks Multisite","potentialAction":[{"@type":"SearchAction","target":{"@type":"EntryPoint","urlTemplate":"https:\/\/networks.imdea.org\/es\/?s={search_term_string}"},"query-input":{"@type":"PropertyValueSpecification","valueRequired":true,"valueName":"search_term_string"}}],"inLanguage":"es"},{"@type":"Person","@id":"https:\/\/networks.imdea.org\/#\/schema\/person\/1dbef87c79bf3d3657cbd4cc6c129e74","name":"Marta Dorado","image":{"@type":"ImageObject","inLanguage":"es","@id":"https:\/\/secure.gravatar.com\/avatar\/a6b289793dc91627659ec2e23425956502b6bd683dce1548a16e9ea0d40fecfb?s=96&d=mm&r=g","url":"https:\/\/secure.gravatar.com\/avatar\/a6b289793dc91627659ec2e23425956502b6bd683dce1548a16e9ea0d40fecfb?s=96&d=mm&r=g","contentUrl":"https:\/\/secure.gravatar.com\/avatar\/a6b289793dc91627659ec2e23425956502b6bd683dce1548a16e9ea0d40fecfb?s=96&d=mm&r=g","caption":"Marta Dorado"},"url":"https:\/\/networks.imdea.org\/es\/author\/marta-doradoimdea-org\/"}]}},"_links":{"self":[{"href":"https:\/\/networks.imdea.org\/es\/wp-json\/wp\/v2\/posts\/28701","targetHints":{"allow":["GET"]}}],"collection":[{"href":"https:\/\/networks.imdea.org\/es\/wp-json\/wp\/v2\/posts"}],"about":[{"href":"https:\/\/networks.imdea.org\/es\/wp-json\/wp\/v2\/types\/post"}],"author":[{"embeddable":true,"href":"https:\/\/networks.imdea.org\/es\/wp-json\/wp\/v2\/users\/145"}],"replies":[{"embeddable":true,"href":"https:\/\/networks.imdea.org\/es\/wp-json\/wp\/v2\/comments?post=28701"}],"version-history":[{"count":5,"href":"https:\/\/networks.imdea.org\/es\/wp-json\/wp\/v2\/posts\/28701\/revisions"}],"predecessor-version":[{"id":28718,"href":"https:\/\/networks.imdea.org\/es\/wp-json\/wp\/v2\/posts\/28701\/revisions\/28718"}],"wp:featuredmedia":[{"embeddable":true,"href":"https:\/\/networks.imdea.org\/es\/wp-json\/wp\/v2\/media\/28703"}],"wp:attachment":[{"href":"https:\/\/networks.imdea.org\/es\/wp-json\/wp\/v2\/media?parent=28701"}],"wp:term":[{"taxonomy":"category","embeddable":true,"href":"https:\/\/networks.imdea.org\/es\/wp-json\/wp\/v2\/categories?post=28701"},{"taxonomy":"post_tag","embeddable":true,"href":"https:\/\/networks.imdea.org\/es\/wp-json\/wp\/v2\/tags?post=28701"}],"curies":[{"name":"wp","href":"https:\/\/api.w.org\/{rel}","templated":true}]}}