{"id":26213,"date":"2023-06-01T15:09:10","date_gmt":"2023-06-01T13:09:10","guid":{"rendered":"https:\/\/networks.imdea.org\/?p=26213"},"modified":"2023-06-01T16:35:19","modified_gmt":"2023-06-01T14:35:19","slug":"rome-hosts-ieee-icc-2023-a-leading-conference-in-the-field-of-telecommunications","status":"publish","type":"post","link":"https:\/\/networks.imdea.org\/es\/roma-acoge-ieee-icc-2023-conferencia-lider-en-el-campo-de-las-telecomunicaciones\/","title":{"rendered":"Roma acoge IEEE ICC 2023, conferencia l\u00edder en el campo de las telecomunicaciones"},"content":{"rendered":"<p>Del 28 de mayo al 1 de junio, la prestigiosa y futurista \u00abNube\u00bb de Fuksas en Roma acogi\u00f3 a m\u00e1s de 2000 miembros de la comunidad cient\u00edfica procedentes de 62 pa\u00edses con motivo de la Conferencia Internacional sobre Comunicaciones (ICC), la m\u00e1s importante sobre tecnolog\u00edas de telecomunicaci\u00f3n e Internet, que este a\u00f1o ha sido <strong>organizada por el Prof. Marco Ajmone Marsan<\/strong>, de IMDEA Networks Institute de Madrid y el Prof. Marco Luise de la Universidad de Pisa, en nombre del Instituto de Ingenier\u00eda El\u00e9ctrica y Electr\u00f3nica (IEEE).<\/p>\n<p>No hace falta explicar lo que estas tecnolog\u00edas han cambiado, est\u00e1n cambiando y cambiar\u00e1n en nuestras vidas. El profesor Ajmone Marsan afirma: \u00abEl pasado mes de abril celebramos el 50 aniversario de la primera llamada desde un tel\u00e9fono m\u00f3vil. Hoy hay m\u00e1s tel\u00e9fonos que personas en el mundo, mucho m\u00e1s que cepillos de dientes. Y esto es as\u00ed <strong>porque comunicarse es una necesidad humana esencial e indispensable, que est\u00e1 asegurada para todos\/as y se hace sostenible gracias a las tecnolog\u00edas imaginadas y debatidas aqu\u00ed, en la Conferencia ICC 2023<\/strong>\u00ab.<\/p>\n<p>\u00abEsta edici\u00f3n de la conferencia, organizada cada a\u00f1o por la Sociedad de Comunicaci\u00f3n del IEEE, marca <strong>un acontecimiento importante: por primera vez desde 2020, se ha llevado a cabo \u00edntegramente en persona, sin sesiones virtuales<\/strong>, como ocurr\u00eda en los tiempos prepand\u00e9micos. \u00abSe trata de un logro importante\u00bb, afirma el profesor Luise, \u00aby estamos orgullosos de que se haya celebrado aqu\u00ed, en Roma\u00bb. Debemos recordar que la palabra &#8216;conferencia&#8217; viene del lat\u00edn conferire, que significa reunir, traer a un mismo lugar para debatir, intercambiar ideas, intercambiar experiencias y entender juntos\/as &#8211; la mejor manera de avanzar en la investigaci\u00f3n y garantizar un futuro pac\u00edfico para la comunidad internacional despu\u00e9s de tres a\u00f1os de virtualidad, \u00fatil cuando no hab\u00eda otras opciones, pero no una alternativa eficaz a la interacci\u00f3n f\u00edsica en una sala de conferencias.\u00bb<\/p>\n<p><img loading=\"lazy\" decoding=\"async\" width=\"225\" height=\"300\" class=\"size-medium wp-image-26219 alignleft\" src=\"https:\/\/networks.imdea.org\/wp-content\/uploads\/2023\/06\/media-file-2023-05-28-antonio-bazco-rita-ingabire-icc-2023-225x300.jpg\" alt=\"\" \/>\u00abEsta idea de un reinicio se ha convertido en el tema principal de la conferencia: <strong>Comunicaciones sostenibles para un renacimiento<\/strong>\u00ab, explica Ajmone Marsan, \u00abque combina el tema de la sostenibilidad y la eficiencia energ\u00e9tica que afecta a Internet y las telecomunicaciones, as\u00ed como a todas las actividades humanas, y el reinicio post-COVID, comparado con el Renacimiento italiano en el arte y la ciencia.\u00bb De hecho, los congresistas pudieron elegir entre casi 1.500 comunicaciones cient\u00edficas y una veintena de \u00abtutoriales\u00bb cient\u00edficos del m\u00e1s alto nivel (seleccionados por un grupo de casi 10.000 miembros de la comunidad cient\u00edfica a nivel mundial), as\u00ed como disfrutar de un entorno \u00fanico, conocido por el arte y la tradici\u00f3n cultural: \u00a1la ciudad de Roma!<\/p>\n<p>Adem\u00e1s, <strong>nuestro Investigador Postdoc Antonio Bazco y nuestra Estudiante de Doctorado Rita Ingabire tuvieron un stand en la zona de expositores<\/strong> de la conferencia con el objetivo de promocionar la investigaci\u00f3n en telecomunicaciones y el mundo acad\u00e9mico en Espa\u00f1a como una atractiva experiencia laboral para investigadores e investigadores internacionales, principalmente estudiantes de doctorado. Todo ello en el marco del proyecto del que somos beneficiarios \u00abPlan de promoci\u00f3n y atracci\u00f3n de talento\u00bb de UNICO 5G I+D.<\/p>","protected":false},"excerpt":{"rendered":"Del 28 de mayo al 1 de junio, la prestigiosa y futurista \u00abNube\u00bb de Fuksas en Roma acogi\u00f3 a m\u00e1s de 2000 miembros de la comunidad cient\u00edfica procedentes de 62 pa\u00edses con motivo de la Conferencia Internacional sobre Comunicaciones (ICC), la m\u00e1s importante sobre tecnolog\u00edas de telecomunicaci\u00f3n e Internet, que este a\u00f1o ha sido organizada&#8230;","protected":false},"author":145,"featured_media":26215,"comment_status":"closed","ping_status":"closed","sticky":false,"template":"","format":"standard","meta":{"_acf_changed":false,"footnotes":""},"categories":[1],"tags":[498,464,473,465],"class_list":["post-26213","post","type-post","status-publish","format-standard","has-post-thumbnail","hentry","category-sin-categoria","tag-energy-efficient-networks","tag-imdea-networks","tag-innovation","tag-internet"],"acf":[],"yoast_head":"<!-- This site is optimized with the Yoast SEO plugin v27.4 - https:\/\/yoast.com\/product\/yoast-seo-wordpress\/ -->\n<title>Roma acoge IEEE ICC 2023, conferencia l\u00edder en el campo de las telecomunicaciones - IMDEA Networks<\/title>\n<meta name=\"robots\" content=\"index, follow, max-snippet:-1, max-image-preview:large, max-video-preview:-1\" \/>\n<link rel=\"canonical\" href=\"https:\/\/networks.imdea.org\/es\/rome-hosts-ieee-icc-2023-a-leading-conference-in-the-field-of-telecommunications\/\" \/>\n<meta property=\"og:locale\" content=\"es_ES\" \/>\n<meta property=\"og:type\" content=\"article\" \/>\n<meta property=\"og:title\" content=\"Roma acoge IEEE ICC 2023, conferencia l\u00edder en el campo de las telecomunicaciones - IMDEA Networks\" \/>\n<meta property=\"og:description\" content=\"Del 28 de mayo al 1 de junio, la prestigiosa y futurista \u00abNube\u00bb de Fuksas en Roma acogi\u00f3 a m\u00e1s de 2000 miembros de la comunidad cient\u00edfica procedentes de 62 pa\u00edses con motivo de la Conferencia Internacional sobre Comunicaciones (ICC), la m\u00e1s importante sobre tecnolog\u00edas de telecomunicaci\u00f3n e Internet, que este a\u00f1o ha sido organizada...\" \/>\n<meta property=\"og:url\" content=\"https:\/\/networks.imdea.org\/es\/rome-hosts-ieee-icc-2023-a-leading-conference-in-the-field-of-telecommunications\/\" \/>\n<meta property=\"og:site_name\" content=\"IMDEA Networks\" \/>\n<meta property=\"article:published_time\" content=\"2023-06-01T13:09:10+00:00\" \/>\n<meta property=\"article:modified_time\" content=\"2023-06-01T14:35:19+00:00\" \/>\n<meta property=\"og:image\" content=\"https:\/\/networks.imdea.org\/wp-content\/uploads\/2023\/06\/media-file-icc-2023-scaled.jpg\" \/>\n\t<meta property=\"og:image:width\" content=\"2560\" \/>\n\t<meta property=\"og:image:height\" content=\"1920\" \/>\n\t<meta property=\"og:image:type\" content=\"image\/jpeg\" \/>\n<meta name=\"author\" content=\"Marta Dorado\" \/>\n<meta name=\"twitter:card\" content=\"summary_large_image\" \/>\n<meta name=\"twitter:label1\" content=\"Escrito por\" \/>\n\t<meta name=\"twitter:data1\" content=\"Marta Dorado\" \/>\n\t<meta name=\"twitter:label2\" content=\"Tiempo de lectura\" \/>\n\t<meta name=\"twitter:data2\" content=\"3 minutos\" \/>\n<script type=\"application\/ld+json\" class=\"yoast-schema-graph\">{\"@context\":\"https:\\\/\\\/schema.org\",\"@graph\":[{\"@type\":\"Article\",\"@id\":\"https:\\\/\\\/networks.imdea.org\\\/rome-hosts-ieee-icc-2023-a-leading-conference-in-the-field-of-telecommunications\\\/#article\",\"isPartOf\":{\"@id\":\"https:\\\/\\\/networks.imdea.org\\\/rome-hosts-ieee-icc-2023-a-leading-conference-in-the-field-of-telecommunications\\\/\"},\"author\":{\"name\":\"Marta Dorado\",\"@id\":\"https:\\\/\\\/networks.imdea.org\\\/#\\\/schema\\\/person\\\/1dbef87c79bf3d3657cbd4cc6c129e74\"},\"headline\":\"Roma acoge IEEE ICC 2023, conferencia l\u00edder en el campo de las telecomunicaciones\",\"datePublished\":\"2023-06-01T13:09:10+00:00\",\"dateModified\":\"2023-06-01T14:35:19+00:00\",\"mainEntityOfPage\":{\"@id\":\"https:\\\/\\\/networks.imdea.org\\\/rome-hosts-ieee-icc-2023-a-leading-conference-in-the-field-of-telecommunications\\\/\"},\"wordCount\":1037,\"image\":{\"@id\":\"https:\\\/\\\/networks.imdea.org\\\/rome-hosts-ieee-icc-2023-a-leading-conference-in-the-field-of-telecommunications\\\/#primaryimage\"},\"thumbnailUrl\":\"https:\\\/\\\/networks.imdea.org\\\/wp-content\\\/uploads\\\/2023\\\/06\\\/media-file-icc-2023-scaled.jpg\",\"keywords\":[\"Energy-efficient networks\",\"IMDEA Networks\",\"Innovation\",\"Internet\"],\"articleSection\":[\"Noticias\"],\"inLanguage\":\"es\"},{\"@type\":\"WebPage\",\"@id\":\"https:\\\/\\\/networks.imdea.org\\\/es\\\/rome-hosts-ieee-icc-2023-a-leading-conference-in-the-field-of-telecommunications\\\/\",\"url\":\"https:\\\/\\\/networks.imdea.org\\\/es\\\/rome-hosts-ieee-icc-2023-a-leading-conference-in-the-field-of-telecommunications\\\/\",\"name\":\"Roma acoge IEEE ICC 2023, conferencia l\u00edder en el campo de las telecomunicaciones - IMDEA Networks\",\"isPartOf\":{\"@id\":\"https:\\\/\\\/networks.imdea.org\\\/es\\\/#website\"},\"primaryImageOfPage\":{\"@id\":\"https:\\\/\\\/networks.imdea.org\\\/es\\\/rome-hosts-ieee-icc-2023-a-leading-conference-in-the-field-of-telecommunications\\\/#primaryimage\"},\"image\":{\"@id\":\"https:\\\/\\\/networks.imdea.org\\\/rome-hosts-ieee-icc-2023-a-leading-conference-in-the-field-of-telecommunications\\\/#primaryimage\"},\"thumbnailUrl\":\"https:\\\/\\\/networks.imdea.org\\\/wp-content\\\/uploads\\\/2023\\\/06\\\/media-file-icc-2023-scaled.jpg\",\"datePublished\":\"2023-06-01T13:09:10+00:00\",\"dateModified\":\"2023-06-01T14:35:19+00:00\",\"author\":{\"@id\":\"https:\\\/\\\/networks.imdea.org\\\/#\\\/schema\\\/person\\\/1dbef87c79bf3d3657cbd4cc6c129e74\"},\"breadcrumb\":{\"@id\":\"https:\\\/\\\/networks.imdea.org\\\/es\\\/rome-hosts-ieee-icc-2023-a-leading-conference-in-the-field-of-telecommunications\\\/#breadcrumb\"},\"inLanguage\":\"es\",\"potentialAction\":[{\"@type\":\"ReadAction\",\"target\":[[\"https:\\\/\\\/networks.imdea.org\\\/es\\\/rome-hosts-ieee-icc-2023-a-leading-conference-in-the-field-of-telecommunications\\\/\"]]}]},{\"@type\":\"ImageObject\",\"inLanguage\":\"es\",\"@id\":\"https:\\\/\\\/networks.imdea.org\\\/es\\\/rome-hosts-ieee-icc-2023-a-leading-conference-in-the-field-of-telecommunications\\\/#primaryimage\",\"url\":\"https:\\\/\\\/networks.imdea.org\\\/wp-content\\\/uploads\\\/2023\\\/06\\\/media-file-icc-2023-scaled.jpg\",\"contentUrl\":\"https:\\\/\\\/networks.imdea.org\\\/wp-content\\\/uploads\\\/2023\\\/06\\\/media-file-icc-2023-scaled.jpg\",\"width\":2560,\"height\":1920},{\"@type\":\"BreadcrumbList\",\"@id\":\"https:\\\/\\\/networks.imdea.org\\\/es\\\/rome-hosts-ieee-icc-2023-a-leading-conference-in-the-field-of-telecommunications\\\/#breadcrumb\",\"itemListElement\":[{\"@type\":\"ListItem\",\"position\":1,\"name\":\"Home\",\"item\":\"https:\\\/\\\/networks.imdea.org\\\/es\\\/\"},{\"@type\":\"ListItem\",\"position\":2,\"name\":\"Rome hosts IEEE ICC 2023, a leading conference in the field of telecommunications\"}]},{\"@type\":\"WebSite\",\"@id\":\"https:\\\/\\\/networks.imdea.org\\\/es\\\/#website\",\"url\":\"https:\\\/\\\/networks.imdea.org\\\/es\\\/\",\"name\":\"IMDEA Networks\",\"description\":\"IMDEA Networks Multisite\",\"potentialAction\":[{\"@type\":\"SearchAction\",\"target\":{\"@type\":\"EntryPoint\",\"urlTemplate\":\"https:\\\/\\\/networks.imdea.org\\\/es\\\/?s={search_term_string}\"},\"query-input\":{\"@type\":\"PropertyValueSpecification\",\"valueRequired\":true,\"valueName\":\"search_term_string\"}}],\"inLanguage\":\"es\"},{\"@type\":\"Person\",\"@id\":\"https:\\\/\\\/networks.imdea.org\\\/#\\\/schema\\\/person\\\/1dbef87c79bf3d3657cbd4cc6c129e74\",\"name\":\"Marta Dorado\",\"image\":{\"@type\":\"ImageObject\",\"inLanguage\":\"es\",\"@id\":\"https:\\\/\\\/secure.gravatar.com\\\/avatar\\\/a6b289793dc91627659ec2e23425956502b6bd683dce1548a16e9ea0d40fecfb?s=96&d=mm&r=g\",\"url\":\"https:\\\/\\\/secure.gravatar.com\\\/avatar\\\/a6b289793dc91627659ec2e23425956502b6bd683dce1548a16e9ea0d40fecfb?s=96&d=mm&r=g\",\"contentUrl\":\"https:\\\/\\\/secure.gravatar.com\\\/avatar\\\/a6b289793dc91627659ec2e23425956502b6bd683dce1548a16e9ea0d40fecfb?s=96&d=mm&r=g\",\"caption\":\"Marta Dorado\"},\"url\":\"https:\\\/\\\/networks.imdea.org\\\/es\\\/author\\\/marta-doradoimdea-org\\\/\"}]}<\/script>\n<!-- \/ Yoast SEO plugin. -->","yoast_head_json":{"title":"Roma acoge IEEE ICC 2023, conferencia l\u00edder en el campo de las telecomunicaciones - IMDEA Networks","robots":{"index":"index","follow":"follow","max-snippet":"max-snippet:-1","max-image-preview":"max-image-preview:large","max-video-preview":"max-video-preview:-1"},"canonical":"https:\/\/networks.imdea.org\/es\/rome-hosts-ieee-icc-2023-a-leading-conference-in-the-field-of-telecommunications\/","og_locale":"es_ES","og_type":"article","og_title":"Roma acoge IEEE ICC 2023, conferencia l\u00edder en el campo de las telecomunicaciones - IMDEA Networks","og_description":"Del 28 de mayo al 1 de junio, la prestigiosa y futurista \u00abNube\u00bb de Fuksas en Roma acogi\u00f3 a m\u00e1s de 2000 miembros de la comunidad cient\u00edfica procedentes de 62 pa\u00edses con motivo de la Conferencia Internacional sobre Comunicaciones (ICC), la m\u00e1s importante sobre tecnolog\u00edas de telecomunicaci\u00f3n e Internet, que este a\u00f1o ha sido organizada...","og_url":"https:\/\/networks.imdea.org\/es\/rome-hosts-ieee-icc-2023-a-leading-conference-in-the-field-of-telecommunications\/","og_site_name":"IMDEA Networks","article_published_time":"2023-06-01T13:09:10+00:00","article_modified_time":"2023-06-01T14:35:19+00:00","og_image":[{"width":2560,"height":1920,"url":"https:\/\/networks.imdea.org\/wp-content\/uploads\/2023\/06\/media-file-icc-2023-scaled.jpg","type":"image\/jpeg"}],"author":"Marta Dorado","twitter_card":"summary_large_image","twitter_misc":{"Escrito por":"Marta Dorado","Tiempo de lectura":"3 minutos"},"schema":{"@context":"https:\/\/schema.org","@graph":[{"@type":"Article","@id":"https:\/\/networks.imdea.org\/rome-hosts-ieee-icc-2023-a-leading-conference-in-the-field-of-telecommunications\/#article","isPartOf":{"@id":"https:\/\/networks.imdea.org\/rome-hosts-ieee-icc-2023-a-leading-conference-in-the-field-of-telecommunications\/"},"author":{"name":"Marta Dorado","@id":"https:\/\/networks.imdea.org\/#\/schema\/person\/1dbef87c79bf3d3657cbd4cc6c129e74"},"headline":"Roma acoge IEEE ICC 2023, conferencia l\u00edder en el campo de las telecomunicaciones","datePublished":"2023-06-01T13:09:10+00:00","dateModified":"2023-06-01T14:35:19+00:00","mainEntityOfPage":{"@id":"https:\/\/networks.imdea.org\/rome-hosts-ieee-icc-2023-a-leading-conference-in-the-field-of-telecommunications\/"},"wordCount":1037,"image":{"@id":"https:\/\/networks.imdea.org\/rome-hosts-ieee-icc-2023-a-leading-conference-in-the-field-of-telecommunications\/#primaryimage"},"thumbnailUrl":"https:\/\/networks.imdea.org\/wp-content\/uploads\/2023\/06\/media-file-icc-2023-scaled.jpg","keywords":["Energy-efficient networks","IMDEA Networks","Innovation","Internet"],"articleSection":["Noticias"],"inLanguage":"es"},{"@type":"WebPage","@id":"https:\/\/networks.imdea.org\/es\/rome-hosts-ieee-icc-2023-a-leading-conference-in-the-field-of-telecommunications\/","url":"https:\/\/networks.imdea.org\/es\/rome-hosts-ieee-icc-2023-a-leading-conference-in-the-field-of-telecommunications\/","name":"Roma acoge IEEE ICC 2023, conferencia l\u00edder en el campo de las telecomunicaciones - IMDEA Networks","isPartOf":{"@id":"https:\/\/networks.imdea.org\/es\/#website"},"primaryImageOfPage":{"@id":"https:\/\/networks.imdea.org\/es\/rome-hosts-ieee-icc-2023-a-leading-conference-in-the-field-of-telecommunications\/#primaryimage"},"image":{"@id":"https:\/\/networks.imdea.org\/rome-hosts-ieee-icc-2023-a-leading-conference-in-the-field-of-telecommunications\/#primaryimage"},"thumbnailUrl":"https:\/\/networks.imdea.org\/wp-content\/uploads\/2023\/06\/media-file-icc-2023-scaled.jpg","datePublished":"2023-06-01T13:09:10+00:00","dateModified":"2023-06-01T14:35:19+00:00","author":{"@id":"https:\/\/networks.imdea.org\/#\/schema\/person\/1dbef87c79bf3d3657cbd4cc6c129e74"},"breadcrumb":{"@id":"https:\/\/networks.imdea.org\/es\/rome-hosts-ieee-icc-2023-a-leading-conference-in-the-field-of-telecommunications\/#breadcrumb"},"inLanguage":"es","potentialAction":[{"@type":"ReadAction","target":[["https:\/\/networks.imdea.org\/es\/rome-hosts-ieee-icc-2023-a-leading-conference-in-the-field-of-telecommunications\/"]]}]},{"@type":"ImageObject","inLanguage":"es","@id":"https:\/\/networks.imdea.org\/es\/rome-hosts-ieee-icc-2023-a-leading-conference-in-the-field-of-telecommunications\/#primaryimage","url":"https:\/\/networks.imdea.org\/wp-content\/uploads\/2023\/06\/media-file-icc-2023-scaled.jpg","contentUrl":"https:\/\/networks.imdea.org\/wp-content\/uploads\/2023\/06\/media-file-icc-2023-scaled.jpg","width":2560,"height":1920},{"@type":"BreadcrumbList","@id":"https:\/\/networks.imdea.org\/es\/rome-hosts-ieee-icc-2023-a-leading-conference-in-the-field-of-telecommunications\/#breadcrumb","itemListElement":[{"@type":"ListItem","position":1,"name":"Home","item":"https:\/\/networks.imdea.org\/es\/"},{"@type":"ListItem","position":2,"name":"Rome hosts IEEE ICC 2023, a leading conference in the field of telecommunications"}]},{"@type":"WebSite","@id":"https:\/\/networks.imdea.org\/es\/#website","url":"https:\/\/networks.imdea.org\/es\/","name":"IMDEA Networks","description":"IMDEA Networks Multisite","potentialAction":[{"@type":"SearchAction","target":{"@type":"EntryPoint","urlTemplate":"https:\/\/networks.imdea.org\/es\/?s={search_term_string}"},"query-input":{"@type":"PropertyValueSpecification","valueRequired":true,"valueName":"search_term_string"}}],"inLanguage":"es"},{"@type":"Person","@id":"https:\/\/networks.imdea.org\/#\/schema\/person\/1dbef87c79bf3d3657cbd4cc6c129e74","name":"Marta Dorado","image":{"@type":"ImageObject","inLanguage":"es","@id":"https:\/\/secure.gravatar.com\/avatar\/a6b289793dc91627659ec2e23425956502b6bd683dce1548a16e9ea0d40fecfb?s=96&d=mm&r=g","url":"https:\/\/secure.gravatar.com\/avatar\/a6b289793dc91627659ec2e23425956502b6bd683dce1548a16e9ea0d40fecfb?s=96&d=mm&r=g","contentUrl":"https:\/\/secure.gravatar.com\/avatar\/a6b289793dc91627659ec2e23425956502b6bd683dce1548a16e9ea0d40fecfb?s=96&d=mm&r=g","caption":"Marta Dorado"},"url":"https:\/\/networks.imdea.org\/es\/author\/marta-doradoimdea-org\/"}]}},"_links":{"self":[{"href":"https:\/\/networks.imdea.org\/es\/wp-json\/wp\/v2\/posts\/26213","targetHints":{"allow":["GET"]}}],"collection":[{"href":"https:\/\/networks.imdea.org\/es\/wp-json\/wp\/v2\/posts"}],"about":[{"href":"https:\/\/networks.imdea.org\/es\/wp-json\/wp\/v2\/types\/post"}],"author":[{"embeddable":true,"href":"https:\/\/networks.imdea.org\/es\/wp-json\/wp\/v2\/users\/145"}],"replies":[{"embeddable":true,"href":"https:\/\/networks.imdea.org\/es\/wp-json\/wp\/v2\/comments?post=26213"}],"version-history":[{"count":5,"href":"https:\/\/networks.imdea.org\/es\/wp-json\/wp\/v2\/posts\/26213\/revisions"}],"predecessor-version":[{"id":26222,"href":"https:\/\/networks.imdea.org\/es\/wp-json\/wp\/v2\/posts\/26213\/revisions\/26222"}],"wp:featuredmedia":[{"embeddable":true,"href":"https:\/\/networks.imdea.org\/es\/wp-json\/wp\/v2\/media\/26215"}],"wp:attachment":[{"href":"https:\/\/networks.imdea.org\/es\/wp-json\/wp\/v2\/media?parent=26213"}],"wp:term":[{"taxonomy":"category","embeddable":true,"href":"https:\/\/networks.imdea.org\/es\/wp-json\/wp\/v2\/categories?post=26213"},{"taxonomy":"post_tag","embeddable":true,"href":"https:\/\/networks.imdea.org\/es\/wp-json\/wp\/v2\/tags?post=26213"}],"curies":[{"name":"wp","href":"https:\/\/api.w.org\/{rel}","templated":true}]}}