{"id":24663,"date":"2022-01-20T10:37:32","date_gmt":"2022-01-20T09:37:32","guid":{"rendered":"https:\/\/networks.imdea.org\/?p=24663"},"modified":"2022-01-20T11:05:48","modified_gmt":"2022-01-20T10:05:48","slug":"a-new-digital-gap-in-internet-usage-between-rich-and-poor-people-has-been-detected","status":"publish","type":"post","link":"https:\/\/networks.imdea.org\/es\/evidencian-una-nueva-brecha-digital-en-la-utilizacion-de-internet-entre-ricos-y-pobres\/","title":{"rendered":"Evidencian una nueva brecha digital en la utilizaci\u00f3n de Internet entre ricos y pobres"},"content":{"rendered":"<p><strong>En los barrios pobres se suelen utilizar m\u00e1s las redes sociales que en los ricos<\/strong>, mientras que en estos \u00faltimos se tiende a consumir m\u00e1s informaci\u00f3n en medios de comunicaci\u00f3n tradicionales online. Esta es una de las conclusiones de un estudio cient\u00edfico que analiza la relaci\u00f3n entre la utilizaci\u00f3n de Internet y variables como la educaci\u00f3n, la renta o la desigualdad en una zona, realizado por investigadores de la Universidad Carlos III de Madrid (<a href=\"https:\/\/www.uc3m.es\/Home\" target=\"_blank\" rel=\"noopener\">UC3M<\/a>), el Instituto <strong>IMDEA Networks<\/strong> y Orange Innovation.<\/p>\n<p>La brecha digital en relaci\u00f3n al acceso a la tecnolog\u00eda e Internet es muy peque\u00f1a en los pa\u00edses desarrollados, dado que pr\u00e1cticamente todo el mundo tiene un <em>smartphone<\/em>. Cuando esta primera brecha se reduce, aparece la denominada \u201c<strong>brecha de uso<\/strong>\u201d, como la denominan estos investigadores, que representa c\u00f3mo diversas clases sociales, por su estatus socioecon\u00f3mico tienen distintos comportamientos y, por tanto, usan Internet de manera diferente.<\/p>\n<p>En general, \u201c<strong>un mayor consumo de noticias en medios de comunicaci\u00f3n tradicionales <em>online <\/em>est\u00e1 asociado con un mayor poder adquisitivo y mayor nivel de estudios<\/strong>. En el otro lado del espectro, un mayor consumo de Facebook est\u00e1 asociado a un menor poder adquisitivo y menor nivel de estudios\u201d, se\u00f1ala uno de los autores del estudio, I\u00f1aki \u00dacar, investigador del Instituto UC3M-Santander de Big Data.<\/p>\n<p>Los investigadores apuntan algunas de las consecuencias posibles de esta diferencia de uso: \u201cDado que plataformas como YouTube o redes sociales como Facebook han sido utilizadas para propagar desinformaci\u00f3n y que el uso relativo de esas plataformas es mayor en zonas con una poblaci\u00f3n con menor nivel educativo y menos ingresos, es probable que el efecto de esa desinformaci\u00f3n haya afectado m\u00e1s a esas zonas\u201d, explica Esteban Moro, del Dpto. de Matem\u00e1ticas de la UC3M.<\/p>\n<p>El trabajo, publicado recientemente en el <em>Journal of The Royal Society Interface<\/em>, <strong>utiliza datos agregados an\u00f3nimos de telefon\u00eda en Francia<\/strong> para predecir variables censables. Dada la globalizaci\u00f3n, los investigadores creen que estos resultados ser\u00edan extrapolables a pa\u00edses de similar cultura y riqueza, como los pa\u00edses del entorno europeo y norteamericano.<\/p>\n<p>La brecha digital de uso que han detectado resulta especialmente grande para determinadas clases espec\u00edficas de servicios, como las redes sociales, el <em>streaming<\/em> de audio y v\u00eddeo, el correo electr\u00f3nico y el consumo de contenidos de noticias. \u201cSe trata de un resultado bastante sorprendente, sobre todo si tenemos en cuenta que <strong>el an\u00e1lisis se ha realizado en decenas de ciudades de un pa\u00eds europeo desarrollado<\/strong>, donde cabr\u00eda suponer que las brechas digitales se han cerrado gracias a la disponibilidad omnipresente del acceso a la banda ancha m\u00f3vil\u201d, indica otro de los autores del estudio, <a href=\"https:\/\/networks.imdea.org\/es\/equipo\/equipo-imdea-networks\/personas\/marco-fiore\/\" target=\"_blank\" rel=\"noopener\">Marco Fiore<\/a>, investigador del Instituto IMDEA Networks.<\/p>\n<p>En este estudio, estos cient\u00edficos han demostrado por primera vez de forma cuantitativa y a gran escala la validez de las hip\u00f3tesis sobre la heterogeneidad del uso de los servicios m\u00f3viles por parte de los distintos grupos socioecon\u00f3micos. \u201cAntes de nuestro estudio, estas hip\u00f3tesis s\u00f3lo se hab\u00edan validado con estudios cualitativos sobre peque\u00f1os grupos de individuos. Demostrar que <strong>el fen\u00f3meno es v\u00e1lido para cientos de miles de usuarios es un importante paso adelante<\/strong>\u201d, concluye Esteban Moro.<\/p>\n<div style=\"min-height: 30px;\"><a target=\"_blank\" rel=\"noindex,nofollow\" href=\"https:\/\/networks.imdea.org\/es\/evidencian-una-nueva-brecha-digital-en-la-utilizacion-de-internet-entre-ricos-y-pobres\/?format=pdf\" title=\"Download PDF\"><img decoding=\"async\" style=\"float: left;max-width: 50px;\" alt=\"Download PDF\" src=\"https:\/\/networks.imdea.org\/wp-content\/plugins\/wp-advanced-pdf\/asset\/images\/pdf.png\"><\/a><\/div>","protected":false},"excerpt":{"rendered":"En los barrios pobres se suelen utilizar m\u00e1s las redes sociales que en los ricos, mientras que en estos \u00faltimos se tiende a consumir m\u00e1s informaci\u00f3n en medios de comunicaci\u00f3n tradicionales online. Esta es una de las conclusiones de un estudio cient\u00edfico que analiza la relaci\u00f3n entre la utilizaci\u00f3n de Internet y variables como la&#8230;","protected":false},"author":145,"featured_media":24666,"comment_status":"open","ping_status":"closed","sticky":false,"template":"","format":"standard","meta":{"_acf_changed":false,"footnotes":""},"categories":[1,1187],"tags":[462,464,473,465,475,490,496,486,467],"class_list":["post-24663","post","type-post","status-publish","format-standard","has-post-thumbnail","hentry","category-sin-categoria","category-press-release","tag-big-data","tag-imdea-networks","tag-innovation","tag-internet","tag-mobile-devices","tag-mobile-internet-traffic","tag-network-measurements","tag-social-networks","tag-uc3m"],"acf":[],"yoast_head":"<!-- This site is optimized with the Yoast SEO plugin v27.4 - https:\/\/yoast.com\/product\/yoast-seo-wordpress\/ -->\n<title>Evidencian una nueva brecha digital en la utilizaci\u00f3n de Internet entre ricos y pobres - IMDEA Networks<\/title>\n<meta name=\"robots\" content=\"index, follow, max-snippet:-1, max-image-preview:large, max-video-preview:-1\" \/>\n<link rel=\"canonical\" href=\"https:\/\/networks.imdea.org\/es\/a-new-digital-gap-in-internet-usage-between-rich-and-poor-people-has-been-detected\/\" \/>\n<meta property=\"og:locale\" content=\"es_ES\" \/>\n<meta property=\"og:type\" content=\"article\" \/>\n<meta property=\"og:title\" content=\"Evidencian una nueva brecha digital en la utilizaci\u00f3n de Internet entre ricos y pobres - IMDEA Networks\" \/>\n<meta property=\"og:description\" content=\"En los barrios pobres se suelen utilizar m\u00e1s las redes sociales que en los ricos, mientras que en estos \u00faltimos se tiende a consumir m\u00e1s informaci\u00f3n en medios de comunicaci\u00f3n tradicionales online. Esta es una de las conclusiones de un estudio cient\u00edfico que analiza la relaci\u00f3n entre la utilizaci\u00f3n de Internet y variables como la...\" \/>\n<meta property=\"og:url\" content=\"https:\/\/networks.imdea.org\/es\/a-new-digital-gap-in-internet-usage-between-rich-and-poor-people-has-been-detected\/\" \/>\n<meta property=\"og:site_name\" content=\"IMDEA Networks\" \/>\n<meta property=\"article:published_time\" content=\"2022-01-20T09:37:32+00:00\" \/>\n<meta property=\"article:modified_time\" content=\"2022-01-20T10:05:48+00:00\" \/>\n<meta property=\"og:image\" content=\"https:\/\/networks.imdea.org\/wp-content\/uploads\/2022\/01\/media-file-person-using-social-networks.png\" \/>\n\t<meta property=\"og:image:width\" content=\"1920\" \/>\n\t<meta property=\"og:image:height\" content=\"1080\" \/>\n\t<meta property=\"og:image:type\" content=\"image\/png\" \/>\n<meta name=\"author\" content=\"Marta Dorado\" \/>\n<meta name=\"twitter:card\" content=\"summary_large_image\" \/>\n<meta name=\"twitter:label1\" content=\"Escrito por\" \/>\n\t<meta name=\"twitter:data1\" content=\"Marta Dorado\" \/>\n\t<meta name=\"twitter:label2\" content=\"Tiempo de lectura\" \/>\n\t<meta name=\"twitter:data2\" content=\"3 minutos\" \/>\n<script type=\"application\/ld+json\" class=\"yoast-schema-graph\">{\"@context\":\"https:\\\/\\\/schema.org\",\"@graph\":[{\"@type\":\"Article\",\"@id\":\"https:\\\/\\\/networks.imdea.org\\\/a-new-digital-gap-in-internet-usage-between-rich-and-poor-people-has-been-detected\\\/#article\",\"isPartOf\":{\"@id\":\"https:\\\/\\\/networks.imdea.org\\\/a-new-digital-gap-in-internet-usage-between-rich-and-poor-people-has-been-detected\\\/\"},\"author\":{\"name\":\"Marta Dorado\",\"@id\":\"https:\\\/\\\/networks.imdea.org\\\/#\\\/schema\\\/person\\\/1dbef87c79bf3d3657cbd4cc6c129e74\"},\"headline\":\"Evidencian una nueva brecha digital en la utilizaci\u00f3n de Internet entre ricos y pobres\",\"datePublished\":\"2022-01-20T09:37:32+00:00\",\"dateModified\":\"2022-01-20T10:05:48+00:00\",\"mainEntityOfPage\":{\"@id\":\"https:\\\/\\\/networks.imdea.org\\\/a-new-digital-gap-in-internet-usage-between-rich-and-poor-people-has-been-detected\\\/\"},\"wordCount\":1074,\"commentCount\":0,\"image\":{\"@id\":\"https:\\\/\\\/networks.imdea.org\\\/a-new-digital-gap-in-internet-usage-between-rich-and-poor-people-has-been-detected\\\/#primaryimage\"},\"thumbnailUrl\":\"https:\\\/\\\/networks.imdea.org\\\/wp-content\\\/uploads\\\/2022\\\/01\\\/media-file-person-using-social-networks.png\",\"keywords\":[\"Big Data\",\"IMDEA Networks\",\"Innovation\",\"Internet\",\"Mobile devices\",\"Mobile internet traffic\",\"Network measurements\",\"Social networks\",\"UC3M\"],\"articleSection\":[\"Noticias\",\"Press release\"],\"inLanguage\":\"es\",\"potentialAction\":[{\"@type\":\"CommentAction\",\"name\":\"Comment\",\"target\":[\"https:\\\/\\\/networks.imdea.org\\\/a-new-digital-gap-in-internet-usage-between-rich-and-poor-people-has-been-detected\\\/#respond\"]}]},{\"@type\":\"WebPage\",\"@id\":\"https:\\\/\\\/networks.imdea.org\\\/es\\\/a-new-digital-gap-in-internet-usage-between-rich-and-poor-people-has-been-detected\\\/\",\"url\":\"https:\\\/\\\/networks.imdea.org\\\/es\\\/a-new-digital-gap-in-internet-usage-between-rich-and-poor-people-has-been-detected\\\/\",\"name\":\"Evidencian una nueva brecha digital en la utilizaci\u00f3n de Internet entre ricos y pobres - IMDEA Networks\",\"isPartOf\":{\"@id\":\"https:\\\/\\\/networks.imdea.org\\\/es\\\/#website\"},\"primaryImageOfPage\":{\"@id\":\"https:\\\/\\\/networks.imdea.org\\\/es\\\/a-new-digital-gap-in-internet-usage-between-rich-and-poor-people-has-been-detected\\\/#primaryimage\"},\"image\":{\"@id\":\"https:\\\/\\\/networks.imdea.org\\\/a-new-digital-gap-in-internet-usage-between-rich-and-poor-people-has-been-detected\\\/#primaryimage\"},\"thumbnailUrl\":\"https:\\\/\\\/networks.imdea.org\\\/wp-content\\\/uploads\\\/2022\\\/01\\\/media-file-person-using-social-networks.png\",\"datePublished\":\"2022-01-20T09:37:32+00:00\",\"dateModified\":\"2022-01-20T10:05:48+00:00\",\"author\":{\"@id\":\"https:\\\/\\\/networks.imdea.org\\\/#\\\/schema\\\/person\\\/1dbef87c79bf3d3657cbd4cc6c129e74\"},\"breadcrumb\":{\"@id\":\"https:\\\/\\\/networks.imdea.org\\\/es\\\/a-new-digital-gap-in-internet-usage-between-rich-and-poor-people-has-been-detected\\\/#breadcrumb\"},\"inLanguage\":\"es\",\"potentialAction\":[{\"@type\":\"ReadAction\",\"target\":[[\"https:\\\/\\\/networks.imdea.org\\\/es\\\/a-new-digital-gap-in-internet-usage-between-rich-and-poor-people-has-been-detected\\\/\"]]}]},{\"@type\":\"ImageObject\",\"inLanguage\":\"es\",\"@id\":\"https:\\\/\\\/networks.imdea.org\\\/es\\\/a-new-digital-gap-in-internet-usage-between-rich-and-poor-people-has-been-detected\\\/#primaryimage\",\"url\":\"https:\\\/\\\/networks.imdea.org\\\/wp-content\\\/uploads\\\/2022\\\/01\\\/media-file-person-using-social-networks.png\",\"contentUrl\":\"https:\\\/\\\/networks.imdea.org\\\/wp-content\\\/uploads\\\/2022\\\/01\\\/media-file-person-using-social-networks.png\",\"width\":1920,\"height\":1080},{\"@type\":\"BreadcrumbList\",\"@id\":\"https:\\\/\\\/networks.imdea.org\\\/es\\\/a-new-digital-gap-in-internet-usage-between-rich-and-poor-people-has-been-detected\\\/#breadcrumb\",\"itemListElement\":[{\"@type\":\"ListItem\",\"position\":1,\"name\":\"Home\",\"item\":\"https:\\\/\\\/networks.imdea.org\\\/es\\\/\"},{\"@type\":\"ListItem\",\"position\":2,\"name\":\"A new digital gap in internet usage between rich and poor people has been detected\"}]},{\"@type\":\"WebSite\",\"@id\":\"https:\\\/\\\/networks.imdea.org\\\/es\\\/#website\",\"url\":\"https:\\\/\\\/networks.imdea.org\\\/es\\\/\",\"name\":\"IMDEA Networks\",\"description\":\"IMDEA Networks Multisite\",\"potentialAction\":[{\"@type\":\"SearchAction\",\"target\":{\"@type\":\"EntryPoint\",\"urlTemplate\":\"https:\\\/\\\/networks.imdea.org\\\/es\\\/?s={search_term_string}\"},\"query-input\":{\"@type\":\"PropertyValueSpecification\",\"valueRequired\":true,\"valueName\":\"search_term_string\"}}],\"inLanguage\":\"es\"},{\"@type\":\"Person\",\"@id\":\"https:\\\/\\\/networks.imdea.org\\\/#\\\/schema\\\/person\\\/1dbef87c79bf3d3657cbd4cc6c129e74\",\"name\":\"Marta Dorado\",\"image\":{\"@type\":\"ImageObject\",\"inLanguage\":\"es\",\"@id\":\"https:\\\/\\\/secure.gravatar.com\\\/avatar\\\/a6b289793dc91627659ec2e23425956502b6bd683dce1548a16e9ea0d40fecfb?s=96&d=mm&r=g\",\"url\":\"https:\\\/\\\/secure.gravatar.com\\\/avatar\\\/a6b289793dc91627659ec2e23425956502b6bd683dce1548a16e9ea0d40fecfb?s=96&d=mm&r=g\",\"contentUrl\":\"https:\\\/\\\/secure.gravatar.com\\\/avatar\\\/a6b289793dc91627659ec2e23425956502b6bd683dce1548a16e9ea0d40fecfb?s=96&d=mm&r=g\",\"caption\":\"Marta Dorado\"},\"url\":\"https:\\\/\\\/networks.imdea.org\\\/es\\\/author\\\/marta-doradoimdea-org\\\/\"}]}<\/script>\n<!-- \/ Yoast SEO plugin. -->","yoast_head_json":{"title":"Evidencian una nueva brecha digital en la utilizaci\u00f3n de Internet entre ricos y pobres - IMDEA Networks","robots":{"index":"index","follow":"follow","max-snippet":"max-snippet:-1","max-image-preview":"max-image-preview:large","max-video-preview":"max-video-preview:-1"},"canonical":"https:\/\/networks.imdea.org\/es\/a-new-digital-gap-in-internet-usage-between-rich-and-poor-people-has-been-detected\/","og_locale":"es_ES","og_type":"article","og_title":"Evidencian una nueva brecha digital en la utilizaci\u00f3n de Internet entre ricos y pobres - IMDEA Networks","og_description":"En los barrios pobres se suelen utilizar m\u00e1s las redes sociales que en los ricos, mientras que en estos \u00faltimos se tiende a consumir m\u00e1s informaci\u00f3n en medios de comunicaci\u00f3n tradicionales online. Esta es una de las conclusiones de un estudio cient\u00edfico que analiza la relaci\u00f3n entre la utilizaci\u00f3n de Internet y variables como la...","og_url":"https:\/\/networks.imdea.org\/es\/a-new-digital-gap-in-internet-usage-between-rich-and-poor-people-has-been-detected\/","og_site_name":"IMDEA Networks","article_published_time":"2022-01-20T09:37:32+00:00","article_modified_time":"2022-01-20T10:05:48+00:00","og_image":[{"width":1920,"height":1080,"url":"https:\/\/networks.imdea.org\/wp-content\/uploads\/2022\/01\/media-file-person-using-social-networks.png","type":"image\/png"}],"author":"Marta Dorado","twitter_card":"summary_large_image","twitter_misc":{"Escrito por":"Marta Dorado","Tiempo de lectura":"3 minutos"},"schema":{"@context":"https:\/\/schema.org","@graph":[{"@type":"Article","@id":"https:\/\/networks.imdea.org\/a-new-digital-gap-in-internet-usage-between-rich-and-poor-people-has-been-detected\/#article","isPartOf":{"@id":"https:\/\/networks.imdea.org\/a-new-digital-gap-in-internet-usage-between-rich-and-poor-people-has-been-detected\/"},"author":{"name":"Marta Dorado","@id":"https:\/\/networks.imdea.org\/#\/schema\/person\/1dbef87c79bf3d3657cbd4cc6c129e74"},"headline":"Evidencian una nueva brecha digital en la utilizaci\u00f3n de Internet entre ricos y pobres","datePublished":"2022-01-20T09:37:32+00:00","dateModified":"2022-01-20T10:05:48+00:00","mainEntityOfPage":{"@id":"https:\/\/networks.imdea.org\/a-new-digital-gap-in-internet-usage-between-rich-and-poor-people-has-been-detected\/"},"wordCount":1074,"commentCount":0,"image":{"@id":"https:\/\/networks.imdea.org\/a-new-digital-gap-in-internet-usage-between-rich-and-poor-people-has-been-detected\/#primaryimage"},"thumbnailUrl":"https:\/\/networks.imdea.org\/wp-content\/uploads\/2022\/01\/media-file-person-using-social-networks.png","keywords":["Big Data","IMDEA Networks","Innovation","Internet","Mobile devices","Mobile internet traffic","Network measurements","Social networks","UC3M"],"articleSection":["Noticias","Press release"],"inLanguage":"es","potentialAction":[{"@type":"CommentAction","name":"Comment","target":["https:\/\/networks.imdea.org\/a-new-digital-gap-in-internet-usage-between-rich-and-poor-people-has-been-detected\/#respond"]}]},{"@type":"WebPage","@id":"https:\/\/networks.imdea.org\/es\/a-new-digital-gap-in-internet-usage-between-rich-and-poor-people-has-been-detected\/","url":"https:\/\/networks.imdea.org\/es\/a-new-digital-gap-in-internet-usage-between-rich-and-poor-people-has-been-detected\/","name":"Evidencian una nueva brecha digital en la utilizaci\u00f3n de Internet entre ricos y pobres - IMDEA Networks","isPartOf":{"@id":"https:\/\/networks.imdea.org\/es\/#website"},"primaryImageOfPage":{"@id":"https:\/\/networks.imdea.org\/es\/a-new-digital-gap-in-internet-usage-between-rich-and-poor-people-has-been-detected\/#primaryimage"},"image":{"@id":"https:\/\/networks.imdea.org\/a-new-digital-gap-in-internet-usage-between-rich-and-poor-people-has-been-detected\/#primaryimage"},"thumbnailUrl":"https:\/\/networks.imdea.org\/wp-content\/uploads\/2022\/01\/media-file-person-using-social-networks.png","datePublished":"2022-01-20T09:37:32+00:00","dateModified":"2022-01-20T10:05:48+00:00","author":{"@id":"https:\/\/networks.imdea.org\/#\/schema\/person\/1dbef87c79bf3d3657cbd4cc6c129e74"},"breadcrumb":{"@id":"https:\/\/networks.imdea.org\/es\/a-new-digital-gap-in-internet-usage-between-rich-and-poor-people-has-been-detected\/#breadcrumb"},"inLanguage":"es","potentialAction":[{"@type":"ReadAction","target":[["https:\/\/networks.imdea.org\/es\/a-new-digital-gap-in-internet-usage-between-rich-and-poor-people-has-been-detected\/"]]}]},{"@type":"ImageObject","inLanguage":"es","@id":"https:\/\/networks.imdea.org\/es\/a-new-digital-gap-in-internet-usage-between-rich-and-poor-people-has-been-detected\/#primaryimage","url":"https:\/\/networks.imdea.org\/wp-content\/uploads\/2022\/01\/media-file-person-using-social-networks.png","contentUrl":"https:\/\/networks.imdea.org\/wp-content\/uploads\/2022\/01\/media-file-person-using-social-networks.png","width":1920,"height":1080},{"@type":"BreadcrumbList","@id":"https:\/\/networks.imdea.org\/es\/a-new-digital-gap-in-internet-usage-between-rich-and-poor-people-has-been-detected\/#breadcrumb","itemListElement":[{"@type":"ListItem","position":1,"name":"Home","item":"https:\/\/networks.imdea.org\/es\/"},{"@type":"ListItem","position":2,"name":"A new digital gap in internet usage between rich and poor people has been detected"}]},{"@type":"WebSite","@id":"https:\/\/networks.imdea.org\/es\/#website","url":"https:\/\/networks.imdea.org\/es\/","name":"IMDEA Networks","description":"IMDEA Networks Multisite","potentialAction":[{"@type":"SearchAction","target":{"@type":"EntryPoint","urlTemplate":"https:\/\/networks.imdea.org\/es\/?s={search_term_string}"},"query-input":{"@type":"PropertyValueSpecification","valueRequired":true,"valueName":"search_term_string"}}],"inLanguage":"es"},{"@type":"Person","@id":"https:\/\/networks.imdea.org\/#\/schema\/person\/1dbef87c79bf3d3657cbd4cc6c129e74","name":"Marta Dorado","image":{"@type":"ImageObject","inLanguage":"es","@id":"https:\/\/secure.gravatar.com\/avatar\/a6b289793dc91627659ec2e23425956502b6bd683dce1548a16e9ea0d40fecfb?s=96&d=mm&r=g","url":"https:\/\/secure.gravatar.com\/avatar\/a6b289793dc91627659ec2e23425956502b6bd683dce1548a16e9ea0d40fecfb?s=96&d=mm&r=g","contentUrl":"https:\/\/secure.gravatar.com\/avatar\/a6b289793dc91627659ec2e23425956502b6bd683dce1548a16e9ea0d40fecfb?s=96&d=mm&r=g","caption":"Marta Dorado"},"url":"https:\/\/networks.imdea.org\/es\/author\/marta-doradoimdea-org\/"}]}},"_links":{"self":[{"href":"https:\/\/networks.imdea.org\/es\/wp-json\/wp\/v2\/posts\/24663","targetHints":{"allow":["GET"]}}],"collection":[{"href":"https:\/\/networks.imdea.org\/es\/wp-json\/wp\/v2\/posts"}],"about":[{"href":"https:\/\/networks.imdea.org\/es\/wp-json\/wp\/v2\/types\/post"}],"author":[{"embeddable":true,"href":"https:\/\/networks.imdea.org\/es\/wp-json\/wp\/v2\/users\/145"}],"replies":[{"embeddable":true,"href":"https:\/\/networks.imdea.org\/es\/wp-json\/wp\/v2\/comments?post=24663"}],"version-history":[{"count":4,"href":"https:\/\/networks.imdea.org\/es\/wp-json\/wp\/v2\/posts\/24663\/revisions"}],"predecessor-version":[{"id":24668,"href":"https:\/\/networks.imdea.org\/es\/wp-json\/wp\/v2\/posts\/24663\/revisions\/24668"}],"wp:featuredmedia":[{"embeddable":true,"href":"https:\/\/networks.imdea.org\/es\/wp-json\/wp\/v2\/media\/24666"}],"wp:attachment":[{"href":"https:\/\/networks.imdea.org\/es\/wp-json\/wp\/v2\/media?parent=24663"}],"wp:term":[{"taxonomy":"category","embeddable":true,"href":"https:\/\/networks.imdea.org\/es\/wp-json\/wp\/v2\/categories?post=24663"},{"taxonomy":"post_tag","embeddable":true,"href":"https:\/\/networks.imdea.org\/es\/wp-json\/wp\/v2\/tags?post=24663"}],"curies":[{"name":"wp","href":"https:\/\/api.w.org\/{rel}","templated":true}]}}