{"id":12988,"date":"2020-06-19T14:04:33","date_gmt":"2020-06-19T12:04:33","guid":{"rendered":"https:\/\/networks.imdea.org\/?p=12988"},"modified":"2020-10-21T13:07:57","modified_gmt":"2020-10-21T11:07:57","slug":"5g-the-key-driver-of-digital-transformation","status":"publish","type":"post","link":"https:\/\/networks.imdea.org\/es\/el-5g-vector-fundamental-de-la-transformacion-digital\/","title":{"rendered":"El 5G, vector fundamental de la transformaci\u00f3n digital"},"content":{"rendered":"<p><strong>El director del Instituto IMDEA Networks y catedr\u00e1tico de la UC3M Arturo Azcorra ha sido entrevistado por el\u00a0<a href=\"https:\/\/www.rtve.es\/alacarta\/audios\/50\/50-ni-pandemia-frena-5g-16-06-20\/5598820\/\" target=\"_blank\" rel=\"noopener noreferrer\">programa \u20185.0\u2019 Radio 5<\/a>, dirigido y presentado por Manuel Mart\u00ednez, acerca de la situaci\u00f3n actual del 5G. Esta semana, adem\u00e1s, el tambi\u00e9n vicepresidente de 5TONIC ha hablado en los medios de sus beneficios para reconstruir la econom\u00eda.<\/strong><\/p>\n<p>Azcorra comenz\u00f3 la entrevista en \u20185.0\u2019 destacando la importancia de la red de siete Institutos IMDEA de la Comunidad de Madrid, como centros de investigaci\u00f3n para potenciar \u00e1reas estrat\u00e9gicas para la econom\u00eda y sociedad. En el caso de IMDEA Networks, mencion\u00f3 su avanzado nivel en el \u201ctrabajo en redes de datos, con un equipo totalmente internacional (hasta 37 nacionalidades registradas), seg\u00fan los m\u00e1s altos est\u00e1ndares de trabajo en nuestra \u00e1rea cient\u00edfica\u201d.<\/p>\n<p>El director de IMDEA Networks se\u00f1al\u00f3 la condici\u00f3n de liderazgo europeo en el desarrollo de 5G, adem\u00e1s del desempe\u00f1o del consorcio 5TONIC, del que es vicepresidente y en el que participan compa\u00f1\u00edas como Telef\u00f3nica, Ericsson o Intel: \u201cUn grupo de empresas y entidades de investigaci\u00f3n que cubre casi todos los aspectos de 5G, una tecnolog\u00eda muy compleja, incluso para empresas enormes\u201d.<\/p>\n<p>En cuanto a la incidencia de la\u00a0COVID-19 en la implantaci\u00f3n de 5G, subray\u00f3 c\u00f3mo \u201cha supuesto un ligero retraso, global y a corto plazo, pero lo que est\u00e1 haciendo es manifestar la necesidad de profundizar en la transformaci\u00f3n digital. Las sociedades que profundizan en ella son mucho m\u00e1s robustas, m\u00e1s eficientes y productivas, y 5G es fundamental en este entorno\u201d. Un proceso ante el que, se se\u00f1al\u00f3 durante la entrevista, habr\u00e1 que afrontar los bulos relacionados con 5G y salud: \u201cProceden de intereses econ\u00f3micos de personas que ganan dinero enga\u00f1ando y mintiendo, con mensajes falsos y sensacionalistas, absurdos (\u2026) Llegar\u00e1 un momento en que se tenga que penalizar legalmente\u201d.<\/p>\n<p>En cuanto a la incidencia de la COVID-19 en la implantaci\u00f3n de 5G, subray\u00f3 c\u00f3mo \u201cha supuesto un ligero retraso, global y a corto plazo, pero lo que est\u00e1 haciendo es manifestar la necesidad de profundizar en la transformaci\u00f3n digital. Las sociedades que profundizan en ella son mucho m\u00e1s robustas, m\u00e1s eficientes y productivas, y 5G es fundamental en este entorno\u201d. Un proceso ante el que, se se\u00f1al\u00f3 durante la entrevista, habr\u00e1 que afrontar los bulos relacionados con 5G y salud: \u201cProceden de intereses econ\u00f3micos de personas que ganan dinero enga\u00f1ando y mintiendo, con mensajes falsos y sensacionalistas, absurdos (\u2026) Llegar\u00e1 un momento en que se tenga que penalizar legalmente\u201d. Y as\u00ed lo ha destacado en declaraciones a la\u00a0<a href=\"https:\/\/www.efe.com\/efe\/espana\/efeverifica\/la-ue-no-ha-confirmado-que-el-5g-sea-perjudicial-para-salud\/50001435-4273629\" target=\"_blank\" rel=\"noopener noreferrer\">agencia EFE<\/a>: \u201cLos efectos sobre la salud de las ondas de radio se vienen estudiando desde finales del siglo XIX, en particular en las inmediaciones de emisoras de radio y televisi\u00f3n, que emiten con una potencia mucho mayor que el 5G. M\u00faltiples emisoras llevan emitiendo durante d\u00e9cadas ondas con potencias de hasta 100.000 watios, sin que se hayan constatado efectos adversos. Los tel\u00e9fonos 5G emiten con potencias en torno a 0,5 watios, y las estaciones base 5G, en torno a 60 watios\u201d.<\/p>\n<p>Adem\u00e1s, Azcorra ha explicado que el 5G y la computaci\u00f3n en la red nos traer\u00e1n los futuros coches aut\u00f3nomos, los dispositivos de industria conectada, etc. \u201cTodos los dispositivos que requieren de una integraci\u00f3n de computaci\u00f3n y comunicaciones van a ser posibles con 5G. Es el gran cambio cualitativo\u201d, expone el catedr\u00e1tico. Seg\u00fan Azcorra, el 5G tiene ventajas pensadas para el entorno profesional (en el \u00e1mbito personal, los usuarios percibir\u00e1n un aumento del caudal, una mayor velocidad de navegaci\u00f3n), como en el caso de los sanitarios \u201cque estar\u00e1n mejor conectados\u201d (as\u00ed se ha demostrado con el novedoso sistema de emergencias 5G 100% autom\u00e1tico desarrollado por 5TONIC, SAMUR-PC y la Universidad Carlos III de Madrid-UC3M). El director de IMDEA Networks destac\u00f3, adem\u00e1s, aspectos como \u201clas demostraciones con UTEK de veh\u00edculos mar\u00edtimos sin piloto para vigilancia de fronteras, aplicaciones de turismo virtual con Ifema y Segitur y, a corto plazo, presencia en 3D y ferias virtuales\u201d.<\/p>\n<p>Esta semana, el laboratorio 5TONIC ha sido mencionado en medios de comunicaci\u00f3n como \u2018Econom\u00eda de hoy\u2019, la revista \u2018Byte\u2019, \u2018Ticpymes\u2019 e \u2018ITexpresso\u2019, por su impulso en la implantaci\u00f3n y desarrollo del 5G y su vocaci\u00f3n de apoyar e impulsar ideas innovadoras procedentes de \u2018start-ups\u2019 altamente tecnol\u00f3gicas, convirtiendo sus proyectos en soluciones reales para el mercado. As\u00ed lo ha destacado Arturo Azcorra en declaraciones a estos medios: \u201cNos encontramos ante una oportunidad que no podemos dejar pasar, el futuro de la econom\u00eda espa\u00f1ola pasa precisamente por la inversi\u00f3n en investigaci\u00f3n y tecnolog\u00eda, para despu\u00e9s convertir esa investigaci\u00f3n en actividad empresarial; y el 5G representa una apuesta segura en la creaci\u00f3n de servicios de valor a\u00f1adido en diversas industrias verticales\u201d.<\/p>","protected":false},"excerpt":{"rendered":"El director del Instituto IMDEA Networks y catedr\u00e1tico de la UC3M Arturo Azcorra ha sido entrevistado por el\u00a0programa \u20185.0\u2019 Radio 5, dirigido y presentado por Manuel Mart\u00ednez, acerca de la situaci\u00f3n actual del 5G. Esta semana, adem\u00e1s, el tambi\u00e9n vicepresidente de 5TONIC ha hablado en los medios de sus beneficios para reconstruir la econom\u00eda. Azcorra&#8230;","protected":false},"author":145,"featured_media":12989,"comment_status":"open","ping_status":"open","sticky":false,"template":"","format":"standard","meta":{"_acf_changed":false,"footnotes":""},"categories":[1],"tags":[468,469,464,473,465,470,474,475,467,472],"class_list":["post-12988","post","type-post","status-publish","format-standard","has-post-thumbnail","hentry","category-sin-categoria","tag-5g","tag-5tonic","tag-imdea-networks","tag-innovation","tag-internet","tag-internet-of-things-iot","tag-mobile-computing","tag-mobile-devices","tag-uc3m","tag-wireless-communications"],"acf":[],"yoast_head":"<!-- This site is optimized with the Yoast SEO plugin v27.4 - https:\/\/yoast.com\/product\/yoast-seo-wordpress\/ -->\n<title>El 5G, vector fundamental de la transformaci\u00f3n digital - IMDEA Networks<\/title>\n<meta name=\"robots\" content=\"index, follow, max-snippet:-1, max-image-preview:large, max-video-preview:-1\" \/>\n<link rel=\"canonical\" href=\"https:\/\/networks.imdea.org\/es\/el-5g-vector-fundamental-de-la-transformacion-digital\/\" \/>\n<meta property=\"og:locale\" content=\"es_ES\" \/>\n<meta property=\"og:type\" content=\"article\" \/>\n<meta property=\"og:title\" content=\"El 5G, vector fundamental de la transformaci\u00f3n digital - IMDEA Networks\" \/>\n<meta property=\"og:description\" content=\"El director del Instituto IMDEA Networks y catedr\u00e1tico de la UC3M Arturo Azcorra ha sido entrevistado por el\u00a0programa \u20185.0\u2019 Radio 5, dirigido y presentado por Manuel Mart\u00ednez, acerca de la situaci\u00f3n actual del 5G. Esta semana, adem\u00e1s, el tambi\u00e9n vicepresidente de 5TONIC ha hablado en los medios de sus beneficios para reconstruir la econom\u00eda. Azcorra...\" \/>\n<meta property=\"og:url\" content=\"https:\/\/networks.imdea.org\/es\/el-5g-vector-fundamental-de-la-transformacion-digital\/\" \/>\n<meta property=\"og:site_name\" content=\"IMDEA Networks\" \/>\n<meta property=\"article:published_time\" content=\"2020-06-19T12:04:33+00:00\" \/>\n<meta property=\"article:modified_time\" content=\"2020-10-21T11:07:57+00:00\" \/>\n<meta property=\"og:image\" content=\"https:\/\/networks.imdea.org\/wp-content\/uploads\/2020\/07\/5g-evolution.png\" \/>\n\t<meta property=\"og:image:width\" content=\"700\" \/>\n\t<meta property=\"og:image:height\" content=\"400\" \/>\n\t<meta property=\"og:image:type\" content=\"image\/png\" \/>\n<meta name=\"author\" content=\"Marta Dorado\" \/>\n<meta name=\"twitter:card\" content=\"summary_large_image\" \/>\n<meta name=\"twitter:label1\" content=\"Escrito por\" \/>\n\t<meta name=\"twitter:data1\" content=\"Marta Dorado\" \/>\n\t<meta name=\"twitter:label2\" content=\"Tiempo de lectura\" \/>\n\t<meta name=\"twitter:data2\" content=\"8 minutos\" \/>\n<script type=\"application\/ld+json\" class=\"yoast-schema-graph\">{\"@context\":\"https:\\\/\\\/schema.org\",\"@graph\":[{\"@type\":\"Article\",\"@id\":\"https:\\\/\\\/networks.imdea.org\\\/es\\\/el-5g-vector-fundamental-de-la-transformacion-digital\\\/#article\",\"isPartOf\":{\"@id\":\"https:\\\/\\\/networks.imdea.org\\\/es\\\/el-5g-vector-fundamental-de-la-transformacion-digital\\\/\"},\"author\":{\"name\":\"Marta Dorado\",\"@id\":\"https:\\\/\\\/networks.imdea.org\\\/#\\\/schema\\\/person\\\/1dbef87c79bf3d3657cbd4cc6c129e74\"},\"headline\":\"El 5G, vector fundamental de la transformaci\u00f3n digital\",\"datePublished\":\"2020-06-19T12:04:33+00:00\",\"dateModified\":\"2020-10-21T11:07:57+00:00\",\"mainEntityOfPage\":{\"@id\":\"https:\\\/\\\/networks.imdea.org\\\/es\\\/el-5g-vector-fundamental-de-la-transformacion-digital\\\/\"},\"wordCount\":1526,\"commentCount\":0,\"image\":{\"@id\":\"https:\\\/\\\/networks.imdea.org\\\/es\\\/el-5g-vector-fundamental-de-la-transformacion-digital\\\/#primaryimage\"},\"thumbnailUrl\":\"https:\\\/\\\/networks.imdea.org\\\/wp-content\\\/uploads\\\/2020\\\/07\\\/5g-evolution.png\",\"keywords\":[\"5G\",\"5TONIC\",\"IMDEA Networks\",\"Innovation\",\"Internet\",\"Internet of Things (IoT)\",\"Mobile computing\",\"Mobile devices\",\"UC3M\",\"Wireless communications\"],\"articleSection\":[\"Noticias\"],\"inLanguage\":\"es\",\"potentialAction\":[{\"@type\":\"CommentAction\",\"name\":\"Comment\",\"target\":[\"https:\\\/\\\/networks.imdea.org\\\/es\\\/el-5g-vector-fundamental-de-la-transformacion-digital\\\/#respond\"]}]},{\"@type\":\"WebPage\",\"@id\":\"https:\\\/\\\/networks.imdea.org\\\/es\\\/el-5g-vector-fundamental-de-la-transformacion-digital\\\/\",\"url\":\"https:\\\/\\\/networks.imdea.org\\\/es\\\/el-5g-vector-fundamental-de-la-transformacion-digital\\\/\",\"name\":\"El 5G, vector fundamental de la transformaci\u00f3n digital - IMDEA Networks\",\"isPartOf\":{\"@id\":\"https:\\\/\\\/networks.imdea.org\\\/es\\\/#website\"},\"primaryImageOfPage\":{\"@id\":\"https:\\\/\\\/networks.imdea.org\\\/es\\\/el-5g-vector-fundamental-de-la-transformacion-digital\\\/#primaryimage\"},\"image\":{\"@id\":\"https:\\\/\\\/networks.imdea.org\\\/es\\\/el-5g-vector-fundamental-de-la-transformacion-digital\\\/#primaryimage\"},\"thumbnailUrl\":\"https:\\\/\\\/networks.imdea.org\\\/wp-content\\\/uploads\\\/2020\\\/07\\\/5g-evolution.png\",\"datePublished\":\"2020-06-19T12:04:33+00:00\",\"dateModified\":\"2020-10-21T11:07:57+00:00\",\"author\":{\"@id\":\"https:\\\/\\\/networks.imdea.org\\\/#\\\/schema\\\/person\\\/1dbef87c79bf3d3657cbd4cc6c129e74\"},\"breadcrumb\":{\"@id\":\"https:\\\/\\\/networks.imdea.org\\\/es\\\/el-5g-vector-fundamental-de-la-transformacion-digital\\\/#breadcrumb\"},\"inLanguage\":\"es\",\"potentialAction\":[{\"@type\":\"ReadAction\",\"target\":[[\"https:\\\/\\\/networks.imdea.org\\\/es\\\/el-5g-vector-fundamental-de-la-transformacion-digital\\\/\"]]}]},{\"@type\":\"ImageObject\",\"inLanguage\":\"es\",\"@id\":\"https:\\\/\\\/networks.imdea.org\\\/es\\\/el-5g-vector-fundamental-de-la-transformacion-digital\\\/#primaryimage\",\"url\":\"https:\\\/\\\/networks.imdea.org\\\/wp-content\\\/uploads\\\/2020\\\/07\\\/5g-evolution.png\",\"contentUrl\":\"https:\\\/\\\/networks.imdea.org\\\/wp-content\\\/uploads\\\/2020\\\/07\\\/5g-evolution.png\",\"width\":700,\"height\":400,\"caption\":\"5G evolution\"},{\"@type\":\"BreadcrumbList\",\"@id\":\"https:\\\/\\\/networks.imdea.org\\\/es\\\/el-5g-vector-fundamental-de-la-transformacion-digital\\\/#breadcrumb\",\"itemListElement\":[{\"@type\":\"ListItem\",\"position\":1,\"name\":\"Home\",\"item\":\"https:\\\/\\\/networks.imdea.org\\\/es\\\/\"},{\"@type\":\"ListItem\",\"position\":2,\"name\":\"El 5G, vector fundamental de la transformaci\u00f3n digital\"}]},{\"@type\":\"WebSite\",\"@id\":\"https:\\\/\\\/networks.imdea.org\\\/es\\\/#website\",\"url\":\"https:\\\/\\\/networks.imdea.org\\\/es\\\/\",\"name\":\"IMDEA Networks\",\"description\":\"IMDEA Networks Multisite\",\"potentialAction\":[{\"@type\":\"SearchAction\",\"target\":{\"@type\":\"EntryPoint\",\"urlTemplate\":\"https:\\\/\\\/networks.imdea.org\\\/es\\\/?s={search_term_string}\"},\"query-input\":{\"@type\":\"PropertyValueSpecification\",\"valueRequired\":true,\"valueName\":\"search_term_string\"}}],\"inLanguage\":\"es\"},{\"@type\":\"Person\",\"@id\":\"https:\\\/\\\/networks.imdea.org\\\/#\\\/schema\\\/person\\\/1dbef87c79bf3d3657cbd4cc6c129e74\",\"name\":\"Marta Dorado\",\"image\":{\"@type\":\"ImageObject\",\"inLanguage\":\"es\",\"@id\":\"https:\\\/\\\/secure.gravatar.com\\\/avatar\\\/a6b289793dc91627659ec2e23425956502b6bd683dce1548a16e9ea0d40fecfb?s=96&d=mm&r=g\",\"url\":\"https:\\\/\\\/secure.gravatar.com\\\/avatar\\\/a6b289793dc91627659ec2e23425956502b6bd683dce1548a16e9ea0d40fecfb?s=96&d=mm&r=g\",\"contentUrl\":\"https:\\\/\\\/secure.gravatar.com\\\/avatar\\\/a6b289793dc91627659ec2e23425956502b6bd683dce1548a16e9ea0d40fecfb?s=96&d=mm&r=g\",\"caption\":\"Marta Dorado\"},\"url\":\"https:\\\/\\\/networks.imdea.org\\\/es\\\/author\\\/marta-doradoimdea-org\\\/\"}]}<\/script>\n<!-- \/ Yoast SEO plugin. -->","yoast_head_json":{"title":"El 5G, vector fundamental de la transformaci\u00f3n digital - IMDEA Networks","robots":{"index":"index","follow":"follow","max-snippet":"max-snippet:-1","max-image-preview":"max-image-preview:large","max-video-preview":"max-video-preview:-1"},"canonical":"https:\/\/networks.imdea.org\/es\/el-5g-vector-fundamental-de-la-transformacion-digital\/","og_locale":"es_ES","og_type":"article","og_title":"El 5G, vector fundamental de la transformaci\u00f3n digital - IMDEA Networks","og_description":"El director del Instituto IMDEA Networks y catedr\u00e1tico de la UC3M Arturo Azcorra ha sido entrevistado por el\u00a0programa \u20185.0\u2019 Radio 5, dirigido y presentado por Manuel Mart\u00ednez, acerca de la situaci\u00f3n actual del 5G. Esta semana, adem\u00e1s, el tambi\u00e9n vicepresidente de 5TONIC ha hablado en los medios de sus beneficios para reconstruir la econom\u00eda. Azcorra...","og_url":"https:\/\/networks.imdea.org\/es\/el-5g-vector-fundamental-de-la-transformacion-digital\/","og_site_name":"IMDEA Networks","article_published_time":"2020-06-19T12:04:33+00:00","article_modified_time":"2020-10-21T11:07:57+00:00","og_image":[{"width":700,"height":400,"url":"https:\/\/networks.imdea.org\/wp-content\/uploads\/2020\/07\/5g-evolution.png","type":"image\/png"}],"author":"Marta Dorado","twitter_card":"summary_large_image","twitter_misc":{"Escrito por":"Marta Dorado","Tiempo de lectura":"8 minutos"},"schema":{"@context":"https:\/\/schema.org","@graph":[{"@type":"Article","@id":"https:\/\/networks.imdea.org\/es\/el-5g-vector-fundamental-de-la-transformacion-digital\/#article","isPartOf":{"@id":"https:\/\/networks.imdea.org\/es\/el-5g-vector-fundamental-de-la-transformacion-digital\/"},"author":{"name":"Marta Dorado","@id":"https:\/\/networks.imdea.org\/#\/schema\/person\/1dbef87c79bf3d3657cbd4cc6c129e74"},"headline":"El 5G, vector fundamental de la transformaci\u00f3n digital","datePublished":"2020-06-19T12:04:33+00:00","dateModified":"2020-10-21T11:07:57+00:00","mainEntityOfPage":{"@id":"https:\/\/networks.imdea.org\/es\/el-5g-vector-fundamental-de-la-transformacion-digital\/"},"wordCount":1526,"commentCount":0,"image":{"@id":"https:\/\/networks.imdea.org\/es\/el-5g-vector-fundamental-de-la-transformacion-digital\/#primaryimage"},"thumbnailUrl":"https:\/\/networks.imdea.org\/wp-content\/uploads\/2020\/07\/5g-evolution.png","keywords":["5G","5TONIC","IMDEA Networks","Innovation","Internet","Internet of Things (IoT)","Mobile computing","Mobile devices","UC3M","Wireless communications"],"articleSection":["Noticias"],"inLanguage":"es","potentialAction":[{"@type":"CommentAction","name":"Comment","target":["https:\/\/networks.imdea.org\/es\/el-5g-vector-fundamental-de-la-transformacion-digital\/#respond"]}]},{"@type":"WebPage","@id":"https:\/\/networks.imdea.org\/es\/el-5g-vector-fundamental-de-la-transformacion-digital\/","url":"https:\/\/networks.imdea.org\/es\/el-5g-vector-fundamental-de-la-transformacion-digital\/","name":"El 5G, vector fundamental de la transformaci\u00f3n digital - IMDEA Networks","isPartOf":{"@id":"https:\/\/networks.imdea.org\/es\/#website"},"primaryImageOfPage":{"@id":"https:\/\/networks.imdea.org\/es\/el-5g-vector-fundamental-de-la-transformacion-digital\/#primaryimage"},"image":{"@id":"https:\/\/networks.imdea.org\/es\/el-5g-vector-fundamental-de-la-transformacion-digital\/#primaryimage"},"thumbnailUrl":"https:\/\/networks.imdea.org\/wp-content\/uploads\/2020\/07\/5g-evolution.png","datePublished":"2020-06-19T12:04:33+00:00","dateModified":"2020-10-21T11:07:57+00:00","author":{"@id":"https:\/\/networks.imdea.org\/#\/schema\/person\/1dbef87c79bf3d3657cbd4cc6c129e74"},"breadcrumb":{"@id":"https:\/\/networks.imdea.org\/es\/el-5g-vector-fundamental-de-la-transformacion-digital\/#breadcrumb"},"inLanguage":"es","potentialAction":[{"@type":"ReadAction","target":[["https:\/\/networks.imdea.org\/es\/el-5g-vector-fundamental-de-la-transformacion-digital\/"]]}]},{"@type":"ImageObject","inLanguage":"es","@id":"https:\/\/networks.imdea.org\/es\/el-5g-vector-fundamental-de-la-transformacion-digital\/#primaryimage","url":"https:\/\/networks.imdea.org\/wp-content\/uploads\/2020\/07\/5g-evolution.png","contentUrl":"https:\/\/networks.imdea.org\/wp-content\/uploads\/2020\/07\/5g-evolution.png","width":700,"height":400,"caption":"5G evolution"},{"@type":"BreadcrumbList","@id":"https:\/\/networks.imdea.org\/es\/el-5g-vector-fundamental-de-la-transformacion-digital\/#breadcrumb","itemListElement":[{"@type":"ListItem","position":1,"name":"Home","item":"https:\/\/networks.imdea.org\/es\/"},{"@type":"ListItem","position":2,"name":"El 5G, vector fundamental de la transformaci\u00f3n digital"}]},{"@type":"WebSite","@id":"https:\/\/networks.imdea.org\/es\/#website","url":"https:\/\/networks.imdea.org\/es\/","name":"IMDEA Networks","description":"IMDEA Networks Multisite","potentialAction":[{"@type":"SearchAction","target":{"@type":"EntryPoint","urlTemplate":"https:\/\/networks.imdea.org\/es\/?s={search_term_string}"},"query-input":{"@type":"PropertyValueSpecification","valueRequired":true,"valueName":"search_term_string"}}],"inLanguage":"es"},{"@type":"Person","@id":"https:\/\/networks.imdea.org\/#\/schema\/person\/1dbef87c79bf3d3657cbd4cc6c129e74","name":"Marta Dorado","image":{"@type":"ImageObject","inLanguage":"es","@id":"https:\/\/secure.gravatar.com\/avatar\/a6b289793dc91627659ec2e23425956502b6bd683dce1548a16e9ea0d40fecfb?s=96&d=mm&r=g","url":"https:\/\/secure.gravatar.com\/avatar\/a6b289793dc91627659ec2e23425956502b6bd683dce1548a16e9ea0d40fecfb?s=96&d=mm&r=g","contentUrl":"https:\/\/secure.gravatar.com\/avatar\/a6b289793dc91627659ec2e23425956502b6bd683dce1548a16e9ea0d40fecfb?s=96&d=mm&r=g","caption":"Marta Dorado"},"url":"https:\/\/networks.imdea.org\/es\/author\/marta-doradoimdea-org\/"}]}},"_links":{"self":[{"href":"https:\/\/networks.imdea.org\/es\/wp-json\/wp\/v2\/posts\/12988","targetHints":{"allow":["GET"]}}],"collection":[{"href":"https:\/\/networks.imdea.org\/es\/wp-json\/wp\/v2\/posts"}],"about":[{"href":"https:\/\/networks.imdea.org\/es\/wp-json\/wp\/v2\/types\/post"}],"author":[{"embeddable":true,"href":"https:\/\/networks.imdea.org\/es\/wp-json\/wp\/v2\/users\/145"}],"replies":[{"embeddable":true,"href":"https:\/\/networks.imdea.org\/es\/wp-json\/wp\/v2\/comments?post=12988"}],"version-history":[{"count":1,"href":"https:\/\/networks.imdea.org\/es\/wp-json\/wp\/v2\/posts\/12988\/revisions"}],"predecessor-version":[{"id":12990,"href":"https:\/\/networks.imdea.org\/es\/wp-json\/wp\/v2\/posts\/12988\/revisions\/12990"}],"wp:featuredmedia":[{"embeddable":true,"href":"https:\/\/networks.imdea.org\/es\/wp-json\/wp\/v2\/media\/12989"}],"wp:attachment":[{"href":"https:\/\/networks.imdea.org\/es\/wp-json\/wp\/v2\/media?parent=12988"}],"wp:term":[{"taxonomy":"category","embeddable":true,"href":"https:\/\/networks.imdea.org\/es\/wp-json\/wp\/v2\/categories?post=12988"},{"taxonomy":"post_tag","embeddable":true,"href":"https:\/\/networks.imdea.org\/es\/wp-json\/wp\/v2\/tags?post=12988"}],"curies":[{"name":"wp","href":"https:\/\/api.w.org\/{rel}","templated":true}]}}