{"id":12985,"date":"2020-06-15T14:01:00","date_gmt":"2020-06-15T12:01:00","guid":{"rendered":"https:\/\/networks.imdea.org\/?p=12985"},"modified":"2020-10-21T13:07:57","modified_gmt":"2020-10-21T11:07:57","slug":"with-5g-companies-will-tend-to-virtualize","status":"publish","type":"post","link":"https:\/\/networks.imdea.org\/es\/con-el-5g-las-empresas-tenderan-a-virtualizarse\/","title":{"rendered":"\u201cCon el 5G las empresas tender\u00e1n a virtualizarse\u201d"},"content":{"rendered":"<p><strong>El director del Instituto IMDEA Networks y catedr\u00e1tico de la UC3M Arturo Azcorra ha sido entrevistado por la revista editada por INESE, acerca del presente y el futuro del 5G en Espa\u00f1a. Ha contado c\u00f3mo esta tecnolog\u00eda revolucionar\u00e1 las vidas de los ciudadanos y la variedad de ventajas que presenta.<\/strong><\/p>\n<p>Azcorra subraya que \u201cdisponemos actualmente de un despliegue limitado de la interfaz radio de 5G\u201d. Sin embargo, prev\u00e9 que \u201cel despliegue inicial de sistemas Stand-Alone, con las capacidades completas de 5G\u201d se produzca a finales de 2020. Seg\u00fan el catedr\u00e1tico, \u201clos principales clientes de 5G ser\u00e1n las empresas y los \u201cservicios profesionales, denominados \u2018verticales\u2019 en terminolog\u00eda de 5G, no los usuarios particulares\u201d.<\/p>\n<p>\u201cLa principal revoluci\u00f3n de 5G es la integraci\u00f3n de la computaci\u00f3n de forma distribuida en el interior de la Red\u201d, se\u00f1ala Azcorra. Esto es lo que se denomina Computaci\u00f3n en el Borde (Edge Computing). Para entender este concepto, Azcorra explica que \u201cdesde 1850, cuando se invent\u00f3 el tel\u00e9grafo el\u00e9ctrico, la red ha sido un elemento de transporte de informaci\u00f3n: se inyectaba informaci\u00f3n (datos, imagen, sonido, \u2026) en un extremo y llegaba al otro. Con el Edge Computing, la red se transforma en una f\u00e1brica de servicios telem\u00e1ticos para todos los sectores: fabricaci\u00f3n, transporte, sanidad, energ\u00eda, entretenimiento, etc.\u201d.<\/p>\n<p>En la actualidad, el objetivo de los usuarios no pasa por comunicarse con otro usuario al otro extremo de la red, sino comunicarse con la red en s\u00ed misma. A eso hay que a\u00f1adir que el Edge Computing permite un tiempo de respuesta cercano a 1 milisegundo, algo \u201cesencial para los sistemas ciber-f\u00edsicos, la realidad aumentada, los videojuegos y juegos de realidad virtual, y multitud de otras aplicaciones\u201d.<\/p>\n<p>Entre los beneficios que aportar\u00e1 esta tecnolog\u00eda a las empresas y sectores financieros, como en el caso del seguro, Azcorra explica que \u201ccontinuar\u00e1n su fuerte tendencia a virtualizarse, profundizar en la transformaci\u00f3n digital e incorporar t\u00e9cnicas de Big Data e Inteligencia Artificial\u201d.<\/p>\n<p>Para Azcorra, el 5G revolucionar\u00e1 la sociedad y la econom\u00eda permitiendo cosas que ahora nos parecen inimaginables como que \u201clos coches se conduzcan solos, c\u00e1maras con reconocimiento facial, f\u00e1bricas robotizadas, reparto mediante drones, museos virtuales, realidad aumentada, sanidad personalizada, emergencias autom\u00e1ticas\u201d.<\/p>\n<p>El director de IMDEA Networks tambi\u00e9n habl\u00f3 sobre la crisis sanitaria a la que nos estamos enfrentando por la pandemia de la COVID-19. En su opini\u00f3n, Espa\u00f1a \u201cest\u00e1 contribuyendo a una mejora de la transformaci\u00f3n digital, con un gran aumento de la teleconferencia, los procedimientos administrativos basados en servicios telem\u00e1ticos y el uso de la firma digital\u201d.<\/p>","protected":false},"excerpt":{"rendered":"El director del Instituto IMDEA Networks y catedr\u00e1tico de la UC3M Arturo Azcorra ha sido entrevistado por la revista editada por INESE, acerca del presente y el futuro del 5G en Espa\u00f1a. Ha contado c\u00f3mo esta tecnolog\u00eda revolucionar\u00e1 las vidas de los ciudadanos y la variedad de ventajas que presenta. Azcorra subraya que \u201cdisponemos actualmente&#8230;","protected":false},"author":145,"featured_media":12986,"comment_status":"open","ping_status":"open","sticky":false,"template":"","format":"standard","meta":{"_acf_changed":false,"footnotes":""},"categories":[1],"tags":[468,464,473,465,470,475,467,472],"class_list":["post-12985","post","type-post","status-publish","format-standard","has-post-thumbnail","hentry","category-sin-categoria","tag-5g","tag-imdea-networks","tag-innovation","tag-internet","tag-internet-of-things-iot","tag-mobile-devices","tag-uc3m","tag-wireless-communications"],"acf":[],"yoast_head":"<!-- This site is optimized with the Yoast SEO plugin v27.4 - https:\/\/yoast.com\/product\/yoast-seo-wordpress\/ -->\n<title>\u201cCon el 5G las empresas tender\u00e1n a virtualizarse\u201d - IMDEA Networks<\/title>\n<meta name=\"robots\" content=\"index, follow, max-snippet:-1, max-image-preview:large, max-video-preview:-1\" \/>\n<link rel=\"canonical\" href=\"https:\/\/networks.imdea.org\/es\/con-el-5g-las-empresas-tenderan-a-virtualizarse\/\" \/>\n<meta property=\"og:locale\" content=\"es_ES\" \/>\n<meta property=\"og:type\" content=\"article\" \/>\n<meta property=\"og:title\" content=\"\u201cCon el 5G las empresas tender\u00e1n a virtualizarse\u201d - IMDEA Networks\" \/>\n<meta property=\"og:description\" content=\"El director del Instituto IMDEA Networks y catedr\u00e1tico de la UC3M Arturo Azcorra ha sido entrevistado por la revista editada por INESE, acerca del presente y el futuro del 5G en Espa\u00f1a. Ha contado c\u00f3mo esta tecnolog\u00eda revolucionar\u00e1 las vidas de los ciudadanos y la variedad de ventajas que presenta. Azcorra subraya que \u201cdisponemos actualmente...\" \/>\n<meta property=\"og:url\" content=\"https:\/\/networks.imdea.org\/es\/con-el-5g-las-empresas-tenderan-a-virtualizarse\/\" \/>\n<meta property=\"og:site_name\" content=\"IMDEA Networks\" \/>\n<meta property=\"article:published_time\" content=\"2020-06-15T12:01:00+00:00\" \/>\n<meta property=\"article:modified_time\" content=\"2020-10-21T11:07:57+00:00\" \/>\n<meta property=\"og:image\" content=\"https:\/\/networks.imdea.org\/wp-content\/uploads\/2020\/07\/5g.png\" \/>\n\t<meta property=\"og:image:width\" content=\"700\" \/>\n\t<meta property=\"og:image:height\" content=\"400\" \/>\n\t<meta property=\"og:image:type\" content=\"image\/png\" \/>\n<meta name=\"author\" content=\"Marta Dorado\" \/>\n<meta name=\"twitter:card\" content=\"summary_large_image\" \/>\n<meta name=\"twitter:label1\" content=\"Escrito por\" \/>\n\t<meta name=\"twitter:data1\" content=\"Marta Dorado\" \/>\n\t<meta name=\"twitter:label2\" content=\"Tiempo de lectura\" \/>\n\t<meta name=\"twitter:data2\" content=\"4 minutos\" \/>\n<script type=\"application\/ld+json\" class=\"yoast-schema-graph\">{\"@context\":\"https:\\\/\\\/schema.org\",\"@graph\":[{\"@type\":\"Article\",\"@id\":\"https:\\\/\\\/networks.imdea.org\\\/es\\\/con-el-5g-las-empresas-tenderan-a-virtualizarse\\\/#article\",\"isPartOf\":{\"@id\":\"https:\\\/\\\/networks.imdea.org\\\/es\\\/con-el-5g-las-empresas-tenderan-a-virtualizarse\\\/\"},\"author\":{\"name\":\"Marta Dorado\",\"@id\":\"https:\\\/\\\/networks.imdea.org\\\/#\\\/schema\\\/person\\\/1dbef87c79bf3d3657cbd4cc6c129e74\"},\"headline\":\"\u201cCon el 5G las empresas tender\u00e1n a virtualizarse\u201d\",\"datePublished\":\"2020-06-15T12:01:00+00:00\",\"dateModified\":\"2020-10-21T11:07:57+00:00\",\"mainEntityOfPage\":{\"@id\":\"https:\\\/\\\/networks.imdea.org\\\/es\\\/con-el-5g-las-empresas-tenderan-a-virtualizarse\\\/\"},\"wordCount\":849,\"commentCount\":0,\"image\":{\"@id\":\"https:\\\/\\\/networks.imdea.org\\\/es\\\/con-el-5g-las-empresas-tenderan-a-virtualizarse\\\/#primaryimage\"},\"thumbnailUrl\":\"https:\\\/\\\/networks.imdea.org\\\/wp-content\\\/uploads\\\/2020\\\/07\\\/5g.png\",\"keywords\":[\"5G\",\"IMDEA Networks\",\"Innovation\",\"Internet\",\"Internet of Things (IoT)\",\"Mobile devices\",\"UC3M\",\"Wireless communications\"],\"articleSection\":[\"Noticias\"],\"inLanguage\":\"es\",\"potentialAction\":[{\"@type\":\"CommentAction\",\"name\":\"Comment\",\"target\":[\"https:\\\/\\\/networks.imdea.org\\\/es\\\/con-el-5g-las-empresas-tenderan-a-virtualizarse\\\/#respond\"]}]},{\"@type\":\"WebPage\",\"@id\":\"https:\\\/\\\/networks.imdea.org\\\/es\\\/con-el-5g-las-empresas-tenderan-a-virtualizarse\\\/\",\"url\":\"https:\\\/\\\/networks.imdea.org\\\/es\\\/con-el-5g-las-empresas-tenderan-a-virtualizarse\\\/\",\"name\":\"\u201cCon el 5G las empresas tender\u00e1n a virtualizarse\u201d - IMDEA Networks\",\"isPartOf\":{\"@id\":\"https:\\\/\\\/networks.imdea.org\\\/es\\\/#website\"},\"primaryImageOfPage\":{\"@id\":\"https:\\\/\\\/networks.imdea.org\\\/es\\\/con-el-5g-las-empresas-tenderan-a-virtualizarse\\\/#primaryimage\"},\"image\":{\"@id\":\"https:\\\/\\\/networks.imdea.org\\\/es\\\/con-el-5g-las-empresas-tenderan-a-virtualizarse\\\/#primaryimage\"},\"thumbnailUrl\":\"https:\\\/\\\/networks.imdea.org\\\/wp-content\\\/uploads\\\/2020\\\/07\\\/5g.png\",\"datePublished\":\"2020-06-15T12:01:00+00:00\",\"dateModified\":\"2020-10-21T11:07:57+00:00\",\"author\":{\"@id\":\"https:\\\/\\\/networks.imdea.org\\\/#\\\/schema\\\/person\\\/1dbef87c79bf3d3657cbd4cc6c129e74\"},\"breadcrumb\":{\"@id\":\"https:\\\/\\\/networks.imdea.org\\\/es\\\/con-el-5g-las-empresas-tenderan-a-virtualizarse\\\/#breadcrumb\"},\"inLanguage\":\"es\",\"potentialAction\":[{\"@type\":\"ReadAction\",\"target\":[[\"https:\\\/\\\/networks.imdea.org\\\/es\\\/con-el-5g-las-empresas-tenderan-a-virtualizarse\\\/\"]]}]},{\"@type\":\"ImageObject\",\"inLanguage\":\"es\",\"@id\":\"https:\\\/\\\/networks.imdea.org\\\/es\\\/con-el-5g-las-empresas-tenderan-a-virtualizarse\\\/#primaryimage\",\"url\":\"https:\\\/\\\/networks.imdea.org\\\/wp-content\\\/uploads\\\/2020\\\/07\\\/5g.png\",\"contentUrl\":\"https:\\\/\\\/networks.imdea.org\\\/wp-content\\\/uploads\\\/2020\\\/07\\\/5g.png\",\"width\":700,\"height\":400,\"caption\":\"5G\"},{\"@type\":\"BreadcrumbList\",\"@id\":\"https:\\\/\\\/networks.imdea.org\\\/es\\\/con-el-5g-las-empresas-tenderan-a-virtualizarse\\\/#breadcrumb\",\"itemListElement\":[{\"@type\":\"ListItem\",\"position\":1,\"name\":\"Home\",\"item\":\"https:\\\/\\\/networks.imdea.org\\\/es\\\/\"},{\"@type\":\"ListItem\",\"position\":2,\"name\":\"\u201cCon el 5G las empresas tender\u00e1n a virtualizarse\u201d\"}]},{\"@type\":\"WebSite\",\"@id\":\"https:\\\/\\\/networks.imdea.org\\\/es\\\/#website\",\"url\":\"https:\\\/\\\/networks.imdea.org\\\/es\\\/\",\"name\":\"IMDEA Networks\",\"description\":\"IMDEA Networks Multisite\",\"potentialAction\":[{\"@type\":\"SearchAction\",\"target\":{\"@type\":\"EntryPoint\",\"urlTemplate\":\"https:\\\/\\\/networks.imdea.org\\\/es\\\/?s={search_term_string}\"},\"query-input\":{\"@type\":\"PropertyValueSpecification\",\"valueRequired\":true,\"valueName\":\"search_term_string\"}}],\"inLanguage\":\"es\"},{\"@type\":\"Person\",\"@id\":\"https:\\\/\\\/networks.imdea.org\\\/#\\\/schema\\\/person\\\/1dbef87c79bf3d3657cbd4cc6c129e74\",\"name\":\"Marta Dorado\",\"image\":{\"@type\":\"ImageObject\",\"inLanguage\":\"es\",\"@id\":\"https:\\\/\\\/secure.gravatar.com\\\/avatar\\\/a6b289793dc91627659ec2e23425956502b6bd683dce1548a16e9ea0d40fecfb?s=96&d=mm&r=g\",\"url\":\"https:\\\/\\\/secure.gravatar.com\\\/avatar\\\/a6b289793dc91627659ec2e23425956502b6bd683dce1548a16e9ea0d40fecfb?s=96&d=mm&r=g\",\"contentUrl\":\"https:\\\/\\\/secure.gravatar.com\\\/avatar\\\/a6b289793dc91627659ec2e23425956502b6bd683dce1548a16e9ea0d40fecfb?s=96&d=mm&r=g\",\"caption\":\"Marta Dorado\"},\"url\":\"https:\\\/\\\/networks.imdea.org\\\/es\\\/author\\\/marta-doradoimdea-org\\\/\"}]}<\/script>\n<!-- \/ Yoast SEO plugin. -->","yoast_head_json":{"title":"\u201cCon el 5G las empresas tender\u00e1n a virtualizarse\u201d - IMDEA Networks","robots":{"index":"index","follow":"follow","max-snippet":"max-snippet:-1","max-image-preview":"max-image-preview:large","max-video-preview":"max-video-preview:-1"},"canonical":"https:\/\/networks.imdea.org\/es\/con-el-5g-las-empresas-tenderan-a-virtualizarse\/","og_locale":"es_ES","og_type":"article","og_title":"\u201cCon el 5G las empresas tender\u00e1n a virtualizarse\u201d - IMDEA Networks","og_description":"El director del Instituto IMDEA Networks y catedr\u00e1tico de la UC3M Arturo Azcorra ha sido entrevistado por la revista editada por INESE, acerca del presente y el futuro del 5G en Espa\u00f1a. Ha contado c\u00f3mo esta tecnolog\u00eda revolucionar\u00e1 las vidas de los ciudadanos y la variedad de ventajas que presenta. Azcorra subraya que \u201cdisponemos actualmente...","og_url":"https:\/\/networks.imdea.org\/es\/con-el-5g-las-empresas-tenderan-a-virtualizarse\/","og_site_name":"IMDEA Networks","article_published_time":"2020-06-15T12:01:00+00:00","article_modified_time":"2020-10-21T11:07:57+00:00","og_image":[{"width":700,"height":400,"url":"https:\/\/networks.imdea.org\/wp-content\/uploads\/2020\/07\/5g.png","type":"image\/png"}],"author":"Marta Dorado","twitter_card":"summary_large_image","twitter_misc":{"Escrito por":"Marta Dorado","Tiempo de lectura":"4 minutos"},"schema":{"@context":"https:\/\/schema.org","@graph":[{"@type":"Article","@id":"https:\/\/networks.imdea.org\/es\/con-el-5g-las-empresas-tenderan-a-virtualizarse\/#article","isPartOf":{"@id":"https:\/\/networks.imdea.org\/es\/con-el-5g-las-empresas-tenderan-a-virtualizarse\/"},"author":{"name":"Marta Dorado","@id":"https:\/\/networks.imdea.org\/#\/schema\/person\/1dbef87c79bf3d3657cbd4cc6c129e74"},"headline":"\u201cCon el 5G las empresas tender\u00e1n a virtualizarse\u201d","datePublished":"2020-06-15T12:01:00+00:00","dateModified":"2020-10-21T11:07:57+00:00","mainEntityOfPage":{"@id":"https:\/\/networks.imdea.org\/es\/con-el-5g-las-empresas-tenderan-a-virtualizarse\/"},"wordCount":849,"commentCount":0,"image":{"@id":"https:\/\/networks.imdea.org\/es\/con-el-5g-las-empresas-tenderan-a-virtualizarse\/#primaryimage"},"thumbnailUrl":"https:\/\/networks.imdea.org\/wp-content\/uploads\/2020\/07\/5g.png","keywords":["5G","IMDEA Networks","Innovation","Internet","Internet of Things (IoT)","Mobile devices","UC3M","Wireless communications"],"articleSection":["Noticias"],"inLanguage":"es","potentialAction":[{"@type":"CommentAction","name":"Comment","target":["https:\/\/networks.imdea.org\/es\/con-el-5g-las-empresas-tenderan-a-virtualizarse\/#respond"]}]},{"@type":"WebPage","@id":"https:\/\/networks.imdea.org\/es\/con-el-5g-las-empresas-tenderan-a-virtualizarse\/","url":"https:\/\/networks.imdea.org\/es\/con-el-5g-las-empresas-tenderan-a-virtualizarse\/","name":"\u201cCon el 5G las empresas tender\u00e1n a virtualizarse\u201d - IMDEA Networks","isPartOf":{"@id":"https:\/\/networks.imdea.org\/es\/#website"},"primaryImageOfPage":{"@id":"https:\/\/networks.imdea.org\/es\/con-el-5g-las-empresas-tenderan-a-virtualizarse\/#primaryimage"},"image":{"@id":"https:\/\/networks.imdea.org\/es\/con-el-5g-las-empresas-tenderan-a-virtualizarse\/#primaryimage"},"thumbnailUrl":"https:\/\/networks.imdea.org\/wp-content\/uploads\/2020\/07\/5g.png","datePublished":"2020-06-15T12:01:00+00:00","dateModified":"2020-10-21T11:07:57+00:00","author":{"@id":"https:\/\/networks.imdea.org\/#\/schema\/person\/1dbef87c79bf3d3657cbd4cc6c129e74"},"breadcrumb":{"@id":"https:\/\/networks.imdea.org\/es\/con-el-5g-las-empresas-tenderan-a-virtualizarse\/#breadcrumb"},"inLanguage":"es","potentialAction":[{"@type":"ReadAction","target":[["https:\/\/networks.imdea.org\/es\/con-el-5g-las-empresas-tenderan-a-virtualizarse\/"]]}]},{"@type":"ImageObject","inLanguage":"es","@id":"https:\/\/networks.imdea.org\/es\/con-el-5g-las-empresas-tenderan-a-virtualizarse\/#primaryimage","url":"https:\/\/networks.imdea.org\/wp-content\/uploads\/2020\/07\/5g.png","contentUrl":"https:\/\/networks.imdea.org\/wp-content\/uploads\/2020\/07\/5g.png","width":700,"height":400,"caption":"5G"},{"@type":"BreadcrumbList","@id":"https:\/\/networks.imdea.org\/es\/con-el-5g-las-empresas-tenderan-a-virtualizarse\/#breadcrumb","itemListElement":[{"@type":"ListItem","position":1,"name":"Home","item":"https:\/\/networks.imdea.org\/es\/"},{"@type":"ListItem","position":2,"name":"\u201cCon el 5G las empresas tender\u00e1n a virtualizarse\u201d"}]},{"@type":"WebSite","@id":"https:\/\/networks.imdea.org\/es\/#website","url":"https:\/\/networks.imdea.org\/es\/","name":"IMDEA Networks","description":"IMDEA Networks Multisite","potentialAction":[{"@type":"SearchAction","target":{"@type":"EntryPoint","urlTemplate":"https:\/\/networks.imdea.org\/es\/?s={search_term_string}"},"query-input":{"@type":"PropertyValueSpecification","valueRequired":true,"valueName":"search_term_string"}}],"inLanguage":"es"},{"@type":"Person","@id":"https:\/\/networks.imdea.org\/#\/schema\/person\/1dbef87c79bf3d3657cbd4cc6c129e74","name":"Marta Dorado","image":{"@type":"ImageObject","inLanguage":"es","@id":"https:\/\/secure.gravatar.com\/avatar\/a6b289793dc91627659ec2e23425956502b6bd683dce1548a16e9ea0d40fecfb?s=96&d=mm&r=g","url":"https:\/\/secure.gravatar.com\/avatar\/a6b289793dc91627659ec2e23425956502b6bd683dce1548a16e9ea0d40fecfb?s=96&d=mm&r=g","contentUrl":"https:\/\/secure.gravatar.com\/avatar\/a6b289793dc91627659ec2e23425956502b6bd683dce1548a16e9ea0d40fecfb?s=96&d=mm&r=g","caption":"Marta Dorado"},"url":"https:\/\/networks.imdea.org\/es\/author\/marta-doradoimdea-org\/"}]}},"_links":{"self":[{"href":"https:\/\/networks.imdea.org\/es\/wp-json\/wp\/v2\/posts\/12985","targetHints":{"allow":["GET"]}}],"collection":[{"href":"https:\/\/networks.imdea.org\/es\/wp-json\/wp\/v2\/posts"}],"about":[{"href":"https:\/\/networks.imdea.org\/es\/wp-json\/wp\/v2\/types\/post"}],"author":[{"embeddable":true,"href":"https:\/\/networks.imdea.org\/es\/wp-json\/wp\/v2\/users\/145"}],"replies":[{"embeddable":true,"href":"https:\/\/networks.imdea.org\/es\/wp-json\/wp\/v2\/comments?post=12985"}],"version-history":[{"count":1,"href":"https:\/\/networks.imdea.org\/es\/wp-json\/wp\/v2\/posts\/12985\/revisions"}],"predecessor-version":[{"id":12987,"href":"https:\/\/networks.imdea.org\/es\/wp-json\/wp\/v2\/posts\/12985\/revisions\/12987"}],"wp:featuredmedia":[{"embeddable":true,"href":"https:\/\/networks.imdea.org\/es\/wp-json\/wp\/v2\/media\/12986"}],"wp:attachment":[{"href":"https:\/\/networks.imdea.org\/es\/wp-json\/wp\/v2\/media?parent=12985"}],"wp:term":[{"taxonomy":"category","embeddable":true,"href":"https:\/\/networks.imdea.org\/es\/wp-json\/wp\/v2\/categories?post=12985"},{"taxonomy":"post_tag","embeddable":true,"href":"https:\/\/networks.imdea.org\/es\/wp-json\/wp\/v2\/tags?post=12985"}],"curies":[{"name":"wp","href":"https:\/\/api.w.org\/{rel}","templated":true}]}}